{"id":96282,"date":"2021-10-20T20:14:05","date_gmt":"2021-10-21T01:14:05","guid":{"rendered":"http:\/\/elcuartopoder.com.mx\/nw\/?p=96282"},"modified":"2021-10-20T20:14:07","modified_gmt":"2021-10-21T01:14:07","slug":"agreden-al-diputado-yucateco-elias-lixa-en-la-camara-de-diputados","status":"publish","type":"post","link":"http:\/\/elcuartopoder.com.mx\/nw\/politica\/agreden-al-diputado-yucateco-elias-lixa-en-la-camara-de-diputados\/","title":{"rendered":"Agreden al diputado yucateco El\u00edas Lixa en la C\u00e1mara de Diputados"},"content":{"rendered":"\n<p>La discusi\u00f3n en lo particular de la&nbsp;<strong>Miscel\u00e1nea Fiscal 2022<\/strong>&nbsp;se empantan\u00f3 en la C\u00e1mara de Diputados, que de 511 reservas s\u00f3lo hab\u00eda aprobado tres, todas de Morena. Adem\u00e1s, una ri\u00f1a oblig\u00f3 a un receso que concluy\u00f3 pasada la 1:00 de la madrugada, pero m\u00e1s tarde se decret\u00f3 nuevamente un receso para retomar la discusi\u00f3n a las 14:00 horas de este mi\u00e9rcoles.<\/p>\n\n\n\n<p>La sesi\u00f3n se trab\u00f3 luego de que la morenista Mar\u00eda Clemente Garc\u00eda pidi\u00f3 un a\u00f1o de plazo para revisar la limitaci\u00f3n a las deducciones fiscales de los donativos que reciben las organizaciones civiles. La Mesa Directiva desech\u00f3 la reserva al considerar que la votaci\u00f3n a mano alzada hab\u00eda sido en contra. Sin embargo, coordinadores de la oposici\u00f3n exigieron que el conteo se hiciera con tablero electr\u00f3nico. La negativa de la mesa a esto deriv\u00f3 en una discusi\u00f3n con los morenistas que calent\u00f3 los \u00e1nimos. Cuando se le cedi\u00f3 la palabra a\u00a0<strong>Mariana G\u00f3mez del Campo<\/strong>\u00a0para que subiera a tribuna, tambi\u00e9n lo hicieron diputados de Morena y del PAN, quienes forcejearon. Ante esto, se llam\u00f3 a un receso al filo de las 00:00 horas, que dur\u00f3 75 minutos. La sesi\u00f3n ya estaba tensa antes de la ri\u00f1a pues, aprovechando ausencias de Morena, se debati\u00f3 una reserva del PRI sobre las donatarias.\u00a0<strong>Margarita Zavala<\/strong>\u00a0la defendi\u00f3 en tribuna, pero los morenistas le dieron la espalda durante su intervenci\u00f3n.<\/p>\n\n\n\n<p><strong>Discusi\u00f3n por el ISR genera zafarrancho<\/strong><\/p>\n\n\n\n<p><em>En el debate de la miscel\u00e1nea fiscal s\u00f3lo hab\u00edan pasado tres modificaciones de las 511 reservas presentadas.<\/em><\/p>\n\n\n\n<p>Con cambios impulsados por Morena y sus aliados del Partido Verde y el PT, el pleno de la C\u00e1mara de Diputados aprob\u00f3 tres modificaciones en la Miscel\u00e1nea Fiscal 2022 de las 511 reservas presentadas, sin aceptar ninguna de la oposici\u00f3n del PAN, PRI, PRD y MC, y continu\u00f3 la discusi\u00f3n de reservas.<\/p>\n\n\n\n<p>Sin embargo, el presidente de la Mesa Directiva de San L\u00e1zaro, Sergio Guti\u00e9rrez Luna (Morena), suspendi\u00f3 pasadas las cero horas de hoy el debate, ante los jaloneos, gritos y empellones de morenistas y panistas.&nbsp;<\/p>\n\n\n\n<p>El receso dur\u00f3 75 minutos y se esperaba un largo debate de al menos cuatro horas.<\/p>\n\n\n\n<p>Previo a los golpes que obligaron al receso, los coordinadores de Morena, Ignacio Mier, y del PVEM, Carlos Puente, se hab\u00edan opuesto al reclamo de sus pares del PAN, Jorge Romero, y de Movimiento Ciudadano, Jorge \u00c1lvarez Maynez, que reclamaban el conteo de la votaci\u00f3n en el tablero electr\u00f3nico sobre la propuesta de la diputada morenista Mar\u00eda Clemente Garc\u00eda Moreno.<\/p>\n\n\n\n<p>La cr\u00edtica en tribuna de la diputada trans a la limitaci\u00f3n fiscal en los donativos a Organizaciones de la Sociedad Civil (OSC) en 2022 fue la que dio paso al encontronazo entre los coordinadores.<\/p>\n\n\n\n<p>La intervenci\u00f3n de la legisladora en favor de las OSC y con el llamado a darse un a\u00f1o de plazo para revisar la situaci\u00f3n de deducibilidad se sum\u00f3 a los 42 diputados de oposici\u00f3n que previamente hab\u00edan impugnado el art\u00edculo 155 de la ley del ISR, cuya reforma restar\u00e1 a las donaciones m\u00e1s de 8 mil millones de pesos.<\/p>\n\n\n\n<p>Garc\u00eda Moreno comparti\u00f3 su testimonio de que como portadora de VIH ha sido beneficiaria de los servicios y medicamentos que ofrecen las organizaciones de la sociedad civil, en contraste con la ausencia del Estado.<\/p>\n\n\n\n<p>La Mesa Directiva desech\u00f3 la reserva al considerar que la votaci\u00f3n econ\u00f3mica, a mano alzada, hab\u00eda sido en contra. Fue entonces que la oposici\u00f3n presion\u00f3 para usar el conteo electr\u00f3nico.<\/p>\n\n\n\n<p>Cuando subi\u00f3 a tribuna la panista Mariana G\u00f3mez del Campo tambi\u00e9n lo hicieron diputados de Morena y del PAN, quienes forcejearon y el presidente de la C\u00e1mara tuvo que llamar a receso.<\/p>\n\n\n\n<p>Hubo golpes, aventones y jaloneos en la tribuna, que no pasaron a mayores.<\/p>\n\n\n\n<p>Seg\u00fan el vicecoordinador de la bancada del PAN, Jorge Triana, fue el diputado morenista Alejandro Robles G\u00f3mez quien, con aliento alcoh\u00f3lico, inici\u00f3 el pleito al empujar al panista El\u00edas Lixa.<\/p>\n\n\n\n<p>La bancada de Morena acus\u00f3 al diputado del PAN, Arturo Espadas, de haber iniciado los jaloneos y difundi\u00f3 un video en el que subtitula con esos se\u00f1alamientos una imagen en la que se observa al panista en medio de los empellones.<\/p>\n\n\n\n<p><strong>Violencia contra Margarita Zavala<\/strong><\/p>\n\n\n\n<p>Para apoyar la propuesta de la priista subi\u00f3 a tribuna la panista Margarita Zavala, con sus compa\u00f1eros de bancada y en medio de gritos de Morena quienes hac\u00edan alusi\u00f3n a la tragedia de la Guarder\u00eda ABC grit\u00e1ndole \u201ctraidora, fuera, ABC\u201d y terminaron d\u00e1ndole la espalda.&nbsp; La panista les respondi\u00f3: \u201cLe dan la espalda a los ni\u00f1os con c\u00e1ncer\u201d.<\/p>\n\n\n\n<p>El petista Gerardo Fern\u00e1ndez Noro\u00f1a la responsabiliz\u00f3 de la gesti\u00f3n de su esposo el expresidente Felipe Calder\u00f3n. El coordinador de MC, Jorge \u00c1lvarez Maynez, acus\u00f3 a Fern\u00e1ndez Noro\u00f1a de violencia pol\u00edtica de g\u00e9nero.<\/p>\n\n\n\n<p>Al inicio de la sesi\u00f3n marat\u00f3nica, el coordinador de Morena, Ignacio Mier, anunci\u00f3 que s\u00f3lo se aceptar\u00edan entre 4 y 5 reservas de su bancada y aliados, y dijo que se impulsar\u00edan modificaciones a la propuesta de la incorporaci\u00f3n de j\u00f3venes de 18 a\u00f1os en el Registro Federal de Contribuyentes (RFC) para puntualizar que aquellos que no tienen actividad econ\u00f3mica no tendr\u00e1n que ser requeridos por ninguna autoridad fiscal.<\/p>\n\n\n\n<p><strong>Condenan actos de violencia<\/strong><\/p>\n\n\n\n<p>A trav\u00e9s de un comunicado, el coordinador de la bancada priista, Rub\u00e9n Moreira Valdez, conden\u00f3 \u201clos actos de violencia pol\u00edtica de g\u00e9nero y f\u00edsica que esta noche han ejecutado el partido de Morena y sus aliados, dando muestras de incapacidad para discutir y de insensibilidad para escuchar a la oposici\u00f3n, que tambi\u00e9n representa a un amplio porcentaje de los mexicanos\u201d.<\/p>\n\n\n\n<p>Llamaron \u201cal partido oficial y sus aliados para que se conduzcan con profesionalismo\u201d.<\/p>\n\n\n\n<p>En respuesta a las acusaciones del PAN, el morenista Manuel Alejandro Robles dijo que \u201clo \u00fanico que hizo fue desplazar al diputado El\u00edas Lixa, tom\u00e1ndolo del torso, porque lleg\u00f3 violentamente a empujar a la diputada de Morena Irma Juan Carlos\u201d<\/p>\n\n\n\n<p>Neg\u00f3 que haya ingerido alcohol y revir\u00f3 que \u201cpodr\u00edan ser los diputados del PAN, Lixa y Jorge Espadas, quienes debieran pasar el alcohol\u00edmetro porque fueron muy violentos con la diputada Irma\u201d.<\/p>\n\n\n\n<p><strong>Fuente: <\/strong>marcrixnoticias<\/p>\n","protected":false},"excerpt":{"rendered":"<p>La discusi\u00f3n en lo particular de la&nbsp;Miscel\u00e1nea Fiscal 2022&nbsp;se empantan\u00f3 en la C\u00e1mara de Diputados, que de 511 reservas s\u00f3lo hab\u00eda aprobado tres, todas de Morena. Adem\u00e1s, una ri\u00f1a oblig\u00f3 a un receso que concluy\u00f3 pasada la 1:00 de la madrugada, pero m\u00e1s tarde se decret\u00f3 nuevamente un receso para retomar la discusi\u00f3n a las [&hellip;]<\/p>\n","protected":false},"author":2,"featured_media":96283,"comment_status":"open","ping_status":"open","sticky":false,"template":"","format":"standard","meta":{"footnotes":""},"categories":[61],"tags":[],"class_list":["post-96282","post","type-post","status-publish","format-standard","has-post-thumbnail","hentry","category-politica"],"_links":{"self":[{"href":"http:\/\/elcuartopoder.com.mx\/nw\/wp-json\/wp\/v2\/posts\/96282","targetHints":{"allow":["GET"]}}],"collection":[{"href":"http:\/\/elcuartopoder.com.mx\/nw\/wp-json\/wp\/v2\/posts"}],"about":[{"href":"http:\/\/elcuartopoder.com.mx\/nw\/wp-json\/wp\/v2\/types\/post"}],"author":[{"embeddable":true,"href":"http:\/\/elcuartopoder.com.mx\/nw\/wp-json\/wp\/v2\/users\/2"}],"replies":[{"embeddable":true,"href":"http:\/\/elcuartopoder.com.mx\/nw\/wp-json\/wp\/v2\/comments?post=96282"}],"version-history":[{"count":1,"href":"http:\/\/elcuartopoder.com.mx\/nw\/wp-json\/wp\/v2\/posts\/96282\/revisions"}],"predecessor-version":[{"id":96284,"href":"http:\/\/elcuartopoder.com.mx\/nw\/wp-json\/wp\/v2\/posts\/96282\/revisions\/96284"}],"wp:featuredmedia":[{"embeddable":true,"href":"http:\/\/elcuartopoder.com.mx\/nw\/wp-json\/wp\/v2\/media\/96283"}],"wp:attachment":[{"href":"http:\/\/elcuartopoder.com.mx\/nw\/wp-json\/wp\/v2\/media?parent=96282"}],"wp:term":[{"taxonomy":"category","embeddable":true,"href":"http:\/\/elcuartopoder.com.mx\/nw\/wp-json\/wp\/v2\/categories?post=96282"},{"taxonomy":"post_tag","embeddable":true,"href":"http:\/\/elcuartopoder.com.mx\/nw\/wp-json\/wp\/v2\/tags?post=96282"}],"curies":[{"name":"wp","href":"https:\/\/api.w.org\/{rel}","templated":true}]}}