{"id":96299,"date":"2021-10-20T21:07:40","date_gmt":"2021-10-21T02:07:40","guid":{"rendered":"http:\/\/elcuartopoder.com.mx\/nw\/?p=96299"},"modified":"2021-10-20T21:07:42","modified_gmt":"2021-10-21T02:07:42","slug":"kalimba-vuelve-a-chetumal-la-ciudad-no-esta-marcada-para-mi","status":"publish","type":"post","link":"http:\/\/elcuartopoder.com.mx\/nw\/entretenimiento\/espectaculos\/kalimba-vuelve-a-chetumal-la-ciudad-no-esta-marcada-para-mi\/","title":{"rendered":"KALIMBA VUELVE A CHETUMAL: \u00abLA CIUDAD NO EST\u00c1 MARCADA PARA M\u00cd\u00bb"},"content":{"rendered":"\n<p><strong>El cantante regresa a un concierto ac\u00fastico en el mismo lugar donde hace 10 a\u00f1os fue se\u00f1alado de abuso sexual<\/strong><\/p>\n\n\n\n<p> <br>Uno de los episodios m\u00e1s dif\u00edciles en la carrera de <a rel=\"noreferrer noopener\" href=\"https:\/\/www.eluniversal.com.mx\/espectaculos\" target=\"_blank\"><strong>Kalimba\u00a0<\/strong><\/a>sucedi\u00f3 hace 10 a\u00f1os, cuando en diciembre del 2010, luego de presentarse en un centro nocturno de\u00a0<a rel=\"noreferrer noopener\" href=\"https:\/\/www.eluniversal.com.mx\/\" target=\"_blank\"><strong>Chetumal\u00a0<\/strong><\/a>como DJ, una mujer, de entonces 17 a\u00f1os, lo denunci\u00f3 por<strong>\u00a0<a rel=\"noreferrer noopener\" href=\"https:\/\/www.eluniversal.com.mx\/minuto-x-minuto\" target=\"_blank\">abuso sexual<\/a><\/strong>.<\/p>\n\n\n\n<p><strong>Daiana Guzm\u00e1n<\/strong>, quien fue edec\u00e1n durante el evento, declar\u00f3 a las autoridades de Quintana Roo que el cantante la llev\u00f3 a su hotel y la viol\u00f3, por esta raz\u00f3n el integrante de&nbsp;<strong>OV7&nbsp;<\/strong>fue enjuiciado y estuvo preso por una semana en medio de un proceso lleno de contradicciones, mismo que finalmente fue desestimado y \u00e9l sali\u00f3 libre despu\u00e9s de que no se encontraron pruebas para inculparlo.<\/p>\n\n\n\n<p>Ahora, en el retorno de los conciertos con p\u00fablico presencial luego de la\u00a0<strong>pandemia<\/strong>, Kalimba incluy\u00f3 entre sus presentaciones a Chetumal para volver a cantar con el p\u00fablico de ese lugar, porque asegura no es un sitio que trate de evitar.<\/p>\n\n\n\n<p>\u00abLa ciudad no est\u00e1 marcada para m\u00ed, es una ciudad preciosa que disfruto y que las veces que me inviten yo estar\u00e9 ah\u00ed\u00bb, afirm\u00f3 el cantante en entrevista a EL UNIVERSAL.&nbsp;<\/p>\n\n\n\n<p>La presentaci\u00f3n ser\u00e1 el pr\u00f3ximo 27 de noviembre con un show ac\u00fastico que tambi\u00e9n compartir\u00e1 en otras ciudades como Guadalajara, Puebla y M\u00e9rida.&nbsp;Tras el esc\u00e1ndalo el int\u00e9rprete de \u00abTocando fondo\u00bb retom\u00f3 su carrera y hoy est\u00e1 promocionando su nuevo disco \u00ab6PM\u00bb.<\/p>\n\n\n\n<p>\u00abEn el pasado ya hab\u00eda regresado (a Chetumal) fui de DJ tres veces y a cantar dos veces, incluso me hab\u00edan invitado a un festival, que no se hizo, pero yo estaba m\u00e1s que puesto\u00bb, se\u00f1al\u00f3.<\/p>\n\n\n\n<p>Durante esta \u00e9poca de confinamiento por el Covid-19 impuls\u00f3 su carrera como productor, con ARK records, que asegura es un proyecto que ha sobrevivido a muchos inconvenientes con la misi\u00f3n de dar oportunidad a cantantes emergentes.<\/p>\n\n\n\n<p>Por: Nicol Trejo\/  Foto: Instagram Kalimba <\/p>\n","protected":false},"excerpt":{"rendered":"<p>El cantante regresa a un concierto ac\u00fastico en el mismo lugar donde hace 10 a\u00f1os fue se\u00f1alado de abuso sexual Uno de los episodios m\u00e1s dif\u00edciles en la carrera de Kalimba\u00a0sucedi\u00f3 hace 10 a\u00f1os, cuando en diciembre del 2010, luego de presentarse en un centro nocturno de\u00a0Chetumal\u00a0como DJ, una mujer, de entonces 17 a\u00f1os, lo [&hellip;]<\/p>\n","protected":false},"author":2,"featured_media":96300,"comment_status":"open","ping_status":"open","sticky":false,"template":"","format":"standard","meta":{"footnotes":""},"categories":[11],"tags":[],"class_list":["post-96299","post","type-post","status-publish","format-standard","has-post-thumbnail","hentry","category-espectaculos"],"_links":{"self":[{"href":"http:\/\/elcuartopoder.com.mx\/nw\/wp-json\/wp\/v2\/posts\/96299","targetHints":{"allow":["GET"]}}],"collection":[{"href":"http:\/\/elcuartopoder.com.mx\/nw\/wp-json\/wp\/v2\/posts"}],"about":[{"href":"http:\/\/elcuartopoder.com.mx\/nw\/wp-json\/wp\/v2\/types\/post"}],"author":[{"embeddable":true,"href":"http:\/\/elcuartopoder.com.mx\/nw\/wp-json\/wp\/v2\/users\/2"}],"replies":[{"embeddable":true,"href":"http:\/\/elcuartopoder.com.mx\/nw\/wp-json\/wp\/v2\/comments?post=96299"}],"version-history":[{"count":1,"href":"http:\/\/elcuartopoder.com.mx\/nw\/wp-json\/wp\/v2\/posts\/96299\/revisions"}],"predecessor-version":[{"id":96301,"href":"http:\/\/elcuartopoder.com.mx\/nw\/wp-json\/wp\/v2\/posts\/96299\/revisions\/96301"}],"wp:featuredmedia":[{"embeddable":true,"href":"http:\/\/elcuartopoder.com.mx\/nw\/wp-json\/wp\/v2\/media\/96300"}],"wp:attachment":[{"href":"http:\/\/elcuartopoder.com.mx\/nw\/wp-json\/wp\/v2\/media?parent=96299"}],"wp:term":[{"taxonomy":"category","embeddable":true,"href":"http:\/\/elcuartopoder.com.mx\/nw\/wp-json\/wp\/v2\/categories?post=96299"},{"taxonomy":"post_tag","embeddable":true,"href":"http:\/\/elcuartopoder.com.mx\/nw\/wp-json\/wp\/v2\/tags?post=96299"}],"curies":[{"name":"wp","href":"https:\/\/api.w.org\/{rel}","templated":true}]}}