{"id":96368,"date":"2021-10-21T16:59:26","date_gmt":"2021-10-21T21:59:26","guid":{"rendered":"http:\/\/elcuartopoder.com.mx\/nw\/?p=96368"},"modified":"2021-10-21T16:59:27","modified_gmt":"2021-10-21T21:59:27","slug":"jan-ullrich-vuelve-a-la-vida","status":"publish","type":"post","link":"http:\/\/elcuartopoder.com.mx\/nw\/entretenimiento\/deportes\/jan-ullrich-vuelve-a-la-vida\/","title":{"rendered":"Jan Ullrich vuelve a la vida"},"content":{"rendered":"\n<p>A los 47 a\u00f1os Jan Ullrich ofrece una imagen in\u00e9dita de s\u00ed mismo. En una terraza soleada de Par\u00eds posa despreocupado y feliz junto al vencedor prodigio de dos Tour de Francia, Tadej Pogacar. Viste sudadera burdeos con capucha al estilo juvenil, abraza con fuerza al esloveno y lo se\u00f1ala con el dedo \u00edndice, pulgar hacia arriba, en gesto c\u00f3mplice y sonriente. El tipo de fotograf\u00eda que nunca se le vio cuando era un pope del ciclismo, un elegido por la naturaleza para grandes proyectos. Y mucho menos en los \u00faltimos tiempos, cuando, retirado prematuramente del pelot\u00f3n, rod\u00f3 al borde de todos los precipicios habidos y por haber, adicto a las drogas y al alcohol, residente en centros de desintoxicaci\u00f3n y candidato a prorrogar la secuencia de juguetes rotos en el ciclismo, Chava Jim\u00e9nez, Marco Pantani, Frank Vandenbroucke. Ullrich, ganador del Tour de Francia 1997, cinco veces m\u00e1s en el podio de los Campos El\u00edseos, ha vuelto a la vida. Superado su calvario, participa este domingo en una prueba cicloturista, la Mallorca 312.<\/p>\n\n\n\n<p>En la foto con Pogacar, Ullrich no representa lo que fue. Un completo desconocido para sus coet\u00e1neos ciclistas, un tipo huidizo que solo hablaba alem\u00e1n y chapoteaba en el ruso, herencia de una educaci\u00f3n esclava en\u00a0<strong>Rostock, ciudad portuaria de la antigua Alemania Democr\u00e1tica y comunista<\/strong>. Separado de su familia desde que era un ni\u00f1o, adiestrado por los antiguos entrenadores del Tel\u00f3n de Acero, esos que le golpeaban en la espalda con una vara para que la mantuviese erguida en la bicicleta, Ullrich creci\u00f3 entre la soledad y la atm\u00f3sfera gris del deporte concebido como una extensi\u00f3n del estado.<\/p>\n\n\n\n<p>Seg\u00fan la opini\u00f3n de muchos preparadores del ciclismo de la \u00e9poca, tuvo la mejor gen\u00e9tica para practicar un deporte de resistencia como el ciclismo. \u00ab<strong>Era potencia bruta, pura fuerza de la naturaleza -observa Fernando Escart\u00edn<\/strong>, que fue rival en el Tour-. Contador o Armstrong se mov\u00edan con otra agilidad, Ullrich era una bestia de m\u00fasculos\u00bb.<\/p>\n\n\n\n<p>Con 23 a\u00f1os gan\u00f3 el Tour. Y ya pudo elevarse por encima de todos sus competidores el a\u00f1o anterior, 1996, el Tour que perdi\u00f3 Indur\u00e1in y que gan\u00f3 Riis con Ullrich ejerciendo como su seguro servidor en el Telekom. El alem\u00e1n casi vence en su debut con 22 a\u00f1os. Para el recuerdo queda su descomunal&nbsp;<strong>exhibici\u00f3n de potencia en el Tour 97 en Ordino Arcal\u00eds<\/strong>, la estaci\u00f3n de Andorra donde Ullrich absorbi\u00f3 a todos sus enemigos como una aspiradora, sin levantarse del sill\u00edn.<\/p>\n\n\n\n<p>Llamado a ser la nueva providencia del ciclismo, descubri\u00f3 pronto su debilidad. Era fr\u00e1gil mentalmente. Las adversidades le pod\u00edan, Pantani le machac\u00f3 en el Tour 98 en el Galibier, y Armstrong, el hombre enamorado de s\u00ed mismo, lo destroz\u00f3 durante siete a\u00f1os seguidos en los a\u00f1os de plomo del ciclismo. La cultura del dopaje que dej\u00f3 desierto el palmar\u00e9s del Tour desde 1999 a 2005.<\/p>\n\n\n\n<p>\u00ab<strong>Era muy, muy introvertido,<\/strong>&nbsp;solo hablaba en alem\u00e1n con los de su equipo\u00bb, recuerda Escart\u00edn a ABC. \u00abNo s\u00e9 si llegu\u00e9 a cruzar alguna vez con \u00e9l m\u00e1s de cuatro palabras\u00bb. Joseba Beloki, que comparti\u00f3 podio con \u00e9l y Armstrong, coincide. \u00abEra muy correcto, educado y disciplinado. Pero hablaba poqu\u00edsimo, casi nada\u00bb.<\/p>\n\n\n\n<p>\u00abYo creo que era su&nbsp;<strong>mentalidad y educaci\u00f3n sovi\u00e9tica<\/strong>\u00bb, incide Escart\u00edn. \u00abEra muy met\u00f3dico, muy calculador, era diferente a los ciclistas espa\u00f1oles, italianos o franceses\u00bb.<\/p>\n\n\n\n<p>Sus vaivenes con el peso fueron legendarios. Se presentaba en la Challenge de Mallorca, febrero, con diez kilos de m\u00e1s y voluminosas lorzas. \u00abPero sab\u00edamos que en el Tour iba a perder esos kilos y estar\u00eda en l\u00ednea para pelear por la victoria\u00bb, dice Escart\u00edn.<\/p>\n\n\n\n<p><strong>A partir del dopaje Ullrich comenz\u00f3 su ca\u00edda libre.<\/strong>&nbsp;Un hombre solo por el barranco. La operaci\u00f3n Puerto destap\u00f3 su alianza con Eufemiano Fuentes, el doctor millonario con la sangre de los ciclistas que lo consider\u00f3 en su lenguaje en clave como \u2018n\u00famero 1\u2019 o \u2018hijo de Rudicio\u2019 por su vinculaci\u00f3n con Rudy Pevenage, el t\u00e9cnico del Telekom. Ullrich se retir\u00f3 medio solo, como solo estuvo siempre, unos d\u00edas despu\u00e9s del estallido de la Puerto. Solo ten\u00eda 33 a\u00f1os.<\/p>\n\n\n\n<p>Sumido en el descr\u00e9dito de su pa\u00eds, cuya televisi\u00f3n se neg\u00f3 a retransmitir el Tour durante muchos veranos, Ullrich se precipit\u00f3 hacia el alcohol y las drogas. Padre de tres hijos, separado de su segunda mujer con una depresi\u00f3n a cuestas, el exciclista empez\u00f3 a protagonizar cr\u00f3nicas de sucesos.&nbsp;<strong>Fue detenido en Mallorca por saltar la valla<\/strong>&nbsp;en allanamiento de morada del actor alem\u00e1n Tim Schweiger. \u00c9ste declar\u00f3 ante el juez que Ullrich le habr\u00eda confesado tener una receta para tomar coca\u00edna. \u00abCuando lo dej\u00f3 con su mujer, comenz\u00f3 a consumir anfetaminas y solo dorm\u00eda dos horas\u00bb.<\/p>\n\n\n\n<p>Una semana despu\u00e9s, la polic\u00eda lo detuvo por golpear y\u00a0<strong>casi asfixiar a una prostituta en Fr\u00e1ncfort<\/strong>. Los desmanes y el alcohol lo llevaron a una cl\u00ednica de rehabilitaci\u00f3n, tal vez gracias al \u00fanico amigo que le quedaba, el exprofesional Marcel Wust, con el que hab\u00eda montado un negocio de c\u00e1maras de hipoxia. En los \u00faltimos tiempos, Armstrong acudi\u00f3 en modo salvador a ayudar a su rival. En la escalera de sus cenizas, con la visi\u00f3n de Pantani muerto solo en un hotel, Ullrich se ha levantado. Ha vuelto a la vida. Y este domingo, con Indur\u00e1in, Beloki, Freire o Contador, quiere recuperar la sonrisa de la foto con Pogacar.<\/p>\n\n\n\n<p><strong>Fuente:<\/strong> ABC<\/p>\n","protected":false},"excerpt":{"rendered":"<p>A los 47 a\u00f1os Jan Ullrich ofrece una imagen in\u00e9dita de s\u00ed mismo. En una terraza soleada de Par\u00eds posa despreocupado y feliz junto al vencedor prodigio de dos Tour de Francia, Tadej Pogacar. Viste sudadera burdeos con capucha al estilo juvenil, abraza con fuerza al esloveno y lo se\u00f1ala con el dedo \u00edndice, pulgar [&hellip;]<\/p>\n","protected":false},"author":2,"featured_media":96369,"comment_status":"open","ping_status":"open","sticky":false,"template":"","format":"standard","meta":{"footnotes":""},"categories":[7],"tags":[],"class_list":["post-96368","post","type-post","status-publish","format-standard","has-post-thumbnail","hentry","category-deportes"],"_links":{"self":[{"href":"http:\/\/elcuartopoder.com.mx\/nw\/wp-json\/wp\/v2\/posts\/96368","targetHints":{"allow":["GET"]}}],"collection":[{"href":"http:\/\/elcuartopoder.com.mx\/nw\/wp-json\/wp\/v2\/posts"}],"about":[{"href":"http:\/\/elcuartopoder.com.mx\/nw\/wp-json\/wp\/v2\/types\/post"}],"author":[{"embeddable":true,"href":"http:\/\/elcuartopoder.com.mx\/nw\/wp-json\/wp\/v2\/users\/2"}],"replies":[{"embeddable":true,"href":"http:\/\/elcuartopoder.com.mx\/nw\/wp-json\/wp\/v2\/comments?post=96368"}],"version-history":[{"count":1,"href":"http:\/\/elcuartopoder.com.mx\/nw\/wp-json\/wp\/v2\/posts\/96368\/revisions"}],"predecessor-version":[{"id":96370,"href":"http:\/\/elcuartopoder.com.mx\/nw\/wp-json\/wp\/v2\/posts\/96368\/revisions\/96370"}],"wp:featuredmedia":[{"embeddable":true,"href":"http:\/\/elcuartopoder.com.mx\/nw\/wp-json\/wp\/v2\/media\/96369"}],"wp:attachment":[{"href":"http:\/\/elcuartopoder.com.mx\/nw\/wp-json\/wp\/v2\/media?parent=96368"}],"wp:term":[{"taxonomy":"category","embeddable":true,"href":"http:\/\/elcuartopoder.com.mx\/nw\/wp-json\/wp\/v2\/categories?post=96368"},{"taxonomy":"post_tag","embeddable":true,"href":"http:\/\/elcuartopoder.com.mx\/nw\/wp-json\/wp\/v2\/tags?post=96368"}],"curies":[{"name":"wp","href":"https:\/\/api.w.org\/{rel}","templated":true}]}}