{"id":96371,"date":"2021-10-21T17:01:56","date_gmt":"2021-10-21T22:01:56","guid":{"rendered":"http:\/\/elcuartopoder.com.mx\/nw\/?p=96371"},"modified":"2021-10-21T17:01:57","modified_gmt":"2021-10-21T22:01:57","slug":"la-misteriosa-muerte-del-hijo-de-rockefeller-fue-despedazado-y-devorado-por-canibales","status":"publish","type":"post","link":"http:\/\/elcuartopoder.com.mx\/nw\/varios\/la-misteriosa-muerte-del-hijo-de-rockefeller-fue-despedazado-y-devorado-por-canibales\/","title":{"rendered":"La misteriosa muerte del hijo de Rockefeller: \u00abFue despedazado y devorado por can\u00edbales\u00bb"},"content":{"rendered":"\n<p>Gafillas de pasta negra a la moda de los sesenta, barbita de d\u00eda y medio \u2013pelusilla m\u00e1s bien, al menos cuando no andaba de expedici\u00f3n\u2013 y unas entradas incipientes de esas que se tratan de esconder con el flequillo de medio lado.\u00a0<strong>Michael<\/strong>, el benjam\u00edn del entonces gobernador de Nueva York y futuro presidente\u00a0<strong>Nelson Rockefeller<\/strong>, ten\u00eda la estampa de un ni\u00f1o bien. Lo l\u00f3gico para el\u00a0heredero de una de las familias m\u00e1s influyentes de los Estados Unidos. En lo que romp\u00eda con su estirpe era en su cuasi obsesi\u00f3n por lo desconocido. Su curr\u00edculum lo demuestra, pues se hab\u00eda graduado en\u00a0<strong>Arqueolog\u00eda y Econom\u00eda por la Universidad de Harvard<\/strong>.<\/p>\n\n\n\n<p>Para su desgracia, ese amor por el mundo natural fue el que le cost\u00f3 la vida en 1961. A finales de noviembre \u2013pronto se cumplir\u00e1n sesenta a\u00f1os\u2013, el bueno de Michael desapareci\u00f3 mientras se hallaba de expedici\u00f3n en la costa sur de&nbsp;<strong>Nueva Guinea<\/strong>. Sus objetivos: estudiar a una tribu perdida, los&nbsp;<strong>asmat<\/strong>, e intentar hacerse con algunas de sus piezas art\u00edsticas para el&nbsp;<strong>Museo de Arte Primitivo&nbsp;<\/strong>fundado una d\u00e9cada atr\u00e1s por su padre. A partir de entonces comenz\u00f3 un misterio que se extiende hasta la actualidad: \u00bfc\u00f3mo falleci\u00f3 el hijo m\u00e1s joven de&nbsp;<strong>Nelson Rockefeller<\/strong>? La versi\u00f3n m\u00e1s extendida es que se ahog\u00f3, aunque ABC public\u00f3 en 1971 que hab\u00eda sido devorado por can\u00edbales.<\/p>\n\n\n\n<h3 class=\"wp-block-heading\">Coraz\u00f3n aguerrido<\/h3>\n\n\n\n<p>Michael vino al mundo un 18 de mayo de 1938 en los Estados Unidos y, desde su infancia, ya destacaba por su alta capacidad de estudio. Poco despu\u00e9s de su desaparici\u00f3n, ABC resumi\u00f3 de esta guisa su vida: \u00ab<strong>Miguel Rockefeller<\/strong>&nbsp;es uno de los cinco hijos de&nbsp;<strong>Nelson Rockefeller<\/strong>&nbsp;y gemelo de su hermana&nbsp;<strong>Mar\u00eda<\/strong>, nacidos en 1938. Es soltero, se gradu\u00f3 en la Universidad de Harvard y prest\u00f3 servicio en el Ej\u00e9rcito\u00bb. La fundaci\u00f3n que mantiene su familia en la actualidad afirma que siempre demostr\u00f3 cierta atracci\u00f3n por el mundo salvaje. Era, en definitiva, un naturalista de libro: independiente de esp\u00edritu, entusiasta de lo desconocido y aventurero en extremo.<\/p>\n\n\n\n<p>Aquel car\u00e1cter le empuj\u00f3 a viajar hasta Nueva Guinea en 1961 en el marco de una expedici\u00f3n para el&nbsp;<strong>Museo Peabody de Arqueolog\u00eda y Etnolog\u00eda de Harvard<\/strong>. En ese ambiente se sent\u00eda \u00fatil. Sin embargo, ese mismo esp\u00edritu indomable le hizo abandonar al grupo durante algunos d\u00edas para estudiar la forma de vida de los asmat. La tribu albergaba una riqueza cultural dif\u00edcil de creer para la \u00e9poca y apenas hab\u00eda tenido contacto con el ser humano moderno, pero sus integrantes tambi\u00e9n contaban con unas tradiciones escalofriantes. \u00abEran&nbsp;<strong>cazadores de cabezas&nbsp;<\/strong>que devoraban los cerebros de sus enemigos mezclados con gusanos y dorm\u00edan sobre cr\u00e1neos\u00bb, explica&nbsp;<strong>Manuel Mor\u00f3s Pe\u00f1a<\/strong>&nbsp;en \u2018<strong>Historia cultural del canibalismo<\/strong>\u2019.<\/p>\n\n\n\n<p>Rockefeller regres\u00f3 a Estados Unidos, pero qued\u00f3 prendado de aquella tribu por muchas causas. Entre ellas, las ricas piezas de arte que ten\u00edan en su poder. As\u00ed, por una mezcla de inquietud cultural y necesidad de hacerse con estos peque\u00f1os tesoros para el museo de su padre, decidi\u00f3 regresar en septiembre a Nueva Guinea. ABC lo explic\u00f3 de forma educada: \u00abSe enrol\u00f3 en una expedici\u00f3n arqueol\u00f3gica que realizaba estudios en el interior de la regi\u00f3n\u00bb. \u00c9l afirm\u00f3 que pretend\u00eda rodar un documental junto al holand\u00e9s&nbsp;<strong>M. S. Wassink.<\/strong>&nbsp;La realidad, sin embargo, era que navegaba entre el inter\u00e9s econ\u00f3mico y el cient\u00edfico. Sea por la raz\u00f3n que fuese, la pareja recorri\u00f3 durante dos meses la costa para visitar a las poblaciones locales.<\/p>\n\n\n\n<h3 class=\"wp-block-heading\">Tragedia en Nueva Guinea<\/h3>\n\n\n\n<p>Y de ah\u00ed, a la escena final de esta tragedia. La pesadilla para Michael empez\u00f3 ese&nbsp;<strong>18 de noviembre de 1961<\/strong>, mientras remontaba un r\u00edo con su colega. All\u00ed desapareci\u00f3 por culpa del oleaje, como bien explic\u00f3 ABC tan solo dos jornadas despu\u00e9s: \u00abEl multimillonario&nbsp;<strong>Nelson Rockefeller<\/strong>&nbsp;ha recibido la noticia, comunicada por la Embajada holandesa, de que su hijo ha sido dado por perdido\u00bb. Seg\u00fan el periodista, el chico \u00abcay\u00f3 al agua cuando iba en una peque\u00f1a embarcaci\u00f3n ind\u00edgena\u00bb. El lugar: una zona pr\u00f3xima la aldea de&nbsp;<strong>Agats<\/strong>, entre los puertos de&nbsp;<strong>Merauke&nbsp;<\/strong>y&nbsp;<strong>Kaimana<\/strong>, al norte de la isla de&nbsp;<strong>Frederick Hendrik<\/strong>. \u00abConfirman que formaba parte de la expedici\u00f3n que estudiaba y filmaba la vida de los ind\u00edgenas de Nueva Guinea\u00bb, desvelaba el diario.<\/p>\n\n\n\n<figure class=\"wp-block-image\"><a href=\"https:\/\/www.abc.es\/archivo\/periodicos\/abc-madrid-19611121-69.html\" target=\"_blank\" rel=\"noreferrer noopener\"><img decoding=\"async\" src=\"https:\/\/static3.abc.es\/media\/archivo\/2021\/10\/15\/abc-madrid-19611121-69-kdDE-U403091773664orE-510x650@abc.jpg\" alt=\"\"\/><\/a><\/figure>\n\n\n\n<p>Poco despu\u00e9s pudo saberse que la canoa qued\u00f3 destruida. Ellos, por suerte, pudieron agarrarse a los restos. Despu\u00e9s, Michael tom\u00f3 una decisi\u00f3n nefasta: improvis\u00f3 una balsa y se march\u00f3 en busca de ayuda. Su amigo fue salvado 48 horas despu\u00e9s de que las autoridades les diesen por desaparecidos. \u00abWassink, etn\u00f3logo de la Universidad de Leyden, dijo a los que le recogieron que Rockefeller abandon\u00f3 por la ma\u00f1ana el prao en el que ellos hab\u00edan estado a la deriva en el mar, tras haber&nbsp;<strong>improvisado una balsa con bidones vac\u00edos<\/strong>. A\u00f1adi\u00f3 que Rockefeller trataba de llegar a una aldea ind\u00edgena situada en la desembocadura del r\u00edo\u00bb, desvel\u00f3 ABC. Jam\u00e1s se volvi\u00f3 a saber de \u00e9l.<\/p>\n\n\n\n<p>Seg\u00fan este diario,&nbsp;<strong>Nelson Rockfeller se qued\u00f3 p\u00e1lido cuando, al bajar de un avi\u00f3n, le informaron de lo que hab\u00eda sucedido<\/strong>. \u00abDudo que yo pueda ayudar en algo en la b\u00fasqueda, pero conf\u00edo en encontrar a mi hijo sano y salvo\u00bb, afirm\u00f3 apesadumbrado. Poco despu\u00e9s parti\u00f3 hacia Nueva Guinea con una de sus hijas para colaborar en las tareas de salvamentoa, aunque sin \u00e9xito alguno. El destino del bueno de Michael estaba sellado, lo mismo que la causa de su muerte. Algunos meses m\u00e1s tarde los peri\u00f3dicos publicaron la teor\u00eda que, en la actualidad, est\u00e1 m\u00e1s extendida: que el veintea\u00f1ero se ahog\u00f3 antes siquiera de tocar tierra. Quiz\u00e1 lo m\u00e1s l\u00f3gico.<\/p>\n\n\n\n<h3 class=\"wp-block-heading\">Devorado por can\u00edbales<\/h3>\n\n\n\n<p>No fue hasta 1965 cuando se empez\u00f3 a especular que el destino de Michael hab\u00eda sido mucho m\u00e1s tr\u00e1gico. Ese a\u00f1o, ABC hizo p\u00fablico que un periodista australiano hab\u00eda desvelado, al fin, el misterio: \u00abAfirma que Rockefeller, entonces de 23 a\u00f1os de edad, fue capturado por unos salvajes en el valle de Ballem, ejecutado y devorado\u00bb. En un libro que se acababa de publicar, el reportero insist\u00eda tambi\u00e9n en que el benjam\u00edn de\u00a0una de las familias m\u00e1s poderosas de los Estados Unidos\u00a0que todo ocurri\u00f3 despu\u00e9s de que consiguiera llegar hasta la costa: \u00abAll\u00ed fue capturado por unos salvajes agates, los m\u00e1s primitivos de la regi\u00f3n, que le dieron muerte, le cocinaron y le devoraron\u00bb. Escalofriante cuanto menos.<\/p>\n\n\n\n<figure class=\"wp-block-image\"><a href=\"https:\/\/www.abc.es\/archivo\/periodicos\/abc-sevilla-19650808-22.html\" target=\"_blank\" rel=\"noreferrer noopener\"><img decoding=\"async\" src=\"https:\/\/static2.abc.es\/media\/archivo\/2021\/10\/15\/abc-sevilla-19650808-22-kdDE--510x349@abc.jpg\" alt=\"\"\/><\/a><\/figure>\n\n\n\n<p>Esa teor\u00eda volvi\u00f3 a ser noticia en 1971, cuando ABC desvel\u00f3 una versi\u00f3n algo diferente del suceso. El peri\u00f3dico, que citaba como fuente a una revista francesa, afirm\u00f3 por entonces que la pareja hab\u00eda alquilado una canoa a motor y que la hab\u00eda llenado de \u00ab<strong>hachas de acero<\/strong>\u00bb y otras mercanc\u00edas para hacer negocios con los nativos locales. Al remontar el r\u00edo&nbsp;<strong>Eilanden&nbsp;<\/strong>ocurri\u00f3 el desastre. Aunque Rockefeller, seg\u00fan el texto, no improvis\u00f3 una balsa, sino que se limit\u00f3 a agarrarse a un bid\u00f3n y a intentar arribar a la costa. Tuvo suerte, pero al pisar tierra se top\u00f3 con unos can\u00edbales que \u00able remataron con una lanza, le despedazaron y se lo comieron\u00bb.<\/p>\n\n\n\n<p>Para rematar, se explicaba que aquello no era m\u00e1s que\u00a0<strong>una venganza por la muerte de tres jefes tribales\u00a0<\/strong>a manos de una patrulla holandesa. El misterio, en todo caso, sigue abierto. Y as\u00ed parece que seguir\u00e1 durante muchos a\u00f1os.<\/p>\n\n\n\n<p><strong>Fuente: <\/strong>ABC<\/p>\n","protected":false},"excerpt":{"rendered":"<p>Gafillas de pasta negra a la moda de los sesenta, barbita de d\u00eda y medio \u2013pelusilla m\u00e1s bien, al menos cuando no andaba de expedici\u00f3n\u2013 y unas entradas incipientes de esas que se tratan de esconder con el flequillo de medio lado.\u00a0Michael, el benjam\u00edn del entonces gobernador de Nueva York y futuro presidente\u00a0Nelson Rockefeller, ten\u00eda [&hellip;]<\/p>\n","protected":false},"author":2,"featured_media":96372,"comment_status":"open","ping_status":"open","sticky":false,"template":"","format":"standard","meta":{"footnotes":""},"categories":[64],"tags":[],"class_list":["post-96371","post","type-post","status-publish","format-standard","has-post-thumbnail","hentry","category-varios"],"_links":{"self":[{"href":"http:\/\/elcuartopoder.com.mx\/nw\/wp-json\/wp\/v2\/posts\/96371","targetHints":{"allow":["GET"]}}],"collection":[{"href":"http:\/\/elcuartopoder.com.mx\/nw\/wp-json\/wp\/v2\/posts"}],"about":[{"href":"http:\/\/elcuartopoder.com.mx\/nw\/wp-json\/wp\/v2\/types\/post"}],"author":[{"embeddable":true,"href":"http:\/\/elcuartopoder.com.mx\/nw\/wp-json\/wp\/v2\/users\/2"}],"replies":[{"embeddable":true,"href":"http:\/\/elcuartopoder.com.mx\/nw\/wp-json\/wp\/v2\/comments?post=96371"}],"version-history":[{"count":1,"href":"http:\/\/elcuartopoder.com.mx\/nw\/wp-json\/wp\/v2\/posts\/96371\/revisions"}],"predecessor-version":[{"id":96373,"href":"http:\/\/elcuartopoder.com.mx\/nw\/wp-json\/wp\/v2\/posts\/96371\/revisions\/96373"}],"wp:featuredmedia":[{"embeddable":true,"href":"http:\/\/elcuartopoder.com.mx\/nw\/wp-json\/wp\/v2\/media\/96372"}],"wp:attachment":[{"href":"http:\/\/elcuartopoder.com.mx\/nw\/wp-json\/wp\/v2\/media?parent=96371"}],"wp:term":[{"taxonomy":"category","embeddable":true,"href":"http:\/\/elcuartopoder.com.mx\/nw\/wp-json\/wp\/v2\/categories?post=96371"},{"taxonomy":"post_tag","embeddable":true,"href":"http:\/\/elcuartopoder.com.mx\/nw\/wp-json\/wp\/v2\/tags?post=96371"}],"curies":[{"name":"wp","href":"https:\/\/api.w.org\/{rel}","templated":true}]}}