{"id":96439,"date":"2021-10-22T13:04:34","date_gmt":"2021-10-22T18:04:34","guid":{"rendered":"http:\/\/elcuartopoder.com.mx\/nw\/?p=96439"},"modified":"2021-10-22T13:04:36","modified_gmt":"2021-10-22T18:04:36","slug":"preocupa-a-europa-y-la-casa-blanca-arsenal-de-norcorea","status":"publish","type":"post","link":"http:\/\/elcuartopoder.com.mx\/nw\/internacionales\/preocupa-a-europa-y-la-casa-blanca-arsenal-de-norcorea\/","title":{"rendered":"Preocupa a Europa y la Casa Blanca arsenal de Norcorea"},"content":{"rendered":"\n<p> Nueva York., Estados Unidos, Reino Unido, Francia, Irlanda y Estonia reconocieron ayer en la Organizaci\u00f3n de Naciones Unidas que Corea del Norte ha avanzado en sus programas de armamento tras el lanzamiento del martes de un misil bal\u00edstico desde un submarino, aunque no hablaron de nuevas sanciones. Tras una reuni\u00f3n a puerta cerrada del Consejo de Seguridad, convocado de urgencia por Washington y Londres, los embajadores de estos pa\u00edses occidentales condenaron esta nueva \u201cprovocaci\u00f3n\u201d. China y Rusia mantuvieron silencio al t\u00e9rmino de la reuni\u00f3n.<\/p>\n\n\n\n<p>Autor: AFP<\/p>\n\n\n\n<p>Fuente: https:\/\/www.jornada.com.mx\/notas\/2021\/10\/21\/mundo\/preocupa-a-europa-y-la-casa-blanca-arsenal-de-norcorea\/<\/p>\n\n\n\n<p><\/p>\n\n\n\n<p> <\/p>\n","protected":false},"excerpt":{"rendered":"<p>Nueva York., Estados Unidos, Reino Unido, Francia, Irlanda y Estonia reconocieron ayer en la Organizaci\u00f3n de Naciones Unidas que Corea del Norte ha avanzado en sus programas de armamento tras el lanzamiento del martes de un misil bal\u00edstico desde un submarino, aunque no hablaron de nuevas sanciones. Tras una reuni\u00f3n a puerta cerrada del Consejo [&hellip;]<\/p>\n","protected":false},"author":2,"featured_media":96440,"comment_status":"open","ping_status":"open","sticky":false,"template":"","format":"standard","meta":{"footnotes":""},"categories":[8],"tags":[],"class_list":["post-96439","post","type-post","status-publish","format-standard","has-post-thumbnail","hentry","category-internacionales"],"_links":{"self":[{"href":"http:\/\/elcuartopoder.com.mx\/nw\/wp-json\/wp\/v2\/posts\/96439","targetHints":{"allow":["GET"]}}],"collection":[{"href":"http:\/\/elcuartopoder.com.mx\/nw\/wp-json\/wp\/v2\/posts"}],"about":[{"href":"http:\/\/elcuartopoder.com.mx\/nw\/wp-json\/wp\/v2\/types\/post"}],"author":[{"embeddable":true,"href":"http:\/\/elcuartopoder.com.mx\/nw\/wp-json\/wp\/v2\/users\/2"}],"replies":[{"embeddable":true,"href":"http:\/\/elcuartopoder.com.mx\/nw\/wp-json\/wp\/v2\/comments?post=96439"}],"version-history":[{"count":1,"href":"http:\/\/elcuartopoder.com.mx\/nw\/wp-json\/wp\/v2\/posts\/96439\/revisions"}],"predecessor-version":[{"id":96441,"href":"http:\/\/elcuartopoder.com.mx\/nw\/wp-json\/wp\/v2\/posts\/96439\/revisions\/96441"}],"wp:featuredmedia":[{"embeddable":true,"href":"http:\/\/elcuartopoder.com.mx\/nw\/wp-json\/wp\/v2\/media\/96440"}],"wp:attachment":[{"href":"http:\/\/elcuartopoder.com.mx\/nw\/wp-json\/wp\/v2\/media?parent=96439"}],"wp:term":[{"taxonomy":"category","embeddable":true,"href":"http:\/\/elcuartopoder.com.mx\/nw\/wp-json\/wp\/v2\/categories?post=96439"},{"taxonomy":"post_tag","embeddable":true,"href":"http:\/\/elcuartopoder.com.mx\/nw\/wp-json\/wp\/v2\/tags?post=96439"}],"curies":[{"name":"wp","href":"https:\/\/api.w.org\/{rel}","templated":true}]}}