{"id":96454,"date":"2021-10-22T19:04:42","date_gmt":"2021-10-23T00:04:42","guid":{"rendered":"http:\/\/elcuartopoder.com.mx\/nw\/?p=96454"},"modified":"2021-10-22T19:04:44","modified_gmt":"2021-10-23T00:04:44","slug":"la-izquierda-latinoamericana-se-cita-en-mexico-para-cerrar-filas-contra-la-injerencia-imperialista","status":"publish","type":"post","link":"http:\/\/elcuartopoder.com.mx\/nw\/editorial\/la-izquierda-latinoamericana-se-cita-en-mexico-para-cerrar-filas-contra-la-injerencia-imperialista\/","title":{"rendered":"La izquierda latinoamericana se cita en M\u00e9xico para cerrar filas contra \u201cla injerencia imperialista\u201d"},"content":{"rendered":"\n<p>La izquierda latinoamericana se cita a partir de este jueves en Ciudad de M\u00e9xico en un seminario organizado por el Partido del Trabajo (PT), una formaci\u00f3n que apoya al Gobierno de Andr\u00e9s Manuel L\u00f3pez Obrador, para debatir y cerrar filas contra el \u201cla injerencia imperialista\u201d. Las jornadas, dedicadas a la relaci\u00f3n entre los partidos y la sociedad, han convocado a decenas de invitados de todos los continentes y en su inauguraci\u00f3n han tenido un protagonista que, despu\u00e9s de gobernar m\u00e1s de una d\u00e9cada en Bolivia, pas\u00f3 de ser un s\u00edmbolo del llamado socialismo del siglo XXI a convertirse en un icono de la resistencia frente a la ultraderecha. \u201cM\u00e9xico me salv\u00f3 la vida\u201d, ha recordado el expresidente Evo Morales. Y ha asegurado que ese agradecimiento no es una simple cortes\u00eda. Esto es, seg\u00fan su relato L\u00f3pez Obrador y otros jefes de Estado de la regi\u00f3n como el argentino Alberto Fern\u00e1ndez evitaron su persecuci\u00f3n.<\/p>\n\n\n\n<p>\u201cCuando llegu\u00e9, no era por congraciarme con el presidente, con el Gobierno, con el pueblo mexicano cuando dec\u00eda que me salv\u00f3 la vida. De verdad, hermanas y hermanos, M\u00e9xico y otros pa\u00edses me salvaron la vida. M\u00e9xico no solamente es mi casa es la casa de todos quienes luchan por la liberaci\u00f3n de nuestros pueblos\u201d, ha enfatizado Morales, que el mi\u00e9rcoles se reuni\u00f3 con el canciller Marcelo Ebrard para \u201cagradecerle ese gesto generoso\u201d.<\/p>\n\n\n\n<p>Esta semana se han cumplido dos a\u00f1os de las elecciones que supusieron el principio del fin del expresidente. Las acusaciones de fraude agitadas por la oposici\u00f3n y la Organizaci\u00f3n de los Estados Americanos (OEA) desembocaron primero en la renuncia y despu\u00e9s en la salida del pa\u00eds de Morales. El derrocamiento se produjo despu\u00e9s de que la c\u00fapula del Ej\u00e9rcito le diera la espalda. El mandatario se fue y en noviembre encontr\u00f3 resguardo en M\u00e9xico, donde pas\u00f3 unos d\u00edas como asilado pol\u00edtico antes de viajar a Argentina. As\u00ed empezaron unas semanas de convulsi\u00f3n y violencia. La opositora Jeanine \u00c1\u00f1ez asumi\u00f3 la presidencia como jefa de un gabinete interino ultraconservador que al final se mantuvo un a\u00f1o en el poder con una actitud abiertamente revanchista. En octubre de 2020 perdi\u00f3 las elecciones y desde el pasado marzo se encuentra en prisi\u00f3n preventiva con cargos de terrorismo y sedici\u00f3n.<\/p>\n\n\n\n<p>El l\u00edder ind\u00edgena ha recurrido a su historia para ejemplificar lo que considera el fracaso de la derecha y de la pol\u00edticas neoliberales. \u201cDespu\u00e9s del golpe el a\u00f1o pasado, la dictadura nos destroz\u00f3 la econom\u00eda\u201d, ha dicho en referencia a la gesti\u00f3n de \u00c1\u00f1ez. Morales ha defendido el plan del actual presidente, Luis Arce, para volver aumentar el crecimiento y ha cargado contra Estados Unidos, especialmente contra la pol\u00edtica de sanciones econ\u00f3micas como las que mantiene frente a Cuba y Venezuela.<\/p>\n\n\n\n<p>El exmandatario boliviano, sin embargo, fue el representante del antiguo eje bolivariano m\u00e1s tolerado por Washington y, a menudo, aplaudido por los inversores extranjeros. El seminario del Partido del Trabajo plantea en cambio un debate que sit\u00faa a todas las experiencias de la izquierda en el mismo terreno, sin apenas matices, en virtud del principio de unidad frente a las injerencias extranjeras. De entrada, solo establece una diferencia de peso: de un lado presenta a los \u201cpa\u00edses de primera l\u00ednea que luchan contra la agresi\u00f3n imperial\u201d. Es decir, Cuba, Nicaragua y Venezuela. Del otro lado est\u00e1n los \u201cpa\u00edses con Gobiernos progresistas enfrentados a la injerencia imperialista\u201d. Esto es, M\u00e9xico, Argentina, Bolivia y Per\u00fa. En el terreno diametralmente opuesto se encuentran \u201clos pa\u00edses con Gobierno derecha\u201d y \u201clas ofensivas neofascistas\u201d.<\/p>\n\n\n\n<p>En este contexto, el c\u00f3nclave de decenas de organizaciones de izquierdas \u2014entre las que Morena no figura como convocante\u2014 debatir\u00e1 ponencias sobre la nueva Constituci\u00f3n de Chile; la situaci\u00f3n de Brasil y la campa\u00f1a por el regreso de Lula; la emergencia econ\u00f3mica y la pandemia; la integraci\u00f3n regional; la crisis pol\u00edtica en El Salvador; la conquista; los 43 de Ayotzinapa; o la violaci\u00f3n de derechos humanos en Colombia. Rodrigo Londo\u00f1o, Timochenko, ha sido precisamente otro de los ponentes de la primera jornada del seminario, que concluir\u00e1 el s\u00e1bado. El antiguo l\u00edder de las extintas FARC, firmante de los acuerdos de paz y actual presidente del partido Comunes, ha advertido contra \u201cotro Gobierno de derecha\u201d con vistas a las elecciones del pr\u00f3ximo a\u00f1o y ha dejado claro que la guerra no pod\u00eda ser el destino de Colombia.<\/p>\n\n\n\n<p><strong>Fuente:<\/strong> elpa\u00eds<\/p>\n","protected":false},"excerpt":{"rendered":"<p>La izquierda latinoamericana se cita a partir de este jueves en Ciudad de M\u00e9xico en un seminario organizado por el Partido del Trabajo (PT), una formaci\u00f3n que apoya al Gobierno de Andr\u00e9s Manuel L\u00f3pez Obrador, para debatir y cerrar filas contra el \u201cla injerencia imperialista\u201d. Las jornadas, dedicadas a la relaci\u00f3n entre los partidos y [&hellip;]<\/p>\n","protected":false},"author":2,"featured_media":96455,"comment_status":"open","ping_status":"open","sticky":false,"template":"","format":"standard","meta":{"footnotes":""},"categories":[63],"tags":[],"class_list":["post-96454","post","type-post","status-publish","format-standard","has-post-thumbnail","hentry","category-editorial"],"_links":{"self":[{"href":"http:\/\/elcuartopoder.com.mx\/nw\/wp-json\/wp\/v2\/posts\/96454","targetHints":{"allow":["GET"]}}],"collection":[{"href":"http:\/\/elcuartopoder.com.mx\/nw\/wp-json\/wp\/v2\/posts"}],"about":[{"href":"http:\/\/elcuartopoder.com.mx\/nw\/wp-json\/wp\/v2\/types\/post"}],"author":[{"embeddable":true,"href":"http:\/\/elcuartopoder.com.mx\/nw\/wp-json\/wp\/v2\/users\/2"}],"replies":[{"embeddable":true,"href":"http:\/\/elcuartopoder.com.mx\/nw\/wp-json\/wp\/v2\/comments?post=96454"}],"version-history":[{"count":1,"href":"http:\/\/elcuartopoder.com.mx\/nw\/wp-json\/wp\/v2\/posts\/96454\/revisions"}],"predecessor-version":[{"id":96456,"href":"http:\/\/elcuartopoder.com.mx\/nw\/wp-json\/wp\/v2\/posts\/96454\/revisions\/96456"}],"wp:featuredmedia":[{"embeddable":true,"href":"http:\/\/elcuartopoder.com.mx\/nw\/wp-json\/wp\/v2\/media\/96455"}],"wp:attachment":[{"href":"http:\/\/elcuartopoder.com.mx\/nw\/wp-json\/wp\/v2\/media?parent=96454"}],"wp:term":[{"taxonomy":"category","embeddable":true,"href":"http:\/\/elcuartopoder.com.mx\/nw\/wp-json\/wp\/v2\/categories?post=96454"},{"taxonomy":"post_tag","embeddable":true,"href":"http:\/\/elcuartopoder.com.mx\/nw\/wp-json\/wp\/v2\/tags?post=96454"}],"curies":[{"name":"wp","href":"https:\/\/api.w.org\/{rel}","templated":true}]}}