{"id":96509,"date":"2021-10-23T15:59:06","date_gmt":"2021-10-23T20:59:06","guid":{"rendered":"http:\/\/elcuartopoder.com.mx\/nw\/?p=96509"},"modified":"2021-10-23T15:59:07","modified_gmt":"2021-10-23T20:59:07","slug":"fernando-alonso-se-vuelca-con-la-palma","status":"publish","type":"post","link":"http:\/\/elcuartopoder.com.mx\/nw\/varios\/fernando-alonso-se-vuelca-con-la-palma\/","title":{"rendered":"Fernando Alonso se vuelca con La Palma"},"content":{"rendered":"\n<p><strong>Fernando Alonso<\/strong>&nbsp;tiene un v\u00ednculo especial con Canarias, de ah\u00ed que se haya visto afectado por la situaci\u00f3n del volc\u00e1n de La Palma.<\/p>\n\n\n\n<p>As\u00ed lo expuso el piloto en la previa del\u00a0Gran Premio de Estados Unidos: \u00abMi exesposa es de Canarias y tengo una gran conexi\u00f3n con la isla. No hay muchas noticias internacionales sobre el volc\u00e1n, pero en Espa\u00f1a vemos cada d\u00eda c\u00f3mo evoluciona la erupci\u00f3n y todas las cosas que la\u00a0<strong>lava est\u00e1 destruyendo, las casas, tierras, donde vive mucha gente<\/strong>\u00bb, coment\u00f3 el piloto.<\/p>\n\n\n\n<p>Para intentar ayudar a las personas afectadas, pone en marcha desde este viernes una iniciativa solidaria: subastar\u00e1 su casco, especialmente dise\u00f1ado para este fin de semana, cuya recaudaci\u00f3n se destinar\u00e1 a la reconstrucci\u00f3n de la isla. <\/p>\n\n\n\n<p>\u00abHay muchas cosas que han sido destruidas y seguir\u00e1 as\u00ed por muchos a\u00f1os. Llevar\u00e9 &#8216;La Palma&#8217; en el casco este fin de semana y el viernes lanzaremos una plataforma para recaudar fondos,\u00a0<strong>el casco estar\u00e1 en una subasta, que se har\u00e1 el 4 de noviembre<\/strong>, para recaudar m\u00e1s fondos. As\u00ed es como podemos ayudar\u00bb, prosigui\u00f3 Alonso.<\/p>\n\n\n\n<p><strong>Fuente<\/strong>: ABC<\/p>\n","protected":false},"excerpt":{"rendered":"<p>Fernando Alonso&nbsp;tiene un v\u00ednculo especial con Canarias, de ah\u00ed que se haya visto afectado por la situaci\u00f3n del volc\u00e1n de La Palma. As\u00ed lo expuso el piloto en la previa del\u00a0Gran Premio de Estados Unidos: \u00abMi exesposa es de Canarias y tengo una gran conexi\u00f3n con la isla. No hay muchas noticias internacionales sobre el [&hellip;]<\/p>\n","protected":false},"author":2,"featured_media":96510,"comment_status":"open","ping_status":"open","sticky":false,"template":"","format":"standard","meta":{"footnotes":""},"categories":[64],"tags":[],"class_list":["post-96509","post","type-post","status-publish","format-standard","has-post-thumbnail","hentry","category-varios"],"_links":{"self":[{"href":"http:\/\/elcuartopoder.com.mx\/nw\/wp-json\/wp\/v2\/posts\/96509","targetHints":{"allow":["GET"]}}],"collection":[{"href":"http:\/\/elcuartopoder.com.mx\/nw\/wp-json\/wp\/v2\/posts"}],"about":[{"href":"http:\/\/elcuartopoder.com.mx\/nw\/wp-json\/wp\/v2\/types\/post"}],"author":[{"embeddable":true,"href":"http:\/\/elcuartopoder.com.mx\/nw\/wp-json\/wp\/v2\/users\/2"}],"replies":[{"embeddable":true,"href":"http:\/\/elcuartopoder.com.mx\/nw\/wp-json\/wp\/v2\/comments?post=96509"}],"version-history":[{"count":1,"href":"http:\/\/elcuartopoder.com.mx\/nw\/wp-json\/wp\/v2\/posts\/96509\/revisions"}],"predecessor-version":[{"id":96511,"href":"http:\/\/elcuartopoder.com.mx\/nw\/wp-json\/wp\/v2\/posts\/96509\/revisions\/96511"}],"wp:featuredmedia":[{"embeddable":true,"href":"http:\/\/elcuartopoder.com.mx\/nw\/wp-json\/wp\/v2\/media\/96510"}],"wp:attachment":[{"href":"http:\/\/elcuartopoder.com.mx\/nw\/wp-json\/wp\/v2\/media?parent=96509"}],"wp:term":[{"taxonomy":"category","embeddable":true,"href":"http:\/\/elcuartopoder.com.mx\/nw\/wp-json\/wp\/v2\/categories?post=96509"},{"taxonomy":"post_tag","embeddable":true,"href":"http:\/\/elcuartopoder.com.mx\/nw\/wp-json\/wp\/v2\/tags?post=96509"}],"curies":[{"name":"wp","href":"https:\/\/api.w.org\/{rel}","templated":true}]}}