{"id":96836,"date":"2021-10-29T21:19:23","date_gmt":"2021-10-30T02:19:23","guid":{"rendered":"http:\/\/elcuartopoder.com.mx\/nw\/?p=96836"},"modified":"2021-10-29T21:19:25","modified_gmt":"2021-10-30T02:19:25","slug":"amlo-propone-marcha-pacifica-en-lugar-de-realizar-paro-de-labores-en-la-unam","status":"publish","type":"post","link":"http:\/\/elcuartopoder.com.mx\/nw\/politica\/amlo-propone-marcha-pacifica-en-lugar-de-realizar-paro-de-labores-en-la-unam\/","title":{"rendered":"AMLO propone marcha pac\u00edfica en lugar de realizar paro de labores en la UNAM"},"content":{"rendered":"\n<p>Esta ma\u00f1ana en la conferencia de prensa desde M\u00e9rida, el presidente Andr\u00e9s Manuel L\u00f3pez Obrador critic\u00f3 a que presuntamente se hizo un llamado para realizar paros en la Universidad Nacional Aut\u00f3noma de M\u00e9xico (UNAM) y propone mejor que se haga una marcha pac\u00edfica.<\/p>\n\n\n\n<p>\u00abA ver, \u00bfD\u00f3nde est\u00e1n los acad\u00e9micos de las ciencias sociales? \u00bfQu\u00e9 se hicieron?&nbsp;Yo les propondr\u00eda mejor que hicieran una marcha, que se avivaran, una marcha pac\u00edfica desde luego, pero no realizar paros\u00bb, detall\u00f3 el mandatario.<\/p>\n\n\n\n<p>Y es que a trav\u00e9s de redes sociales, se hab\u00edan filtrado im\u00e1genes que supuestamente la m\u00e1xima casa de estudios del pa\u00eds hab\u00eda convocado a realizar un paro de labores los d\u00edas 4 y 5 de noviembre.<\/p>\n\n\n\n<p>jdm<\/p>\n","protected":false},"excerpt":{"rendered":"<p>Esta ma\u00f1ana en la conferencia de prensa desde M\u00e9rida, el presidente Andr\u00e9s Manuel L\u00f3pez Obrador critic\u00f3 a que presuntamente se hizo un llamado para realizar paros en la Universidad Nacional Aut\u00f3noma de M\u00e9xico (UNAM) y propone mejor que se haga una marcha pac\u00edfica. \u00abA ver, \u00bfD\u00f3nde est\u00e1n los acad\u00e9micos de las ciencias sociales? \u00bfQu\u00e9 se [&hellip;]<\/p>\n","protected":false},"author":2,"featured_media":96839,"comment_status":"open","ping_status":"open","sticky":false,"template":"","format":"standard","meta":{"footnotes":""},"categories":[61],"tags":[],"class_list":["post-96836","post","type-post","status-publish","format-standard","has-post-thumbnail","hentry","category-politica"],"_links":{"self":[{"href":"http:\/\/elcuartopoder.com.mx\/nw\/wp-json\/wp\/v2\/posts\/96836","targetHints":{"allow":["GET"]}}],"collection":[{"href":"http:\/\/elcuartopoder.com.mx\/nw\/wp-json\/wp\/v2\/posts"}],"about":[{"href":"http:\/\/elcuartopoder.com.mx\/nw\/wp-json\/wp\/v2\/types\/post"}],"author":[{"embeddable":true,"href":"http:\/\/elcuartopoder.com.mx\/nw\/wp-json\/wp\/v2\/users\/2"}],"replies":[{"embeddable":true,"href":"http:\/\/elcuartopoder.com.mx\/nw\/wp-json\/wp\/v2\/comments?post=96836"}],"version-history":[{"count":1,"href":"http:\/\/elcuartopoder.com.mx\/nw\/wp-json\/wp\/v2\/posts\/96836\/revisions"}],"predecessor-version":[{"id":96840,"href":"http:\/\/elcuartopoder.com.mx\/nw\/wp-json\/wp\/v2\/posts\/96836\/revisions\/96840"}],"wp:featuredmedia":[{"embeddable":true,"href":"http:\/\/elcuartopoder.com.mx\/nw\/wp-json\/wp\/v2\/media\/96839"}],"wp:attachment":[{"href":"http:\/\/elcuartopoder.com.mx\/nw\/wp-json\/wp\/v2\/media?parent=96836"}],"wp:term":[{"taxonomy":"category","embeddable":true,"href":"http:\/\/elcuartopoder.com.mx\/nw\/wp-json\/wp\/v2\/categories?post=96836"},{"taxonomy":"post_tag","embeddable":true,"href":"http:\/\/elcuartopoder.com.mx\/nw\/wp-json\/wp\/v2\/tags?post=96836"}],"curies":[{"name":"wp","href":"https:\/\/api.w.org\/{rel}","templated":true}]}}