{"id":96863,"date":"2021-10-30T11:47:25","date_gmt":"2021-10-30T16:47:25","guid":{"rendered":"http:\/\/elcuartopoder.com.mx\/nw\/?p=96863"},"modified":"2021-10-29T23:55:25","modified_gmt":"2021-10-30T04:55:25","slug":"que-es-el-cuidado-carinoso-y-sensible-y-por-que-es-importante-para-el-desarrollo-de-los-ninos","status":"publish","type":"post","link":"http:\/\/elcuartopoder.com.mx\/nw\/destacadas\/que-es-el-cuidado-carinoso-y-sensible-y-por-que-es-importante-para-el-desarrollo-de-los-ninos\/","title":{"rendered":"\u00bfQu\u00e9 es el cuidado cari\u00f1oso y sensible y por qu\u00e9 es importante para el desarrollo de los ni\u00f1os?"},"content":{"rendered":"\n<h2 class=\"wp-block-heading\">Para llevar a cabo un buen cuidado cari\u00f1oso y sensible, los padres deben de crear un entorno seguro y estable para garantizar la salud de los peque\u00f1os<\/h2>\n\n\n\n<p>Durante los primeros a\u00f1os de vida el&nbsp;<strong>cuidado cari\u00f1oso y sensible<\/strong>&nbsp;que dediquemos a las&nbsp;<strong>ni\u00f1as<\/strong>&nbsp;y&nbsp;<strong>ni\u00f1os<\/strong>&nbsp;menores de seis&nbsp;a\u00f1os favorecer\u00e1 su&nbsp;<a href=\"https:\/\/heraldodemexico.com.mx\/estilo-de-vida\/2021\/10\/13\/valores-que-debes-ensenar-tus-hijos-para-convertirlos-en-grandes-personas-344123.html\"><strong>desarrollo<\/strong><\/a>&nbsp;f\u00edsico, cognitivo, emocional y social; proporcion\u00e1ndoles&nbsp;<strong>beneficios<\/strong>&nbsp;que se extender\u00e1n a lo largo de su vida, impactando de manera favorable no solo su&nbsp;<strong>salud<\/strong>, sino tambi\u00e9n su productividad y cohesi\u00f3n social.<\/p>\n\n\n\n<h2 class=\"wp-block-heading\">\u00bfQu\u00e9 significa un cuidado cari\u00f1oso y sensible?<\/h2>\n\n\n\n<p>Las\u00a0<strong>mam\u00e1s<\/strong>,\u00a0<strong>pap\u00e1s<\/strong>\u00a0y cuidadores son los principales responsables de proporcionar el\u00a0<strong>cuidado cari\u00f1oso y sensible<\/strong>\u00a0a los peque\u00f1os, incluso es importante garantizar desde la gestaci\u00f3n.\u00a0<\/p>\n\n\n\n<p> De acuerdo con\u00a0<strong>Teresa Del Roc\u00edo M\u00e1rquez<\/strong>, cofundadora de\u00a0<strong>Semillas de Amor<\/strong>,\u00a0<strong>Fundaci\u00f3n para Ni\u00f1os Prematuros<\/strong>, y encargada del programa de\u00a0<strong>Intervenci\u00f3n Temprana Integral<\/strong>, lo ideal es que toda pareja acuda con un especialista seis meses antes del momento en que desean tener un hijo, para que el especialista les gu\u00ede en el tratamiento y estudios que requieren para iniciar el\u00a0<strong>embarazo<\/strong>\u00a0bajo las mejores condiciones, y descartar cualquier riesgo para la futura mam\u00e1 y el beb\u00e9, as\u00ed se iniciar\u00eda con la construcci\u00f3n adecuada de los cimientos para el \u00f3ptimo\u00a0<strong>desarrollo<\/strong>\u00a0del peque\u00f1o.<\/p>\n\n\n\n<p> Un cuidado cari\u00f1oso y sensible incluye tambi\u00e9n cubrir las necesidades de la\u00a0<a href=\"https:\/\/heraldodemexico.com.mx\/estilo-de-vida\/2021\/10\/7\/educacion-infantil-la-edad-ideal-para-aprender-idiomas-sus-beneficios-342320.html\"><strong>ni\u00f1ez<\/strong><\/a>\u00a0a gozar de buena\u00a0<strong>salud<\/strong>, adecuada\u00a0<strong>nutrici\u00f3n<\/strong>,\u00a0<strong>protecci\u00f3n<\/strong>\u00a0y\u00a0<strong>seguridad<\/strong>; as\u00ed como de oportunidades para el aprendizaje temprano. Belem Rueda, Coordinadora de Vinculaci\u00f3n y Coach Educacional de la Fundaci\u00f3n Criantia, se\u00f1ala que es importante que durante los primeros a\u00f1os de vida, las y los peque\u00f1os reciban la\u00a0<strong>estimulaci\u00f3n<\/strong>, atenci\u00f3n y protecci\u00f3n en el\u00a0<strong>\u00e1mbito familiar<\/strong>, de igual forma tambi\u00e9n una alimentaci\u00f3n sana y equilibrada, no solo en la familia sino por igual dentro de la comunidad que les rodea.\u00a0\u00a0<\/p>\n\n\n\n<p>\u201cPoner inter\u00e9s, proteger y mirar por el buen&nbsp;<strong>desarrollo<\/strong>&nbsp;de los peque\u00f1os en este per\u00edodo se convierte en algo de capital y suma importancia para padres, madres, cuidadores, Estado y sociedad en general, debemos trabajar en conjunto para el beneficio de la&nbsp;<strong>primera<\/strong>&nbsp;<strong>infancia<\/strong>\u201d, afirma Rueda.<\/p>\n\n\n\n<p>Las&nbsp;<strong>mam\u00e1s<\/strong>,&nbsp;<strong>pap\u00e1s<\/strong>, familia y cuidadores primarios son los principales encargados de brindar un cuidado cari\u00f1oso y sensible a los peque\u00f1os. Por ello, es importante el dise\u00f1o de acciones,&nbsp;<strong>pol\u00edticas<\/strong>&nbsp;<strong>p\u00fablicas<\/strong>, programas y servicios orientados a empoderar tanto a los cuidadores primarios como a sus comunidades, para satisfacer las necesidades de las ni\u00f1as y ni\u00f1os peque\u00f1os.<\/p>\n\n\n\n<h2 class=\"wp-block-heading\">Procurar un buen comienzo<\/h2>\n\n\n\n<p>Es muy importante que mam\u00e1, pap\u00e1 y los cuidadores se informen sobre cu\u00e1les son las etapas del\u00a0<strong>desarrollo<\/strong>\u00a0de los peque\u00f1os, se\u00f1ala M\u00e1rquez, \u201ces cierto que no se van a volver a expertos, pero s\u00ed pueden hacerlo de una manera muy sencilla, hay muchos\u00a0<strong>libros<\/strong>\u00a0que les puede guiar y en caso de que tengan mucho trabajo y dispongan de poco tiempo, buscar un centro de\u00a0<strong>expertos<\/strong>\u00a0que puedan orientarlos y apoyarlos para\u00a0<strong>estimular\u00a0<\/strong>a\u00a0sus peque\u00f1os, si trabajan y ellos no cuidan a sus peque\u00f1os durante el d\u00eda, entonces buscar un cuidador que pueda establecer ese v\u00ednculo y le d\u00e9 amor y la calidad de tiempo que requieren los beb\u00e9s para su\u00a0<strong>crecimiento<\/strong>\u201d.<\/p>\n\n\n\n<p>Los cinco primeros a\u00f1os de vida es la mejor inversi\u00f3n que pueden hacer por sus hijas e hijos, en&nbsp;<strong>atenci\u00f3n<\/strong>, en dedicarles tiempo de calidad, ya sean 20 minutos, media hora, una hora; que sea un tiempo real de&nbsp;<strong>convivencia<\/strong>, cantando, arrull\u00e1ndolo, cont\u00e1ndole un cuento, puede ser por las noches antes de dormir, es muy enriquecedor. Lo que hagan hoy por sus hijas e hijos al brindarles un&nbsp;<strong>cuidado cari\u00f1oso y sensible<\/strong>, es la mejor inversi\u00f3n para el resto de la vida de sus peque\u00f1os.&nbsp;<\/p>\n\n\n\n<p>Por:&nbsp;<strong>Pacto por la Primera Infancia<\/strong>&nbsp;| @Pacto1aInfancia<\/p>\n\n\n\n<p> <\/p>\n\n\n\n<p><\/p>\n\n\n\n<p> <\/p>\n","protected":false},"excerpt":{"rendered":"<p>Para llevar a cabo un buen cuidado cari\u00f1oso y sensible, los padres deben de crear un entorno seguro y estable para garantizar la salud de los peque\u00f1os Durante los primeros a\u00f1os de vida el&nbsp;cuidado cari\u00f1oso y sensible&nbsp;que dediquemos a las&nbsp;ni\u00f1as&nbsp;y&nbsp;ni\u00f1os&nbsp;menores de seis&nbsp;a\u00f1os favorecer\u00e1 su&nbsp;desarrollo&nbsp;f\u00edsico, cognitivo, emocional y social; proporcion\u00e1ndoles&nbsp;beneficios&nbsp;que se extender\u00e1n a lo largo de [&hellip;]<\/p>\n","protected":false},"author":2,"featured_media":96864,"comment_status":"open","ping_status":"open","sticky":false,"template":"","format":"standard","meta":{"footnotes":""},"categories":[59],"tags":[],"class_list":["post-96863","post","type-post","status-publish","format-standard","has-post-thumbnail","hentry","category-destacadas"],"_links":{"self":[{"href":"http:\/\/elcuartopoder.com.mx\/nw\/wp-json\/wp\/v2\/posts\/96863","targetHints":{"allow":["GET"]}}],"collection":[{"href":"http:\/\/elcuartopoder.com.mx\/nw\/wp-json\/wp\/v2\/posts"}],"about":[{"href":"http:\/\/elcuartopoder.com.mx\/nw\/wp-json\/wp\/v2\/types\/post"}],"author":[{"embeddable":true,"href":"http:\/\/elcuartopoder.com.mx\/nw\/wp-json\/wp\/v2\/users\/2"}],"replies":[{"embeddable":true,"href":"http:\/\/elcuartopoder.com.mx\/nw\/wp-json\/wp\/v2\/comments?post=96863"}],"version-history":[{"count":1,"href":"http:\/\/elcuartopoder.com.mx\/nw\/wp-json\/wp\/v2\/posts\/96863\/revisions"}],"predecessor-version":[{"id":96865,"href":"http:\/\/elcuartopoder.com.mx\/nw\/wp-json\/wp\/v2\/posts\/96863\/revisions\/96865"}],"wp:featuredmedia":[{"embeddable":true,"href":"http:\/\/elcuartopoder.com.mx\/nw\/wp-json\/wp\/v2\/media\/96864"}],"wp:attachment":[{"href":"http:\/\/elcuartopoder.com.mx\/nw\/wp-json\/wp\/v2\/media?parent=96863"}],"wp:term":[{"taxonomy":"category","embeddable":true,"href":"http:\/\/elcuartopoder.com.mx\/nw\/wp-json\/wp\/v2\/categories?post=96863"},{"taxonomy":"post_tag","embeddable":true,"href":"http:\/\/elcuartopoder.com.mx\/nw\/wp-json\/wp\/v2\/tags?post=96863"}],"curies":[{"name":"wp","href":"https:\/\/api.w.org\/{rel}","templated":true}]}}