{"id":96914,"date":"2021-10-30T09:49:33","date_gmt":"2021-10-30T14:49:33","guid":{"rendered":"http:\/\/elcuartopoder.com.mx\/nw\/?p=96914"},"modified":"2021-10-30T09:49:35","modified_gmt":"2021-10-30T14:49:35","slug":"espera-ricardo-monreal-minuta-de-reforma-electrica-al-arranque-de-diciembre","status":"publish","type":"post","link":"http:\/\/elcuartopoder.com.mx\/nw\/politica\/espera-ricardo-monreal-minuta-de-reforma-electrica-al-arranque-de-diciembre\/","title":{"rendered":"Espera Ricardo Monreal minuta de Reforma El\u00e9ctrica al arranque de diciembre"},"content":{"rendered":"\n<p>El l\u00edder de los senadores de Morena,&nbsp;<strong>Ricardo Monreal,<\/strong>&nbsp;dijo que ya comenz\u00f3 a cabildear la propuesta de reforma el\u00e9ctrica del presidente Andr\u00e9s Manuel L\u00f3pez Obrador y que esperan recibirla en el Senado como minuta durante la primera semana de diciembre.<\/p>\n\n\n\n<p>Sin embargo, ante la pol\u00e9mica que ha provocado la cancelaci\u00f3n de contratos y permisos en el sector que plantea la iniciativa, actualmente en an\u00e1lisis de la&nbsp;<strong>C\u00e1mara de Diputados<\/strong>, asegur\u00f3 que los senadores van por proteger la seguridad jur\u00eddica de las empresas.<\/p>\n\n\n\n<p>\u201cTenemos que ser cuidadosos con los contratos, en la revocaci\u00f3n de contratos y cuidar el principio de retroactividad, para no afectar a la\u2026 en raz\u00f3n de las leyes vigentes y en raz\u00f3n del&nbsp;<strong>Estado de Derecho&nbsp;<\/strong>que exist\u00eda\u201d, se\u00f1al\u00f3 ayer desde Durango.<\/p>\n\n\n\n<p>Previo a participar en el informe de actividades del senador Alejandro Gonz\u00e1lez Y\u00e1\u00f1ez, &nbsp;confi\u00f3 que si Morena y aliados en la C\u00e1mara de Diputados consiguen la mayor\u00eda calificada para avalar la reforma constitucional el Senado la recibir\u00eda a principios de diciembre<\/p>\n\n\n\n<p>\u201cEstar\u00e1n enviando el proyecto la primera semana de diciembre, a la C\u00e1mara de Senadores, si se aprueba por mayor\u00eda calificada. Yo estoy hablando ya con los&nbsp;<strong>grupos parlamentarios<\/strong>, vamos a respaldar al Presidente para recuperar la econom\u00eda, para recuperar la rector\u00eda del servicio el\u00e9ctrico y el sector energ\u00e9tico\u201d, coment\u00f3.<\/p>\n\n\n\n<p>En la iniciativa de reforma constitucional del Ejecutivo se propone \u201cun nuevo sistema el\u00e9ctrico nacional\u201d para regresar al Estado la conducci\u00f3n del sector, dotando a la&nbsp;<strong>Comisi\u00f3n Federal de Electricidad&nbsp;<\/strong>(CFE) del 54 por ciento del mercado.<\/p>\n\n\n\n<p>Tambi\u00e9n cancela contratos y permisos a la iniciativa privada, y elimina los \u00f3rganos reguladores, como la Comisi\u00f3n Reguladora de Energ\u00eda; adem\u00e1s, establece que el aprovechamiento del litio ser\u00e1 exclusivo de la\u00a0<strong>naci\u00f3n.\u00a0<\/strong><\/p>\n\n\n\n<p><strong>Fuente: <\/strong>heraldodemexico<\/p>\n","protected":false},"excerpt":{"rendered":"<p>El l\u00edder de los senadores de Morena,&nbsp;Ricardo Monreal,&nbsp;dijo que ya comenz\u00f3 a cabildear la propuesta de reforma el\u00e9ctrica del presidente Andr\u00e9s Manuel L\u00f3pez Obrador y que esperan recibirla en el Senado como minuta durante la primera semana de diciembre. Sin embargo, ante la pol\u00e9mica que ha provocado la cancelaci\u00f3n de contratos y permisos en el [&hellip;]<\/p>\n","protected":false},"author":2,"featured_media":96915,"comment_status":"open","ping_status":"open","sticky":false,"template":"","format":"standard","meta":{"footnotes":""},"categories":[61],"tags":[],"class_list":["post-96914","post","type-post","status-publish","format-standard","has-post-thumbnail","hentry","category-politica"],"_links":{"self":[{"href":"http:\/\/elcuartopoder.com.mx\/nw\/wp-json\/wp\/v2\/posts\/96914","targetHints":{"allow":["GET"]}}],"collection":[{"href":"http:\/\/elcuartopoder.com.mx\/nw\/wp-json\/wp\/v2\/posts"}],"about":[{"href":"http:\/\/elcuartopoder.com.mx\/nw\/wp-json\/wp\/v2\/types\/post"}],"author":[{"embeddable":true,"href":"http:\/\/elcuartopoder.com.mx\/nw\/wp-json\/wp\/v2\/users\/2"}],"replies":[{"embeddable":true,"href":"http:\/\/elcuartopoder.com.mx\/nw\/wp-json\/wp\/v2\/comments?post=96914"}],"version-history":[{"count":1,"href":"http:\/\/elcuartopoder.com.mx\/nw\/wp-json\/wp\/v2\/posts\/96914\/revisions"}],"predecessor-version":[{"id":96916,"href":"http:\/\/elcuartopoder.com.mx\/nw\/wp-json\/wp\/v2\/posts\/96914\/revisions\/96916"}],"wp:featuredmedia":[{"embeddable":true,"href":"http:\/\/elcuartopoder.com.mx\/nw\/wp-json\/wp\/v2\/media\/96915"}],"wp:attachment":[{"href":"http:\/\/elcuartopoder.com.mx\/nw\/wp-json\/wp\/v2\/media?parent=96914"}],"wp:term":[{"taxonomy":"category","embeddable":true,"href":"http:\/\/elcuartopoder.com.mx\/nw\/wp-json\/wp\/v2\/categories?post=96914"},{"taxonomy":"post_tag","embeddable":true,"href":"http:\/\/elcuartopoder.com.mx\/nw\/wp-json\/wp\/v2\/tags?post=96914"}],"curies":[{"name":"wp","href":"https:\/\/api.w.org\/{rel}","templated":true}]}}