{"id":97005,"date":"2021-11-01T11:11:28","date_gmt":"2021-11-01T16:11:28","guid":{"rendered":"http:\/\/elcuartopoder.com.mx\/nw\/?p=97005"},"modified":"2021-11-01T11:11:30","modified_gmt":"2021-11-01T16:11:30","slug":"es-un-error-la-coalicion-pri-pan-prd-para-enfrentar-a-amlo-y-a-morena-castaneda","status":"publish","type":"post","link":"http:\/\/elcuartopoder.com.mx\/nw\/politica\/es-un-error-la-coalicion-pri-pan-prd-para-enfrentar-a-amlo-y-a-morena-castaneda\/","title":{"rendered":"Es un error la coalici\u00f3n PRI-PAN-PRD para enfrentar a AMLO y a Morena: Casta\u00f1eda"},"content":{"rendered":"\n<p>\u201c<strong>Nosotros siempre les dijimos que era un error t\u00e1ctico y estrat\u00e9gico concederle o hacerle realidad los sue\u00f1os del Presidente de la Rep\u00fablica en el sentido de tener un bloque opositor\u201d,<\/strong>&nbsp;recuerda&nbsp;<strong>Clemente Casta\u00f1eda Hoeflich, Coordinador Nacional de Movimiento Ciudadano,<\/strong>&nbsp;al hablar sobre la postura que fijaron el a\u00f1o pasado \u2014y que sostienen\u2014 frente a&nbsp;<strong>Claudio X. Gonz\u00e1lez Guajardo<\/strong>, el fundador de<strong>&nbsp;S\u00ed por M\u00e9xico<\/strong>, agrupaci\u00f3n que en 2021 logr\u00f3 coaligar al&nbsp;<strong>PRI, PAN y PRD<\/strong>&nbsp;en la alianza Va por M\u00e9xico y que ahora ha pedido al partido naranja sumarse a ellos rumbo a 2024.<\/p>\n\n\n\n<p>Casta\u00f1eda Hoeflich indic\u00f3 en entrevista con&nbsp;<strong>SinEmbargo<\/strong>&nbsp;que desde entonces Movimiento Ciudadano, como organizaci\u00f3n pol\u00edtica, no ha estado involucrado en ninguna pl\u00e1tica de car\u00e1cter institucional con S\u00ed por M\u00e9xico ni \u00e9l ha hablado con Gonz\u00e1lez Guajardo ni con ninguno de sus emisarios por lo que ir\u00e1n solos en la pr\u00f3xima elecci\u00f3n presidencial, para la cual asegur\u00f3 tener \u201cmuchos hombres y muchas mujeres que pueden asumir esa responsabilidad\u201d.<\/p>\n\n\n\n<blockquote class=\"wp-block-quote is-layout-flow wp-block-quote-is-layout-flow\"><p>\u201cEs gente que merece todo mi respeto, no coincidimos pol\u00edticamente. Insisto, creo que se est\u00e1n equivocando en t\u00e9rminos t\u00e1cticos y estrat\u00e9gicos, pero a\u00fan as\u00ed les deseamos lo mejor. No tengo duda que en ellos hay mucha gente que le quiere hacer bien al pa\u00eds, pero creemos que lo correcto es construir una alternativa distinta alejada del pasado\u201d, coment\u00f3 el tambi\u00e9n Senador del partido naranja, una fuerza pol\u00edtica que insiste en mostrarse como lejana a los \u201cpartidos del pasado\u201d, pese a que en su filas tiene a exintegrantes de estos.<\/p><\/blockquote>\n\n\n\n<p>La semana pasada, Claudio X. Gonz\u00e1lez Guajardo anunci\u00f3, en una terraza frente a Palacio Nacional, el plan con el cu\u00e1l busca quitar a Morena del Gobierno: una gran coalici\u00f3n opositora que en 2024 compita contra el candidato del \u201coficialismo\u201d. No obstante, el proyecto del empresario tiene un inconveniente, contempla a Movimiento Ciudadano, partido que no los acompa\u00f1\u00f3 en 2021 y que \u2014en palabras de Clemente Casta\u00f1eda\u2014 ha decidido construir un proyecto alternativo. <\/p>\n\n\n\n<p>Con motivo del primer a\u00f1o de su proyecto opositor, Claudio X. Gonz\u00e1lez&nbsp; f\u200b\u200bue enf\u00e1tico en dar n\u00fameros de c\u00f3mo en la elecci\u00f3n intermedia la oposici\u00f3n hab\u00eda vencido a Morena. Pero para ello se adjudic\u00f3 los resultados que logr\u00f3 el Movimiento Naranja, a quien le pidi\u00f3 en m\u00e1s de una ocasi\u00f3n voltear a ver la alianza que desde el empresariado han podido construir en torno al PRI, PAN y PRD.<\/p>\n\n\n\n<p>\u201cLas y los candidatos de la coalici\u00f3n resultaron triunfadores en 24 de las 39 ciudades m\u00e1s pobladas del pa\u00eds, mismas que concentran el 25 por ciento del padr\u00f3n electoral. Si sumamos a MC a ese resultado, la oposici\u00f3n en su conjunto logr\u00f3 triunfos en 28 de las 39 ciudades m\u00e1s pobladas de M\u00e9xico\u201d. dijo el hijo del presidente de Kimberly-Clark de M\u00e9xico. \u201cLa coalici\u00f3n Va por M\u00e9xico y Movimiento Ciudadano juntos pueden ganar la elecci\u00f3n presidencial y la Jefatura de Gobierno en el a\u00f1o 2024\u201d, reiter\u00f3.<\/p>\n\n\n\n<figure class=\"wp-block-image\"><img decoding=\"async\" src=\"https:\/\/i2.wp.com\/www.sinembargo.mx\/wp-content\/uploads\/2021\/10\/cuartoscuro-839099-digital-3.jpeg?resize=700%2C467&amp;quality=80&amp;strip=all&amp;ssl=1\" alt=\"\" class=\"wp-image-4049299\"\/><figcaption>Claudio X. Gonz\u00e1lez Guajardo en la conferencia en la que llam\u00f3 a MC a sumarse al bloque opositor. Foto: Galo Ca\u00f1as, Cuartoscuro.<\/figcaption><\/figure>\n\n\n\n<p>En respuesta, Clemente Casta\u00f1eda expres\u00f3:<\/p>\n\n\n\n<blockquote class=\"wp-block-quote is-layout-flow wp-block-quote-is-layout-flow\"><p>\u201cEntiendo que hoy muchos de los que acusaban a Movimiento Ciudadano de estarle haciendo el juego a Morena, terminaron por sumar nuestros votos \u2014que por cierto son 3 millones 450 mil votos\u2014 a los votos de la oposici\u00f3n, cuando en el momento de la campa\u00f1a dec\u00edan que esos iban a ser votos para Morena. Pues cada quien es libre de sumar en su posici\u00f3n lo que quiera, lo que yo puedo decir es que los 3 millones 450 mil votos que obtuvo Movimiento Ciudadano responden a una idea, a una causa, a una serie de principios que son los que vamos a defender, no necesitamos que nadie nos tripule, nos capitenee o nos diga cu\u00e1l es la ruta que hay que marcar, eso ya lo hemos hecho como dirigencia nacional de Movimiento Ciudadano\u201d.<\/p><\/blockquote>\n\n\n\n<p>Cuestionado sobre cu\u00e1les son los candidatos que podr\u00edan representar a su partido en 2024, Casta\u00f1eda Hoeflich reconoci\u00f3 que tienen varias opciones como el Gobernador de Jalisco, Enrique Alfaro; el alcalde Monterrey, Luis Donaldo Colosio; la excandidata presidencial, Patricia Mercado o incluso el coordinador de sus senadores y l\u00edder m\u00e1ximo, Dante Delgado. Sobre el Gobernador Samuel Garc\u00eda record\u00f3 que \u201c\u00e9l ha dicho que est\u00e1 concentrado en dar buenos resultados en Nuevo Le\u00f3n\u201d.<\/p>\n\n\n\n<p>\u201cNosotros tenemos muchas alternativas y eso creo que le da mucha fuerza y perspectiva de futuro a Movimiento Ciudadano, a diferencia de otras fuerzas pol\u00edticas que andan buscando debajo de las piedras con qui\u00e9n contender en la elecci\u00f3n presidencial\u201d, refiri\u00f3.<\/p>\n\n\n\n<p>Ante la posibilidad de abanderar a un candidato externo como el canciller Marcelo Ebrard, a quien parecen cerr\u00e1rsele las puertas dentro de Morena y que en el pasado ha comulgado con las ideas de Movimiento Ciudadano, Clemente Casta\u00f1eda indic\u00f3 que su partido \u201cno est\u00e1 en este momento buscando candidatos y candidatas\u201d, aunque se\u00f1al\u00f3: \u201ctampoco le vamos a cerrar las puertas a nadie, esta es una organizaci\u00f3n pol\u00edtica de puertas abiertas para hombres y mujeres que al igual que nosotros crean que a trav\u00e9s y a partir de la pol\u00edtica se puede cambiar la historia de M\u00e9xico y eso es lo que vamos a hacer\u201d.<\/p>\n\n\n\n<blockquote class=\"wp-block-quote is-layout-flow wp-block-quote-is-layout-flow\"><p>\u2014En este no cerrar las puertas, entonces no descartan un escenario as\u00ed (en el que abanderen a Marcelo Ebrard)\u2014 se le pregunt\u00f3.<\/p><p>\u2014Nosotros estamos concentrados en ser una alternativa para M\u00e9xico, y si hay hombres y mujeres con militancia, en t\u00e9rminos generales, en otras fuerzas pol\u00edticas que decidan abrazar las causas de Movimiento Ciudadano pues en su momento evaluaremos, tomaremos la mejor decisi\u00f3n, por su puesto que nos reservaremos el derecho de admisi\u00f3n, no como sucede en otras fuerzas pol\u00edticas que le abren la puerta, digamos, a lo m\u00e1s retr\u00f3grada del r\u00e9gimen que dec\u00edan combatir, me refiero concretamente a Morena y al caso de Manuel Bartlett para bot\u00f3n de muestra, nosotros seguiremos siendo muy cautelosos en a quienes invitamos y con qui\u00e9n construimos.<\/p><\/blockquote>\n\n\n\n<p>Precisamente ante la postura que han asumido como la tercera v\u00eda, se le cuestion\u00f3 a Casta\u00f1eda el que hayan sumado a sus filas a exintegrantes del priismo como Enrique Alfaro o Ivonne Ortega.<\/p>\n\n\n\n<p>\u201cYo creo que todo mundo tiene derecho a rectificar, a reconocer sus errores y a fijar su posici\u00f3n pol\u00edtica personal. Para no hablar de quienes t\u00fa has se\u00f1alado, porque ellos ya han explicado en su momento su decisi\u00f3n, pues yo hablo de m\u00ed y en mi caso en alg\u00fan momento milit\u00e9 en las filas del PRD. Entend\u00ed en ese momento, en esa circunstancia, que el PRD hab\u00eda agotado su ciclo, que no era como organizaci\u00f3n pol\u00edtica una alternativa y tom\u00e9 la decisi\u00f3n de militar en Movimiento Ciudadano y creo que ha sido lo correcto para m\u00ed y para muchas otras personas\u201d, precis\u00f3.<\/p>\n\n\n\n<figure class=\"wp-block-image\"><img decoding=\"async\" src=\"https:\/\/i1.wp.com\/www.sinembargo.mx\/wp-content\/uploads\/2021\/10\/cuartoscuro-814646-digital.jpeg?resize=700%2C665&amp;quality=80&amp;strip=all&amp;ssl=1\" alt=\"\" class=\"wp-image-4049304\"\/><figcaption>Clemente Casta\u00f1eda, coordinador nacional de Movimiento Ciudadano. Foto: Daniel Augusto, Cuartoscuro.<\/figcaption><\/figure>\n\n\n\n<h1 class=\"wp-block-heading\"><strong>***<\/strong><\/h1>\n\n\n\n<p>\u2014Hace unos d\u00edas S\u00ed por M\u00e9xico, agrupaci\u00f3n que est\u00e1 detr\u00e1s de la alianza Va por M\u00e9xico y que conforman el PRI, PAN y PRD llam\u00f3 a Movimiento Ciudadano a ir con ellos en la elecci\u00f3n presidencial de 2024. Le pregunto, coordinador: \u00bfMC se sumar\u00e1 a Va por M\u00e9xico o ratifica que seguir\u00e1 apostando por s\u00ed mismo como \u201ctercera v\u00eda\u201d?<\/p>\n\n\n\n<p>\u2014Nosotros lo que hemos dicho, agradeciendo por supuesto el gesto que ha tenido S\u00ed por M\u00e9xico con nosotros, es que lo que tendr\u00edamos que hacer si le queremos hacer un bien al pa\u00eds es salirnos de la trampa de la polarizaci\u00f3n en la que nos quiere meter el Presidente de la Rep\u00fablica, que ya meti\u00f3 a algunos, en el sentido de seguir pensando que este pa\u00eds nada m\u00e1s se puede dividir en dos nada m\u00e1s, en liberales y conservadores, entre chairos y fif\u00eds, en cualquier otra cosa que el Presidente insiste en polarizar con su discurso ma\u00f1anero y lo que tendr\u00edamos que hacer es construir alternativas. Movimiento Ciudadano decidi\u00f3, no de ahora, sino desde hace varios meses, incluso as\u00ed lo confirmamos desde nuestra posici\u00f3n pol\u00edtica en el 2021, que lo que tenemos que hacer es construir un proyecto alternativo, y un proyecto alternativo no se pude construir con los partidos que ya le fallaron a M\u00e9xico que representan el pasado y que por lo visto se empe\u00f1an en seguirlo representando de tal suerte que lo que nosotros hemos dicho de manera muy puntual al S\u00ed por M\u00e9xico es: \u2018no gracias, vamo a seguir construyendo la alternativa que M\u00e9xico necesita\u2019.<\/p>\n\n\n\n<p>\u2014Qu\u00e9 cambi\u00f3 dentro de Movimiento Ciudadano. En 2018 s\u00ed fueron junto al PAN y PRD en coalici\u00f3n.&nbsp; Ahora es posible que el partido naranja sea acusado de dividir a la oposici\u00f3n.<\/p>\n\n\n\n<p>\u2014De eso nos quisieron acusar en la elecci\u00f3n del 2021, nos dijeron que \u00e9ramos comparsas de Morena, por un lado, pero otro lado los de Morena nos acusaban de ser parte de la mafia del poder y cuando est\u00e1bamos a fuego cruzado lo \u00fanico que ten\u00edamos que decir es: \u2018ni uno ni otro\u2019. Movimiento Ciudadano es una alternativa genuina, de mujeres y hombres libres que pretenden cambiar la manera en la que se hace pol\u00edtica en el pa\u00eds, que est\u00e1n construyendo una alternativa nueva de Gobierno, que le apuesta, particularmente, a que a M\u00e9xico le vaya bien. Nosotros no queremos que le vaya mal a nadie, ni al Gobierno, ni a las oposiciones, queremos que el pa\u00eds transite, queremos que el pa\u00eds evolucione, queremos que el pa\u00eds vea hacia el futuro y por eso es que mantenemos esta posici\u00f3n pol\u00edtica, que creemos que es la correcta.<\/p>\n\n\n\n<p>\u2014Y si el PRI saliera de Va por M\u00e9xico considerar\u00edan la alianza o es un hecho que no veremos a MC coaligado a otro partido en ninguna elecci\u00f3n de aqu\u00ed a 2024.<\/p>\n\n\n\n<p>\u2014Nosotros no estamos en la ruta de construir una coalici\u00f3n con ninguno de los partidos que representan al pasado. Si el PRI sale o no sale de S\u00ed por M\u00e9xico es un asunto que les corresponde a ellos, yo nunca he visto al PRI firme en su papel de oposici\u00f3n al contrario, todos los d\u00edas se debate entre seguir siendo una ap\u00e9ndice del poder y asumir su rol de oposici\u00f3n, pero ese problema de identidad es problema de ellos. Nosotros lo que hacemos es estar muy firmes en nuestras convicciones y creemos que lo que m\u00e1s le conviene a M\u00e9xico es justamente poner a Movimiento Ciudadano al servicio de las mujeres y de los hombres libres de este pa\u00eds, que pretenden construir alternativa y eso es lo que hemos hecho estos a\u00f1os, lo que hicimos ya en el 21, que por cierto dio muy buenos resultados, y lo que vamos a hacer de cara al 24.<\/p>\n\n\n\n<figure class=\"wp-block-image\"><img decoding=\"async\" src=\"https:\/\/i2.wp.com\/www.sinembargo.mx\/wp-content\/uploads\/2021\/10\/fc0n0-qaiaalxlv.jpg?resize=700%2C497&amp;quality=80&amp;strip=all&amp;ssl=1\" alt=\"\" class=\"wp-image-4049313\"\/><figcaption>Clemente Casta\u00f1eda y Enrique Alfaro, uno de los principales cuadros de MC. Foto: Twitter @ClementeCH<\/figcaption><\/figure>\n\n\n\n<p>\u2014Coordinador, hablan ustedes de los partidos del pasado, sin embargo dentro de sus filas tienen a exintegrantes de estos mismos partidos . Es el caso Enrique Alfaro, Gobernador emecista de Jalisco, que proviene del PRI o m\u00e1s recientemente la exgobenadora, tambi\u00e9n priista, Ivonne Ortega. \u00bfEste chapulineo no es una pr\u00e1ctica de los partidos del pasado, como ustedes les llaman?<\/p>\n\n\n\n<p>\u2014Yo creo que todo mundo tiene derecho a rectificar, a reconocer sus errores y a fijar su posici\u00f3n pol\u00edtica personal. Para no hablar de quienes t\u00fa has se\u00f1alado, porque ellos ya han explicado en su momento su decisi\u00f3n, pues yo hablo de m\u00ed y en mi caso en alg\u00fan momento milit\u00e9 en las filas del PRD. Entend\u00ed en ese momento, en esa circunstancia, que el PRD hab\u00eda agotado su ciclo, que no era como organizaci\u00f3n pol\u00edtica una alternativa y tom\u00e9 la decisi\u00f3n de militar en Movimiento Ciudadano y creo que ha sido lo correcto para m\u00ed y para muchas otras personas que han, con legitimidad, buscado alternativas de oposici\u00f3n pol\u00edtica. Ahora creo que lo m\u00e1s importante en esta coyuntura, y en cualquier otra, es abrazar con mucha convicci\u00f3n las causas que defiende Movimiento Ciudadano y en eso todo mundo tiene derechos.<\/p>\n\n\n\n<p>\u2014Ganan ustedes Nuevo Le\u00f3n, sin embargo hay una disminuci\u00f3n en el n\u00famero de diputados federales \u00bfSeguir\u00e1n con esta misma estrategia, pese a este retroceso en el Congreso?<\/p>\n\n\n\n<p>\u2014Yo no veo un retroceso. Claro, tenemos cinco curules menos respecto de la legislatura pasada, pero sigue siendo una fuerza parlamentaria s\u00f3lida, consistente, que hoy tiene muchos m\u00e9ritos por haber ganado varias diputaciones de mayor\u00eda, siete si mal no recuerdo, en un escenario de much\u00edsima polarizaci\u00f3n, pero esto no s\u00f3lo tiene que evaluarse en t\u00e9rminos de curules sino en t\u00e9rminos de votos y esa cifra, esos n\u00fameros me parecen contundentes. Movimiento Ciudadano es la \u00fanica organizaci\u00f3n pol\u00edtica que puede presumir que creci\u00f3 de manera sustantiva respecto a la elecci\u00f3n de 2018. Nosotros tuvimos un mill\u00f3n de votos m\u00e1s respecto a la elecci\u00f3n de 2018, en la elecci\u00f3n de 2021. No hay ninguna otra organizaci\u00f3n pol\u00edtica que haya crecido y mucho menos que haya crecido de manera exponencial como creci\u00f3 Movimiento Ciudadano. Si eso no se tradujo en un n\u00famero de curules de manera proporcional, pues el problema es del sistema de representaci\u00f3n y del sistema electoral y no del respaldo popular que tuvo Movimiento Ciudadano, que creo, en el 2024, esa fuerza se va a potenciar todav\u00eda m\u00e1s.<\/p>\n\n\n\n<p>\u2014Hablando de 2024, \u00bfEnrique Alfaro es el principal prospecto de candidato presidencial o es Samuel Garc\u00eda? \u00bfO es Luis Donaldo Colosio, alcalde de Monterrey, a quien las encuestas colocan en una muy buena posici\u00f3n? \u00bfO lo es Dante Delgado, de quien incluso se ha hablado de la posibilidad?<\/p>\n\n\n\n<p>\u2014Nosotros tenemos muchas alternativas y eso creo que le da mucha fuerza y perspectiva de futuro a Movimiento Ciudadano, a diferencia de otras fuerzas pol\u00edticas que andan buscando debajo de las piedras con qui\u00e9n contender en la elecci\u00f3n presidencial, pues nosotros tenemos muchos hombres y muchas mujeres que pueden asumir esa responsabilidad y claro que est\u00e1 el Gobernador Alfaro que gobierna uno de los estados m\u00e1s importantes del pa\u00eds, claro que est\u00e1, si as\u00ed \u00e9l lo decide, el Gobernador Samuel Garc\u00eda, aunque \u00e9l ha dicho que est\u00e1 concentrado en dar buenos resultados en Nuevo Le\u00f3n o por qu\u00e9 no Luis Donaldo Colosio o Dante Delgado o Patricia Mercado, que ya fue candidata presidencial. Es decir, hombres y mujeres tenemos para ir a la contienda presidencial, pero m\u00e1s importante que los nombres es el proyecto, las ideas y las causas que queremos que est\u00e9n vigentes de cara a la elecci\u00f3n del 2024.<\/p>\n\n\n\n<figure class=\"wp-block-image\"><img decoding=\"async\" src=\"https:\/\/i2.wp.com\/www.sinembargo.mx\/wp-content\/uploads\/2021\/10\/cuartoscuro-818423-digital.jpeg?resize=700%2C467&amp;quality=80&amp;strip=all&amp;ssl=1\" alt=\"\" class=\"wp-image-4049316\"\/><figcaption>Samuel Garc\u00eda acompa\u00f1ado de su esposa Mariana Rodr\u00edguez y el dirigente nacional de MC; Clemente Casta\u00f1eda. Foto: Gabriela P\u00e9rez Montiel, Cuartoscuro.<\/figcaption><\/figure>\n\n\n\n<p>\u2014En el caso de que la sucesi\u00f3n presidencial dividiera a Morena \u00bfarropar\u00edan una eventual candidatura del canciller Marcelo Ebrard, \u00e9l no hace mucho lleg\u00f3 a perfilarse como uno de sus candidatos al Congreso?<\/p>\n\n\n\n<p>\u2014Nosotros no andamos buscando candidatos ni candidatas en otras fuerzas pol\u00edticas. Evidentemente lo que observamos es que en Morena hay una guerra interna muy fuerte que puede provocar una implosi\u00f3n, pero no est\u00e1 Movimiento Ciudadano buscando cuadros en otras fuerzas pol\u00edticas, estamos concentrado en lo nuestro. \u00bfY qu\u00e9 es lo nuestro? Lo digo con toda puntualidad, en que nuestros gobiernos sean ejemplares, sean exitosos, cumplan su palabra, en que nuestros representantes populares, en la C\u00e1mara de Senadores, en la C\u00e1mara de Diputados, en los congresos locales, representen con dignidad y con verg\u00fcenza a la gente y que en funci\u00f3n de eso podamos construir una alternativa al 2024.<\/p>\n\n\n\n<p>\u2014Es decir, es un hecho, Marcelo Ebrard jam\u00e1s ser\u00eda un candidato de Movimiento Ciudadano.<\/p>\n\n\n\n<p>\u2014Pues lo que yo digo es que Movimiento Ciudadano no est\u00e1 en este momento buscando candidatos y candidatas. Tampoco le vamos a cerrar las puertas a nadie, esta es una organizaci\u00f3n pol\u00edtica de puertas abiertas para hombres y mujeres que al igual que nosotros crean que a trav\u00e9s y a partir de la pol\u00edtica se puede cambiar la historia de M\u00e9xico y eso es lo que vamos a hacer.<\/p>\n\n\n\n<figure class=\"wp-block-image\"><img decoding=\"async\" src=\"https:\/\/i2.wp.com\/www.sinembargo.mx\/wp-content\/uploads\/2021\/10\/cuartoscuro-838840-digital.jpeg?resize=700%2C467&amp;quality=80&amp;strip=all&amp;ssl=1\" alt=\"\" class=\"wp-image-4049318\"\/><figcaption>El canciller Marcelo Ebrard. Foto: Mois\u00e9s Pablo, Cuartoscuro.<\/figcaption><\/figure>\n\n\n\n<p>\u2014En este no cerrar las puertas, entonces no descartan un escenario as\u00ed.<\/p>\n\n\n\n<p>\u2014Nosotros estamos concentrados en ser una alternativa para M\u00e9xico, y si hay hombres y mujeres con militancia, en t\u00e9rminos generales, en otras fuerzas pol\u00edticas que decidan abrazar las causas de Movimiento Ciudadano pues en su momento evaluaremos, tomaremos la mejor decisi\u00f3n, por su puesto que nos reservaremos el derecho de admisi\u00f3n, no como sucede en otras fuerzas pol\u00edticas que le abren la puerta, digamos, a lo m\u00e1s retr\u00f3grada del r\u00e9gimen que dec\u00edan combatir, me refiero concretamente a Morena y al caso de Manuel Bartlett para bot\u00f3n de muestra, nosotros seguiremos siendo muy cautelosos en a quienes invitamos y con qui\u00e9n construimos.<\/p>\n\n\n\n<p>\u2014En las reuniones que usted y Jorge \u00c1lvarez Maynez, coordinador en San L\u00e1zaro de MC, tuvieron en la casa de Claudio X. Gonz\u00e1lez, entiendo que en abril o mayo del a\u00f1o pasado, \u00bfqu\u00e9 posici\u00f3n asumieron?<\/p>\n\n\n\n<p>\u2014Nosotros siempre les dijimos que era un error t\u00e1ctico y estrat\u00e9gico concederle o hacerle realidad los sue\u00f1os del Presidente de la Rep\u00fablica en el sentido de tener un bloque opositor. Ellos insistieron en que lo que deb\u00edan hacer era juntar a las oposiciones, Movimiento Ciudadano siempre mantuvo la misma posici\u00f3n. Nunca enga\u00f1amos a nadie siempre le dijimos, lo correcto es que cada quien haga su esfuerzo en particular y eso es lo que nosotros hicimos en congruencia a la posici\u00f3n pol\u00edtica que siempre mantuvimos en esos di\u00e1logos, como di\u00e1logos hemos mantenido con todas las fuerzas pol\u00edticas, inclu\u00eddas las fuerzas pol\u00edtica hoy gobernantes. No podemos hacer pol\u00edtica sin di\u00e1logos, sin intercambiar puntos de vista, sin entender de qu\u00e9 se trata el momento hist\u00f3rico en el que estamos y Movimiento Ciudadano ha sido muy congruente en los t\u00e9rminos en los que ha planteado su relaci\u00f3n pol\u00edtica con las otras fuerzas.<\/p>\n\n\n\n<p>\u2014A partir de esta reuni\u00f3n y de cara a este \u00faltimo de S\u00ed por M\u00e9xico, \u00bfha vuelto a tener comunicaci\u00f3n con Claudio X. Gonz\u00e1lez o con alg\u00fan emisario de este bloque opositor?<\/p>\n\n\n\n<p>\u2014No, en absoluto, no he tenido oportunidad de platicar con ellos. Debo decir, es gente que merece todo mi respeto, no coincidimos pol\u00edticamente. Insisto, creo que se est\u00e1n equivocando en t\u00e9rminos t\u00e1cticos y estrat\u00e9gicos, pero a\u00fan as\u00ed les deseamos lo mejor. No tengo duda que en ellos hay mucha gente que le quiere hacer bien al pa\u00eds, pero creemos que lo correcto es construir una alternativa distinta alejada del pasado, que pueda ver de cara al futuro que pueda tener en ello a los mejores hombres y las mejores mujeres.<\/p>\n\n\n\n<p>\u2014Le pregunto porque el Diputado \u00c1lvarez Maynez fue captado en una entrevista con \u00e9l, \u00e9l mismo reconoci\u00f3 que hay una amistad con Claudio X. Gonz\u00e1lez. \u00bfEsta reuni\u00f3n fue a t\u00edtulo personal, fue en cuesti\u00f3n del partido o a qu\u00e9 se debi\u00f3?<\/p>\n\n\n\n<p>\u2014Pues habr\u00e1 que preguntarle a \u00e9l, pero yo entender\u00eda que fue a t\u00edtulo personal. Movimiento Ciudadano como organizaci\u00f3n pol\u00edtica no ha estado involucrado en ninguna pl\u00e1tica de car\u00e1cter institucional con el S\u00ed por M\u00e9xico, todo lo que hemos hecho es mantener la misma posici\u00f3n pol\u00edtica y yo estoy convencido que es lo correcto.<\/p>\n\n\n\n<figure class=\"wp-block-embed-twitter wp-block-embed is-type-rich is-provider-twitter\"><div class=\"wp-block-embed__wrapper\">\n<blockquote class=\"twitter-tweet\" data-width=\"550\" data-dnt=\"true\"><p lang=\"es\" dir=\"ltr\">Hola, estimado vecino de Morena. <a href=\"https:\/\/twitter.com\/ClaudioXGG?ref_src=twsrc%5Etfw\">@ClaudioXGG<\/a> es un amigo personal, al que adem\u00e1s aprecio y respeto, con el que desde hace mucho tiempo di\u00e1logo frecuentemente.<br><br>Como ustedes apuntan: el encuentro se realiz\u00f3 en un lugar p\u00fablico y conocido. A diferencia tuya, detesto la secrec\u00eda\u2026<\/p>&mdash; Jorge \u00c1lvarez M\u00e1ynez (@AlvarezMaynez) <a href=\"https:\/\/twitter.com\/AlvarezMaynez\/status\/1449045587416944640?ref_src=twsrc%5Etfw\">October 15, 2021<\/a><\/blockquote><script async src=\"https:\/\/platform.twitter.com\/widgets.js\" charset=\"utf-8\"><\/script>\n<\/div><\/figure>\n\n\n\n<p>\u2014\u00bfCu\u00e1l es su relaci\u00f3n con Claudio X. Gonz\u00e1lez?<\/p>\n\n\n\n<p>\u2014Digamos que es una relaci\u00f3n de cordialidad, de di\u00e1logo, de respeto mutuo.&nbsp;<\/p>\n\n\n\n<p>\u2014\u00bfY qu\u00e9 opina de que Claudio X. Gonz\u00e1lez haya sumado los votos que obtuvo MC a los de Va por M\u00e9xico? \u00bfEs una presi\u00f3n indebida?<\/p>\n\n\n\n<p>\u2014No me di cuenta de esa presentaci\u00f3n no s\u00e9 si los haya sumado o no los haya sumado\u2026<\/p>\n\n\n\n<p>\u2014S\u00ed, los sum\u00f3\u2026<\/p>\n\n\n\n<p>\u2014Entiendo que hoy muchos de los que acusaban a Movimiento Ciudadano de estarle haciendo el juego a Morena, terminaron por sumar nuestros votos \u2014que por cierto son 3 millones 450 mil votos\u2014 a los votos de la oposici\u00f3n, cuando en el momento de la campa\u00f1a dec\u00edan que esos iban a ser votos para Morena. Pues cada quien es libre de sumar en su posici\u00f3n lo que quiera, lo que yo puedo decir es que los 3 millones 450 mil votos que obtuvo Movimiento Ciudadano responden a una idea, a una causa, a una serie de principios que son los que vamos a defender, no necesitamos que nadie nos tripule, nos capitenee o nos diga cu\u00e1l es la ruta que hay que marcar, eso ya lo hemos hecho como dirigencia nacional de Movimiento Ciudadano.<\/p>\n\n\n\n<p>\u2014Descartad\u00edsimo ver a Movimiento Ciudadano junto a estos tres partidos tanto en 24 como en cualquier otra elecci\u00f3n de aqu\u00ed a ese a\u00f1o.<\/p>\n\n\n\n<p>\u2014Pues no nos cre\u00edan que eso es lo que \u00edbamos a hacer en el 2021 y demostramos que s\u00ed es posible construir una alternativa, una alternativa que gan\u00f3 una gubernatura como es caso de Nuevo Le\u00f3n, que le robaron otra, como es el caso de Campeche, que hoy gobernamos tres capitales muy importantes del pa\u00eds, Monterrey, Guadalajara y su zona Metropolitana y Campeche capital, que gobierna 130 municipios, que fue la \u00fanica fuerza pol\u00edtica que sum\u00f3 votos respecto a la edici\u00f3n de 2018 porque creci\u00f3 de manera exponencial, no veo razones para que Movimiento Ciudadano cambie su estrategia y su posici\u00f3n pol\u00edtica de cara a 2024.\u00a0<\/p>\n\n\n\n<p><strong>Fuente:<\/strong> sinembargo<\/p>\n","protected":false},"excerpt":{"rendered":"<p>\u201cNosotros siempre les dijimos que era un error t\u00e1ctico y estrat\u00e9gico concederle o hacerle realidad los sue\u00f1os del Presidente de la Rep\u00fablica en el sentido de tener un bloque opositor\u201d,&nbsp;recuerda&nbsp;Clemente Casta\u00f1eda Hoeflich, Coordinador Nacional de Movimiento Ciudadano,&nbsp;al hablar sobre la postura que fijaron el a\u00f1o pasado \u2014y que sostienen\u2014 frente a&nbsp;Claudio X. Gonz\u00e1lez Guajardo, el [&hellip;]<\/p>\n","protected":false},"author":2,"featured_media":97006,"comment_status":"open","ping_status":"open","sticky":false,"template":"","format":"standard","meta":{"footnotes":""},"categories":[61],"tags":[],"class_list":["post-97005","post","type-post","status-publish","format-standard","has-post-thumbnail","hentry","category-politica"],"_links":{"self":[{"href":"http:\/\/elcuartopoder.com.mx\/nw\/wp-json\/wp\/v2\/posts\/97005","targetHints":{"allow":["GET"]}}],"collection":[{"href":"http:\/\/elcuartopoder.com.mx\/nw\/wp-json\/wp\/v2\/posts"}],"about":[{"href":"http:\/\/elcuartopoder.com.mx\/nw\/wp-json\/wp\/v2\/types\/post"}],"author":[{"embeddable":true,"href":"http:\/\/elcuartopoder.com.mx\/nw\/wp-json\/wp\/v2\/users\/2"}],"replies":[{"embeddable":true,"href":"http:\/\/elcuartopoder.com.mx\/nw\/wp-json\/wp\/v2\/comments?post=97005"}],"version-history":[{"count":1,"href":"http:\/\/elcuartopoder.com.mx\/nw\/wp-json\/wp\/v2\/posts\/97005\/revisions"}],"predecessor-version":[{"id":97007,"href":"http:\/\/elcuartopoder.com.mx\/nw\/wp-json\/wp\/v2\/posts\/97005\/revisions\/97007"}],"wp:featuredmedia":[{"embeddable":true,"href":"http:\/\/elcuartopoder.com.mx\/nw\/wp-json\/wp\/v2\/media\/97006"}],"wp:attachment":[{"href":"http:\/\/elcuartopoder.com.mx\/nw\/wp-json\/wp\/v2\/media?parent=97005"}],"wp:term":[{"taxonomy":"category","embeddable":true,"href":"http:\/\/elcuartopoder.com.mx\/nw\/wp-json\/wp\/v2\/categories?post=97005"},{"taxonomy":"post_tag","embeddable":true,"href":"http:\/\/elcuartopoder.com.mx\/nw\/wp-json\/wp\/v2\/tags?post=97005"}],"curies":[{"name":"wp","href":"https:\/\/api.w.org\/{rel}","templated":true}]}}