{"id":97008,"date":"2021-11-01T11:19:39","date_gmt":"2021-11-01T16:19:39","guid":{"rendered":"http:\/\/elcuartopoder.com.mx\/nw\/?p=97008"},"modified":"2021-11-01T11:19:40","modified_gmt":"2021-11-01T16:19:40","slug":"bon-jovi-da-positivo-por-coronavirus-antes-de-ofrecer-un-concierto-en-miami","status":"publish","type":"post","link":"http:\/\/elcuartopoder.com.mx\/nw\/entretenimiento\/espectaculos\/bon-jovi-da-positivo-por-coronavirus-antes-de-ofrecer-un-concierto-en-miami\/","title":{"rendered":"Bon Jovi da positivo por coronavirus antes de ofrecer un concierto en Miami"},"content":{"rendered":"\n<p>El rockero&nbsp;<strong>Jon Bon Jovi<\/strong>&nbsp;dio&nbsp;<strong>positivo a la COVID-19<\/strong>&nbsp;y no pudo participar en un concierto con su banda este s\u00e1bado en un hotel de&nbsp;<strong>Miami Beach<\/strong>, inform\u00f3 el canal local&nbsp;<em>7News<\/em>.<\/p>\n\n\n\n<p>Antes del comienzo del concierto en Loews South Beach, una persona anunci\u00f3 que el cantante no iba a salir al escenario porque la prueba de COVID-19 dio positivo, pero que su banda s\u00ed iba a actuar como estaba previsto.<\/p>\n\n\n\n<blockquote class=\"wp-block-quote is-layout-flow wp-block-quote-is-layout-flow\"><p>\u201cJon se siente bien, pero se va directo a la cama\u201d, dijo escuetamente el portavoz, quien asegur\u00f3 que ning\u00fan otro de los m\u00fasicos dio positivo en las pruebas r\u00e1pidas realizadas antes de la actuaci\u00f3n.<\/p><\/blockquote>\n\n\n\n<p>7News mostr\u00f3 un video en el que se ve al famoso rockero saliendo del hotel rodeado de otras personas y subi\u00e9ndose a un lujoso autom\u00f3vil conducido por el hombre que habl\u00f3 a los asistentes al concierto.<\/p>\n\n\n\n<p>Jon Bon Jovi, de 59 a\u00f1os, es un m\u00fasico, actor, compositor, fil\u00e1ntropo y productor discogr\u00e1fico estadounidense, reconocido por ser el vocalista y l\u00edder de la banda de rock Bon Jovi.<\/p>\n\n\n\n<p>Desde 2009 forma parte del prestigioso Sal\u00f3n de la Fama de los compositores.<\/p>\n\n\n\n<p>De acuerdo con varios medios, el cantante est\u00e1 vacunado contra la COVID-19 y no presenta s\u00edntomas.<\/p>\n\n\n\n<p>Desde el viernes y hasta el domingo incluido el hotel Loews ten\u00eda programadas \u201cactuaciones ac\u00fasticas \u00edntimas\u201d de Bon Jovi y su banda, a las que el p\u00fablico solo pod\u00eda asistir si presentaba certificado de vacunaci\u00f3n o prueba negativa reciente. <\/p>\n\n\n\n<p><strong>Fuente:<\/strong> sinembargo<\/p>\n","protected":false},"excerpt":{"rendered":"<p>El rockero&nbsp;Jon Bon Jovi&nbsp;dio&nbsp;positivo a la COVID-19&nbsp;y no pudo participar en un concierto con su banda este s\u00e1bado en un hotel de&nbsp;Miami Beach, inform\u00f3 el canal local&nbsp;7News. Antes del comienzo del concierto en Loews South Beach, una persona anunci\u00f3 que el cantante no iba a salir al escenario porque la prueba de COVID-19 dio positivo, [&hellip;]<\/p>\n","protected":false},"author":2,"featured_media":97012,"comment_status":"open","ping_status":"open","sticky":false,"template":"","format":"standard","meta":{"footnotes":""},"categories":[11],"tags":[],"class_list":["post-97008","post","type-post","status-publish","format-standard","has-post-thumbnail","hentry","category-espectaculos"],"_links":{"self":[{"href":"http:\/\/elcuartopoder.com.mx\/nw\/wp-json\/wp\/v2\/posts\/97008","targetHints":{"allow":["GET"]}}],"collection":[{"href":"http:\/\/elcuartopoder.com.mx\/nw\/wp-json\/wp\/v2\/posts"}],"about":[{"href":"http:\/\/elcuartopoder.com.mx\/nw\/wp-json\/wp\/v2\/types\/post"}],"author":[{"embeddable":true,"href":"http:\/\/elcuartopoder.com.mx\/nw\/wp-json\/wp\/v2\/users\/2"}],"replies":[{"embeddable":true,"href":"http:\/\/elcuartopoder.com.mx\/nw\/wp-json\/wp\/v2\/comments?post=97008"}],"version-history":[{"count":1,"href":"http:\/\/elcuartopoder.com.mx\/nw\/wp-json\/wp\/v2\/posts\/97008\/revisions"}],"predecessor-version":[{"id":97013,"href":"http:\/\/elcuartopoder.com.mx\/nw\/wp-json\/wp\/v2\/posts\/97008\/revisions\/97013"}],"wp:featuredmedia":[{"embeddable":true,"href":"http:\/\/elcuartopoder.com.mx\/nw\/wp-json\/wp\/v2\/media\/97012"}],"wp:attachment":[{"href":"http:\/\/elcuartopoder.com.mx\/nw\/wp-json\/wp\/v2\/media?parent=97008"}],"wp:term":[{"taxonomy":"category","embeddable":true,"href":"http:\/\/elcuartopoder.com.mx\/nw\/wp-json\/wp\/v2\/categories?post=97008"},{"taxonomy":"post_tag","embeddable":true,"href":"http:\/\/elcuartopoder.com.mx\/nw\/wp-json\/wp\/v2\/tags?post=97008"}],"curies":[{"name":"wp","href":"https:\/\/api.w.org\/{rel}","templated":true}]}}