{"id":97570,"date":"2021-11-11T10:13:05","date_gmt":"2021-11-11T15:13:05","guid":{"rendered":"http:\/\/elcuartopoder.com.mx\/nw\/?p=97570"},"modified":"2021-11-11T10:13:06","modified_gmt":"2021-11-11T15:13:06","slug":"suspenden-a-3-policias-implicados-en-persecucion-y-presunto-robo-de-pertenencias-de-octavio-ocana","status":"publish","type":"post","link":"http:\/\/elcuartopoder.com.mx\/nw\/varios\/suspenden-a-3-policias-implicados-en-persecucion-y-presunto-robo-de-pertenencias-de-octavio-ocana\/","title":{"rendered":"Suspenden a 3 polic\u00edas implicados en persecuci\u00f3n y presunto robo de pertenencias de Octavio Oca\u00f1a"},"content":{"rendered":"\n<p>Ya son tres los polic\u00edas municipales suspendidos por el caso del actor Octavio Oca\u00f1a, as\u00ed lo confirmaron este mi\u00e9rcoles las autoridades del municipio.<\/p>\n\n\n\n<p>Los primeros dos son los que participaron en la persecuci\u00f3n y atenci\u00f3n del incidente donde el joven de 22 a\u00f1os choc\u00f3 su camioneta tipo Jeep el pasado 29 de octubre.<\/p>\n\n\n\n<p>La tercera persona es la mujer polic\u00eda se\u00f1alada por la familia del actor por el presunto robo de una cadena y del celular que llevaba el actor que dio vida a \u2018Benito\u2019 en la serie de\u2019Vecinos\u2019.<\/p>\n\n\n\n<p>Rodrigo Hern\u00e1ndez Garc\u00eda, comisario, apunt\u00f3 que la mujer polic\u00eda se\u00f1alada en redes sociales como responsable del robo de las pertenencias del actor, no estuvo presente en el lugar de los hechos, \u00fanicamente comparti\u00f3 un video de dominio p\u00fablico desde su cuenta personal de Facebook.<\/p>\n\n\n\n<p>El comisario de Seguridad P\u00fablica y Tr\u00e1nsito de Cuautitl\u00e1n Izcalli indic\u00f3 que los tres elementos se encuentran\u00a0separados de sus cargos\u00a0mientras se llevan a cabo las\u00a0investigaciones\u00a0de la Fiscal\u00eda General de Justicia del Estado de M\u00e9xico y de la Comisi\u00f3n de Honor de Justicia.<\/p>\n\n\n\n<p><strong>Fuente:<\/strong> XEU<\/p>\n","protected":false},"excerpt":{"rendered":"<p>Ya son tres los polic\u00edas municipales suspendidos por el caso del actor Octavio Oca\u00f1a, as\u00ed lo confirmaron este mi\u00e9rcoles las autoridades del municipio. Los primeros dos son los que participaron en la persecuci\u00f3n y atenci\u00f3n del incidente donde el joven de 22 a\u00f1os choc\u00f3 su camioneta tipo Jeep el pasado 29 de octubre. La tercera [&hellip;]<\/p>\n","protected":false},"author":2,"featured_media":97571,"comment_status":"open","ping_status":"open","sticky":false,"template":"","format":"standard","meta":{"footnotes":""},"categories":[64],"tags":[],"class_list":["post-97570","post","type-post","status-publish","format-standard","has-post-thumbnail","hentry","category-varios"],"_links":{"self":[{"href":"http:\/\/elcuartopoder.com.mx\/nw\/wp-json\/wp\/v2\/posts\/97570","targetHints":{"allow":["GET"]}}],"collection":[{"href":"http:\/\/elcuartopoder.com.mx\/nw\/wp-json\/wp\/v2\/posts"}],"about":[{"href":"http:\/\/elcuartopoder.com.mx\/nw\/wp-json\/wp\/v2\/types\/post"}],"author":[{"embeddable":true,"href":"http:\/\/elcuartopoder.com.mx\/nw\/wp-json\/wp\/v2\/users\/2"}],"replies":[{"embeddable":true,"href":"http:\/\/elcuartopoder.com.mx\/nw\/wp-json\/wp\/v2\/comments?post=97570"}],"version-history":[{"count":1,"href":"http:\/\/elcuartopoder.com.mx\/nw\/wp-json\/wp\/v2\/posts\/97570\/revisions"}],"predecessor-version":[{"id":97572,"href":"http:\/\/elcuartopoder.com.mx\/nw\/wp-json\/wp\/v2\/posts\/97570\/revisions\/97572"}],"wp:featuredmedia":[{"embeddable":true,"href":"http:\/\/elcuartopoder.com.mx\/nw\/wp-json\/wp\/v2\/media\/97571"}],"wp:attachment":[{"href":"http:\/\/elcuartopoder.com.mx\/nw\/wp-json\/wp\/v2\/media?parent=97570"}],"wp:term":[{"taxonomy":"category","embeddable":true,"href":"http:\/\/elcuartopoder.com.mx\/nw\/wp-json\/wp\/v2\/categories?post=97570"},{"taxonomy":"post_tag","embeddable":true,"href":"http:\/\/elcuartopoder.com.mx\/nw\/wp-json\/wp\/v2\/tags?post=97570"}],"curies":[{"name":"wp","href":"https:\/\/api.w.org\/{rel}","templated":true}]}}