{"id":97576,"date":"2021-11-11T10:20:09","date_gmt":"2021-11-11T15:20:09","guid":{"rendered":"http:\/\/elcuartopoder.com.mx\/nw\/?p=97576"},"modified":"2021-11-11T10:20:10","modified_gmt":"2021-11-11T15:20:10","slug":"mira-sorvino-lamenta-las-dos-decadas-perdidas-por-culpa-de-harvey-weinstein","status":"publish","type":"post","link":"http:\/\/elcuartopoder.com.mx\/nw\/entretenimiento\/espectaculos\/mira-sorvino-lamenta-las-dos-decadas-perdidas-por-culpa-de-harvey-weinstein\/","title":{"rendered":"Mira Sorvino lamenta las dos d\u00e9cadas perdidas por culpa de Harvey Weinstein"},"content":{"rendered":"\n<p><strong>Mira Sorvino<\/strong>\u00a0(Nueva Jersey, 1967) es una de las grandes actrices de su generaci\u00f3n. Antes de cumplir los 30, gan\u00f3 un Oscar y un Globo de Oro por<strong>\u00a0&#8216;Poderosa Afrodita&#8217;<\/strong>. Su padre,\u00a0<strong>Paul Sorvino<\/strong>, era un actor reconocido, aunque sol\u00eda hacer papeles m\u00e1s peque\u00f1os. Su calidad y conocimiento de la industria permit\u00edan augurar una brillante carrera. Pero tuvo la desgracia de que se cruz\u00f3 en su camino\u00a0<strong>Harvey Weinstein<\/strong>, todopoderoso productor que la incluy\u00f3 en las listas negras de Hollywood despu\u00e9s de que ella lo denunciara por\u00a0abusos sexuales.<\/p>\n\n\n\n<p>Despu\u00e9s de rodar para \u00e9l &#8216;Blue in the face&#8217;, de\u00a0<strong>Paul Auster<\/strong>, &#8216;Beautiful girls&#8217;, &#8216;Mimic&#8217; y &#8216;Jackie Brown&#8217;, se vio fuera de &#8216;El se\u00f1or de los anillos&#8217;, al igual que\u00a0<strong>Ashley Judd<\/strong>, y de otras grandes producciones.<\/p>\n\n\n\n<p>La int\u00e9rprete ha roto su silencio en una larga entrevista concedida a\u00a0&#8216;Vanity Fair&#8217;, con motivo del estreno de\u00a0<strong>&#8216;El caso Lewinsky&#8217;<\/strong>, este jueves en La Sexta. En la nueva serie de\u00a0<strong>Ryan Murphy<\/strong>, Sorvino da vida a la madre de\u00a0<strong>Monica Lewinsky<\/strong>.<\/p>\n\n\n\n<p>La actriz habla de c\u00f3mo es sentirse de repente expulsada: \u00abEs casi&nbsp;<strong>como si estuvieras en el Coliseo y el emperador levantara el pulgar hacia arriba o hacia abajo<\/strong>, mientras la multitud lo sigue. Siguen adelante y el cuerpo es arrastrado\u00bb. \u00abNo puedo decir cu\u00e1nto significa la idea de que la gente haya tenido la oportunidad de contratarme de nuevo, creer en m\u00ed y ver algo en m\u00ed\u00bb, a\u00f1ade.<\/p>\n\n\n\n<figure class=\"wp-block-image\"><img decoding=\"async\" src=\"https:\/\/static4.abc.es\/media\/play\/2021\/11\/10\/sorvino-beanie-feldstein-lewinsky-U86327061674SBB-660x372@abc.jpg\" alt=\"Mirta Sorvino, con Beaney Feldstein, madre e hija en &#039;El caso Lewinsky&#039;\"\/><figcaption>Mirta Sorvino, con Beaney Feldstein, madre e hija en &#8216;El caso Lewinsky&#8217;<\/figcaption><\/figure>\n\n\n\n<p>Verse incluida en las listas negras, que siguieron funcionando como en la \u00e9poca del senador&nbsp;<strong>McCarthy<\/strong>, aunque por otros motivos, fue \u00abdesgarrador\u00bb para ella, que se sinti\u00f3 \u00abcomo si no fuera lo suficientemente buena\u00bb. Tuvo que aceptar trabajos menos importantes para mantener a su familia, proyectos que no suelen hacer los ganadores de un Oscar.<\/p>\n\n\n\n<p>Sorvino no supo prever el efecto que tendr\u00eda denunciar a Weinstein. Ella fue una de las primeras estrellas de Hollywood en hablar sobre el productor. Cont\u00f3 que hab\u00eda tenido un&nbsp;<strong>contacto f\u00edsico no deseado en una habitaci\u00f3n de hotel<\/strong>&nbsp;durante el Festival de Cine de Toronto de 1995. Luego, el depredador se present\u00f3 en su apartamento en medio de la noche, sin ser invitado. Weinstein, que ahora cumple condena en prisi\u00f3n, ha negado todos los cargos.<\/p>\n\n\n\n<h3 class=\"wp-block-heading\">Punto de inflexi\u00f3n<\/h3>\n\n\n\n<p>\u00abFue un punto de inflexi\u00f3n en mi vida. No hay forma de minimizar el impacto de aquella decisi\u00f3n. Yo fui una de las muchas personas que rompieron el silencio y decidieron denunciar a un hombre muy, muy malvado\u00bb, dice Sorvino. \u00abSer parte de algo tan grande realmente ha significado mucho para m\u00ed\u00bb, asegura en la entrevista.<\/p>\n\n\n\n<p>Mira Sorvino se convirti\u00f3 en uno de los rostros del movimiento #MeToo, pero abrir la caja de Pandora tambi\u00e9n la enfrent\u00f3 a otros episodios de violencia sexual sufridos en su juventud, como una agresi\u00f3n sexual violenta que sufri\u00f3 cuando era adolescente y un\u00a0encuentro inapropiado con un director de casting, que\u00a0<strong>la amordaz\u00f3 con un cond\u00f3n<\/strong>\u00a0cuando ella ten\u00eda 16 a\u00f1os.<\/p>\n\n\n\n<p>\u00abEra m\u00e1s f\u00e1cil permanecer en el anonimato que permitir que todos abrieran esas heridas\u00bb, dice Sorvino. \u00abNunca me hab\u00eda cuidado lo suficientemente bien en el pasado, pero tampoco creo que nadie hubiera sabido c\u00f3mo se sentir\u00eda al ir a un programa de entrevistas y verse en&nbsp;<strong>un gr\u00e1fico junto con otras 98 v\u00edctimas de Harvey<\/strong>. Me ech\u00e9 a llorar, pero creo que soy m\u00e1s fuerte por eso\u00bb.<\/p>\n\n\n\n<h3 class=\"wp-block-heading\">Fuera de &#8216;El Se\u00f1or de los Anillos&#8217;<\/h3>\n\n\n\n<p>La int\u00e9rprete tambi\u00e9n habla de su exclusi\u00f3n de &#8216;El Se\u00f1or de los Anillos&#8217;, confirmada por&nbsp;<strong>Peter Jackson<\/strong>. \u00abObviamente, sab\u00eda que Harvey estaba enojado conmigo\u00bb, recuerda Sorvino, \u00abpero no sab\u00eda que ten\u00eda el alcance que ten\u00eda, que pod\u00eda congelar toda mi carrera para que yo no pudiera trabajar m\u00e1s en pel\u00edculas de estudio. Eso me hizo caer en picado. Descubr\u00ed que no fue aleatorio, no fue el destino. Fue&nbsp;<strong>una mano mal\u00e9vola que alter\u00f3 la trayectoria de mi vida y mi carrera<\/strong>\u00bb.<\/p>\n\n\n\n<p>\u00abEste es el problema del acoso sexual: no es una molestia o algo de lo que las mujeres deban defenderse. Da forma a toda tu vida y su potencial. Un hombre capaz de hacer que te despidan o no te contraten por negarte a cumplir sus demandas sexuales supone la destrucci\u00f3n para muchas mujeres y hombres.&nbsp;<strong>Soy solo una de los millones de personas a las que les ocurri\u00f3 esto<\/strong>. Es realmente impactante y horrible\u00bb.<\/p>\n\n\n\n<figure class=\"wp-block-image\"><img decoding=\"async\" src=\"https:\/\/static2.abc.es\/media\/play\/2021\/11\/10\/mira-sorvino-woody-allen-poderosa-afrodita-U34850345478FmZ-660x372@abc.jpg\" alt=\"Mira Sorvino y Woody Allen en &#039;Poderosa Afrodita&#039;\"\/><figcaption>Mira Sorvino y Woody Allen en &#8216;Poderosa Afrodita&#8217;<\/figcaption><\/figure>\n\n\n\n<p>Lo que aborda &#8216;El caso Lewinsky&#8217; no es muy distinto. \u00abMi personaje trat\u00f3 de proteger a su hija, pero no pudo\u00bb, cuenta Sorvino sobre&nbsp;<strong>Marcia Lewis<\/strong>. \u00abLo \u00fanico que pod\u00eda hacer era consolarla. Es una situaci\u00f3n horrenda para un progenitor, cuando tu hija sufre y el mundo entero se vuelve en su contra y se burla y ahonda en los detalles sexuales m\u00e1s escabrosos de su relaci\u00f3n con el presidente. La culpan de la relaci\u00f3n cuando, por supuesto, el l\u00edder del mundo libre tiene su propio libre albedr\u00edo\u2026. Siento mucho respeto por ella y los admiro como familia\u00bb. \u00abTuvo que ser terrible para&nbsp;<strong>Hillary<\/strong>&#8230; siento empat\u00eda por todos los involucrados, excepto por&nbsp;<strong>Bill Clinton<\/strong>\u00bb, a\u00f1ade Mira Sorvino.<\/p>\n\n\n\n<p>Sobre el largo par\u00e9ntesis que le caus\u00f3 Weinstein, no deja de pensar en c\u00f3mo podr\u00eda haber sido: \u00abLamento la p\u00e9rdida de las dos d\u00e9cadas de carrera que habr\u00eda tenido si no me hubieran hecho eso. Es duro. Tal vez no habr\u00eda tenido&nbsp;<strong>cuatro hijos<\/strong>&nbsp;si estuviera tan ocupado trabajando de pel\u00edcula en pel\u00edcula. Tengo que tom\u00e1rmelo con filosof\u00eda. Ser madre es lo mejor que he hecho en mi vida. No podemos mirar atr\u00e1s. No podemos cambiar el pasado. Todo lo que podemos hacer es deleitarnos con la belleza de la vida y reconocer nuestra vulnerabilidad y nuestro dolor, y no fingir que no lo tenemos, sino crecer y ayudar a los dem\u00e1s\u00bb, afirma optimista.<\/p>\n\n\n\n<p><strong>Fuente:<\/strong> ABC<\/p>\n","protected":false},"excerpt":{"rendered":"<p>Mira Sorvino\u00a0(Nueva Jersey, 1967) es una de las grandes actrices de su generaci\u00f3n. Antes de cumplir los 30, gan\u00f3 un Oscar y un Globo de Oro por\u00a0&#8216;Poderosa Afrodita&#8217;. Su padre,\u00a0Paul Sorvino, era un actor reconocido, aunque sol\u00eda hacer papeles m\u00e1s peque\u00f1os. Su calidad y conocimiento de la industria permit\u00edan augurar una brillante carrera. Pero tuvo [&hellip;]<\/p>\n","protected":false},"author":2,"featured_media":97577,"comment_status":"open","ping_status":"open","sticky":false,"template":"","format":"standard","meta":{"footnotes":""},"categories":[11],"tags":[],"class_list":["post-97576","post","type-post","status-publish","format-standard","has-post-thumbnail","hentry","category-espectaculos"],"_links":{"self":[{"href":"http:\/\/elcuartopoder.com.mx\/nw\/wp-json\/wp\/v2\/posts\/97576","targetHints":{"allow":["GET"]}}],"collection":[{"href":"http:\/\/elcuartopoder.com.mx\/nw\/wp-json\/wp\/v2\/posts"}],"about":[{"href":"http:\/\/elcuartopoder.com.mx\/nw\/wp-json\/wp\/v2\/types\/post"}],"author":[{"embeddable":true,"href":"http:\/\/elcuartopoder.com.mx\/nw\/wp-json\/wp\/v2\/users\/2"}],"replies":[{"embeddable":true,"href":"http:\/\/elcuartopoder.com.mx\/nw\/wp-json\/wp\/v2\/comments?post=97576"}],"version-history":[{"count":1,"href":"http:\/\/elcuartopoder.com.mx\/nw\/wp-json\/wp\/v2\/posts\/97576\/revisions"}],"predecessor-version":[{"id":97578,"href":"http:\/\/elcuartopoder.com.mx\/nw\/wp-json\/wp\/v2\/posts\/97576\/revisions\/97578"}],"wp:featuredmedia":[{"embeddable":true,"href":"http:\/\/elcuartopoder.com.mx\/nw\/wp-json\/wp\/v2\/media\/97577"}],"wp:attachment":[{"href":"http:\/\/elcuartopoder.com.mx\/nw\/wp-json\/wp\/v2\/media?parent=97576"}],"wp:term":[{"taxonomy":"category","embeddable":true,"href":"http:\/\/elcuartopoder.com.mx\/nw\/wp-json\/wp\/v2\/categories?post=97576"},{"taxonomy":"post_tag","embeddable":true,"href":"http:\/\/elcuartopoder.com.mx\/nw\/wp-json\/wp\/v2\/tags?post=97576"}],"curies":[{"name":"wp","href":"https:\/\/api.w.org\/{rel}","templated":true}]}}