{"id":97586,"date":"2021-11-11T14:53:05","date_gmt":"2021-11-11T19:53:05","guid":{"rendered":"http:\/\/elcuartopoder.com.mx\/nw\/?p=97586"},"modified":"2021-11-11T14:53:07","modified_gmt":"2021-11-11T19:53:07","slug":"kamel-nacif-promueve-nuevo-amparo-contra-la-fiscalia","status":"publish","type":"post","link":"http:\/\/elcuartopoder.com.mx\/nw\/economia\/kamel-nacif-promueve-nuevo-amparo-contra-la-fiscalia\/","title":{"rendered":"Kamel Nacif promueve nuevo amparo contra la Fiscal\u00eda"},"content":{"rendered":"\n<p class=\"wp-block-paragraph\"> El empresario busca evitar una denuncia por defraudaci\u00f3n fiscal y posibles operaciones con recursos de procedencia il\u00edcita. <\/p>\n\n\n\n<p class=\"wp-block-paragraph\"><strong>Kamel Nacif Borge<\/strong>&nbsp;promueve un nuevo amparo en contra de la Fiscal\u00eda General de Justicia, tras una investigaci\u00f3n abierta por la Unidad de Inteligencia Financiera (UIF) por defraudaci\u00f3n fiscal y posibles operaciones con recursos de procedencia il\u00edcita.<\/p>\n\n\n\n<p class=\"wp-block-paragraph\">El empresario conocido como \u201cel rey de la mezclilla\u201d, afirma en su demanda ante el Juzgado Tercero de Distrito de Amparo en Materia Penal en Ciudad de M\u00e9xico que la investigaci\u00f3n, abierta en septiembre de 2020 ha tomado demasiado tiempo sin que \u00e9l o sus abogados&nbsp;<strong>tengan acceso a la carpeta.<\/strong><\/p>\n\n\n\n<blockquote class=\"wp-block-quote is-layout-flow wp-block-quote-is-layout-flow\"><p>\u201cEl retardo en la impartici\u00f3n de justicia, relacionado con la integraci\u00f3n y determinaci\u00f3n de la carpeta de investigaci\u00f3n FED\/SEIDF\/UEIDFF- CDMX\/0001148\/202 que inici\u00f3 la Unidad Especializada en Investigaci\u00f3n de Delitos Fiscales y Financieros de la Subprocuradur\u00eda Especializada en Investigaci\u00f3n de Delitos Federales\u00bb.<\/p><\/blockquote>\n\n\n\n<p class=\"wp-block-paragraph\">El juez Augusto Octavio Mej\u00eda Ojeda a\u00fan no determina si se admite o no la solicitud de Nacif, en tanto que el&nbsp;<strong>imputado no determine \u201cde forma clara y precisa\u201d<\/strong>&nbsp;los actos que reclama a la UIF y a la Fiscal\u00eda.<\/p>\n\n\n\n<h2 class=\"wp-block-heading\">Kamel Nacif en prisi\u00f3n por 93 a\u00f1os<\/h2>\n\n\n\n<p class=\"wp-block-paragraph\">En octubre pasado, un tribunal federal&nbsp;<strong>confirm\u00f3 la sentencia de 93 a\u00f1os de prisi\u00f3n<\/strong>&nbsp;contra Jean Succar Kuri, tras encontrarlo responsable por delitos de pornograf\u00eda infantil y corrupci\u00f3n de menores.<\/p>\n\n\n\n<p class=\"wp-block-paragraph\">Esto luego de que el se\u00f1alado intentara reducir su condena promoviendo un recurso de apelaci\u00f3n.<\/p>\n\n\n\n<p class=\"wp-block-paragraph\">En febrero del 2020, el Primer Tribunal Colegiado del Vig\u00e9simo S\u00e9ptimo Circuito desestim\u00f3 la&nbsp;<strong>sentencia de 112 a\u00f1os de prisi\u00f3n<\/strong>&nbsp;que se le impuso a Nacif, al encontrar vicios en el proceso.<\/p>\n\n\n\n<p class=\"wp-block-paragraph\">Sin embargo, esto no implicaba su libertad sino una nueva sentencia que qued\u00f3 en 93 a\u00f1os.<\/p>\n\n\n\n<p class=\"wp-block-paragraph\">POR: NEFTAL\u00cd HERN\u00c1NDEZ<\/p>\n\n\n\n<p class=\"wp-block-paragraph\">Fuente: https:\/\/sipse.com\/mexico\/kamel-nacif-promueve-nuevo-amparo-contra-la-fiscalia-412170.html<\/p>\n","protected":false},"excerpt":{"rendered":"<p>El empresario busca evitar una denuncia por defraudaci\u00f3n fiscal y posibles operaciones con recursos de procedencia il\u00edcita. Kamel Nacif Borge&nbsp;promueve un nuevo amparo en contra de la Fiscal\u00eda General de Justicia, tras una investigaci\u00f3n abierta por la Unidad de Inteligencia Financiera (UIF) por defraudaci\u00f3n fiscal y posibles operaciones con recursos de procedencia il\u00edcita. El empresario [&hellip;]<\/p>\n","protected":false},"author":2,"featured_media":97591,"comment_status":"open","ping_status":"open","sticky":false,"template":"","format":"standard","meta":{"footnotes":""},"categories":[1],"tags":[],"class_list":["post-97586","post","type-post","status-publish","format-standard","has-post-thumbnail","hentry","category-economia"],"_links":{"self":[{"href":"http:\/\/elcuartopoder.com.mx\/nw\/wp-json\/wp\/v2\/posts\/97586","targetHints":{"allow":["GET"]}}],"collection":[{"href":"http:\/\/elcuartopoder.com.mx\/nw\/wp-json\/wp\/v2\/posts"}],"about":[{"href":"http:\/\/elcuartopoder.com.mx\/nw\/wp-json\/wp\/v2\/types\/post"}],"author":[{"embeddable":true,"href":"http:\/\/elcuartopoder.com.mx\/nw\/wp-json\/wp\/v2\/users\/2"}],"replies":[{"embeddable":true,"href":"http:\/\/elcuartopoder.com.mx\/nw\/wp-json\/wp\/v2\/comments?post=97586"}],"version-history":[{"count":1,"href":"http:\/\/elcuartopoder.com.mx\/nw\/wp-json\/wp\/v2\/posts\/97586\/revisions"}],"predecessor-version":[{"id":97592,"href":"http:\/\/elcuartopoder.com.mx\/nw\/wp-json\/wp\/v2\/posts\/97586\/revisions\/97592"}],"wp:featuredmedia":[{"embeddable":true,"href":"http:\/\/elcuartopoder.com.mx\/nw\/wp-json\/wp\/v2\/media\/97591"}],"wp:attachment":[{"href":"http:\/\/elcuartopoder.com.mx\/nw\/wp-json\/wp\/v2\/media?parent=97586"}],"wp:term":[{"taxonomy":"category","embeddable":true,"href":"http:\/\/elcuartopoder.com.mx\/nw\/wp-json\/wp\/v2\/categories?post=97586"},{"taxonomy":"post_tag","embeddable":true,"href":"http:\/\/elcuartopoder.com.mx\/nw\/wp-json\/wp\/v2\/tags?post=97586"}],"curies":[{"name":"wp","href":"https:\/\/api.w.org\/{rel}","templated":true}]}}