{"id":97627,"date":"2021-11-12T12:03:02","date_gmt":"2021-11-12T17:03:02","guid":{"rendered":"http:\/\/elcuartopoder.com.mx\/nw\/?p=97627"},"modified":"2021-11-12T12:03:04","modified_gmt":"2021-11-12T17:03:04","slug":"una-mujer-contra-los-figuras-del-ciclismo","status":"publish","type":"post","link":"http:\/\/elcuartopoder.com.mx\/nw\/economia\/una-mujer-contra-los-figuras-del-ciclismo\/","title":{"rendered":"Una mujer contra los figuras del ciclismo"},"content":{"rendered":"\n<h2 class=\"wp-block-heading\">La holandesa del Movistar Annemiek van Vleuten aspira a ser la primera f\u00e9mina en ganar la Bicicleta de Oro<\/h2>\n\n\n\n<p>El primero fue Miguel Indur\u00e1in en 1992 y el \u00faltimo Primoz Roglic en el a\u00f1o de la pandemia. Entre medias los nombres m\u00e1s gloriosos de las \u00faltimas tres d\u00e9cadas del ciclismo han conquistado alguna vez el \u2018Velo d\u2019or\u2019 (Bicicleta de oro), formato similar al Bal\u00f3n de Oro futbolero, con votaci\u00f3n de periodistas y organizado por una revista francesa, Velo Magazine. Pantani, Jalabert, Rominger, el ahora invisible Armstrong, Boonen, Cancellara, Froome, Sagan, Alaphilippe&#8230; Una vez lo consigui\u00f3 Alejandro Valverde y el r\u00e9cord lo tiene Alberto Contador, cuatro trofeos entre 2007 y 2014. Apellidos de peso en el ciclismo, pero nunca con nombre de mujer. Este premio no distingue g\u00e9neros, chicos y chicas compiten en el mismo ranking, aunque sus calendarios nunca coincidan.<\/p>\n\n\n\n<p><strong>Por primera vez una f\u00e9mina tiene las mismas posibilidades que los hombres<\/strong>. Hay once ciclistas masculinos y ella, la holandesa Annemiek van Vleuten, la n\u00famero uno mundial que corre para el Movistar.<\/p>\n\n\n\n<p>Van Vleuten ha terminado el a\u00f1o como l\u00edder destacada del UCI World femenino despu\u00e9s de ganar el oro ol\u00edmpico contrarreloj, el Tour de Flandes, la Cl\u00e1sica de San Sebasti\u00e1n o el Ceretizit Challenge by la Vuelta. El curso acab\u00f3 de mala manera para ella,&nbsp;<strong>una doble fractura de pelvis y rotura de hombro<\/strong>&nbsp;en la locura de la Par\u00eds-Roubaix con lluvia de este oto\u00f1o. La neerlandesa, doce triunfos en 2021, ya avanza en la recuperaci\u00f3n y en el viaje de pretemporada que tiene previsto realizar a Colombia.<\/p>\n\n\n\n<p>Uno de sus principales adversarios ser\u00e1&nbsp;<strong>Tadej Pogacar, imponente la sesi\u00f3n del fen\u00f3meno esloveno.<\/strong>&nbsp;Protagonista en todas las carreras en las que participa, sin distinguir categor\u00eda, rivales o recorrido, el esloveno cierra 2021 con el segundo Tour de Francia y tres etapas, la Lieja-Basto\u00f1a-Lieja, el Giro de Lombard\u00eda, la Tirreno, el Tour de Emiratos o el de Eslovenia. De principio a fin, siempre competitivo, sin guardar para el futuro.<\/p>\n\n\n\n<p><strong>Trece triunfos<\/strong><\/p>\n\n\n\n<p>Su compatriota&nbsp;<strong>Primoz Roglic gan\u00f3 el \u2018Velo d\u2019or<\/strong>\u2019 el a\u00f1o pasado y vuelve a presentar credenciales: su tercera Vuelta a Espa\u00f1a seguida m\u00e1s cuatro etapas en dominio absoluto, oro ol\u00edmpico en la contrarreloj, Vuelta al Pa\u00eds Vasco, Mil\u00e1n-Tur\u00edn, tres etapas en la Par\u00eds-Niza&#8230;<\/p>\n\n\n\n<p>Trece victorias, las mismas que Pogacar y tantas como Wout van Aert. Los tres &#8216;cracks&#8217;, empatados en la cuenta de resultados.&nbsp;<strong>A Van Aert le persiguen demasiadas platas<\/strong>&nbsp;(subcampe\u00f3n ol\u00edmpico, subcampe\u00f3n mundial contrarreloj&#8230;), pero su calidad es incuestionable como primera figura: tres etapas en el Tour (al esprint, en monta\u00f1a y en contrarreloj), Amstel Gold Race, Gante Wevelgem, Tour de Gran Breta\u00f1a&#8230; Pura clase.<\/p>\n\n\n\n<p>En el escalaf\u00f3n de favoritos no hay ning\u00fan espa\u00f1ol, Valverde no llega a todo.&nbsp;<strong>Luce Julian Alaphilippe,<\/strong>&nbsp;quien renueva el maillot arco\u00edris de campe\u00f3n del mundo y su eterno idilio con la Flecha Valona, adem\u00e1s de una etapa en el Tour. Para Mathieu van der Poel no ha sido la mejor temporada en recuento de triunfos, aunque su explosividad no tiene parang\u00f3n. As\u00ed gan\u00f3 la Strade Bianche y formul\u00f3 su estreno en el Tour de Francia (una etapa y seis d\u00edas de maillot amarillo).<\/p>\n\n\n\n<p>Richard Carapaz (campe\u00f3n ol\u00edmpico, podio en el Tour),&nbsp;<strong>Egan Bernal (Giro de Italia m\u00e1s dos etapas)<\/strong>, Mark Cavendish (cuatro victorias en el Tour), Sony Colbrelli (Par\u00eds-Roubaix) o Kasper Asgreen (Flandes) en representaci\u00f3n de la pujante Dinamarca asoman en la lista.<\/p>\n\n\n\n<p>Fuente: https:\/\/www.abc.es\/deportes\/ciclismo\/abci-mujer-contra-figuras-ciclismo-202111100045_noticia.html<\/p>\n","protected":false},"excerpt":{"rendered":"<p>La holandesa del Movistar Annemiek van Vleuten aspira a ser la primera f\u00e9mina en ganar la Bicicleta de Oro El primero fue Miguel Indur\u00e1in en 1992 y el \u00faltimo Primoz Roglic en el a\u00f1o de la pandemia. Entre medias los nombres m\u00e1s gloriosos de las \u00faltimas tres d\u00e9cadas del ciclismo han conquistado alguna vez el [&hellip;]<\/p>\n","protected":false},"author":2,"featured_media":97640,"comment_status":"open","ping_status":"open","sticky":false,"template":"","format":"standard","meta":{"footnotes":""},"categories":[7,1],"tags":[],"class_list":["post-97627","post","type-post","status-publish","format-standard","has-post-thumbnail","hentry","category-deportes","category-economia"],"_links":{"self":[{"href":"http:\/\/elcuartopoder.com.mx\/nw\/wp-json\/wp\/v2\/posts\/97627","targetHints":{"allow":["GET"]}}],"collection":[{"href":"http:\/\/elcuartopoder.com.mx\/nw\/wp-json\/wp\/v2\/posts"}],"about":[{"href":"http:\/\/elcuartopoder.com.mx\/nw\/wp-json\/wp\/v2\/types\/post"}],"author":[{"embeddable":true,"href":"http:\/\/elcuartopoder.com.mx\/nw\/wp-json\/wp\/v2\/users\/2"}],"replies":[{"embeddable":true,"href":"http:\/\/elcuartopoder.com.mx\/nw\/wp-json\/wp\/v2\/comments?post=97627"}],"version-history":[{"count":2,"href":"http:\/\/elcuartopoder.com.mx\/nw\/wp-json\/wp\/v2\/posts\/97627\/revisions"}],"predecessor-version":[{"id":97641,"href":"http:\/\/elcuartopoder.com.mx\/nw\/wp-json\/wp\/v2\/posts\/97627\/revisions\/97641"}],"wp:featuredmedia":[{"embeddable":true,"href":"http:\/\/elcuartopoder.com.mx\/nw\/wp-json\/wp\/v2\/media\/97640"}],"wp:attachment":[{"href":"http:\/\/elcuartopoder.com.mx\/nw\/wp-json\/wp\/v2\/media?parent=97627"}],"wp:term":[{"taxonomy":"category","embeddable":true,"href":"http:\/\/elcuartopoder.com.mx\/nw\/wp-json\/wp\/v2\/categories?post=97627"},{"taxonomy":"post_tag","embeddable":true,"href":"http:\/\/elcuartopoder.com.mx\/nw\/wp-json\/wp\/v2\/tags?post=97627"}],"curies":[{"name":"wp","href":"https:\/\/api.w.org\/{rel}","templated":true}]}}