{"id":97629,"date":"2021-11-12T11:14:05","date_gmt":"2021-11-12T16:14:05","guid":{"rendered":"http:\/\/elcuartopoder.com.mx\/nw\/?p=97629"},"modified":"2021-11-12T11:14:07","modified_gmt":"2021-11-12T16:14:07","slug":"que-es-de-la-vida-de-la-doctora-polo-de-caso-cerrado-y-de-que-trabaja-en-la-actualidad","status":"publish","type":"post","link":"http:\/\/elcuartopoder.com.mx\/nw\/economia\/que-es-de-la-vida-de-la-doctora-polo-de-caso-cerrado-y-de-que-trabaja-en-la-actualidad\/","title":{"rendered":"Qu\u00e9 es de la vida de la Doctora Polo de Caso Cerrado y de que trabaja en la actualidad"},"content":{"rendered":"\n<h2 class=\"wp-block-heading\">Fue reconocida como ciudadana ilustre en el lugar donde reside.<\/h2>\n\n\n\n<p>La doctora, jueza y conductora&nbsp;<a href=\"https:\/\/es.wikipedia.org\/wiki\/Ana_Mar%C3%ADa_Polo\" target=\"_blank\" rel=\"noreferrer noopener\">Ana Mar\u00eda Polo<\/a>, fue furor durante m\u00e1s de 20 a\u00f1os por haber sido la cara visible del exitoso programa &#8216;<strong>Caso Cerrado&#8217;<\/strong>. Hoy, lejos de las c\u00e1maras de televisi\u00f3n y de la far\u00e1ndula, la doctora se encuentra viviendo otro presente.<\/p>\n\n\n\n<p>Tras haberse conocido la falsa noticia que aseguraba que la\u00a0<strong>Doctora Polo<\/strong>\u00a0hab\u00eda muerto, la propia conductora cubana, se encarg\u00f3 de desmentirlo. Es por eso, que decidi\u00f3 alejarse de la fama para dedicarse a cuidar su imagen privada. Sin embargo, en los \u00faltimos d\u00edas, la mujer de 62 a\u00f1os, fue noticia porque la ciudad floridana de Hialeah, cercana a Miami, le rindi\u00f3 homenaje y reconocimiento a la abogada de origen cubana.<\/p>\n\n\n\n<p> La<strong>\u00a0doctora Polo<\/strong>\u00a0estuvo acompa\u00f1a por el Alcalde del lugar, quien inaugur\u00f3 una calle a nombre de ella. Emocionada, la conductora manifest\u00f3: \u201cEsta calle fue mi hogar, hice amigos entra\u00f1ables y a trav\u00e9s de un programa que se grab\u00f3 justo aqu\u00ed. Los latinos nos unimos y reflejamos nuestros conflictos\u201d. Polo se destac\u00f3 por defender las causas de la comunidad latina. <\/p>\n\n\n\n<p> El exitoso programa &#8216;<a rel=\"noreferrer noopener\" href=\"https:\/\/es.wikipedia.org\/wiki\/Caso_cerrado_(programa_de_televisi%C3%B3n)\" target=\"_blank\">Caso Cerrado<\/a>&#8216;, fue furor en muchos pa\u00edses de todo el mundo. No solo tuvo la popularidad como abogada sino tambi\u00e9n como doctora.\u00a0<strong>Ana Mar\u00eda Polo<\/strong>\u00a0fue seleccionada entre las mujeres m\u00e1s influyentes. Este programa se emiti\u00f3 por primera vez en el a\u00f1o 2001 y r\u00e1pidamente traspas\u00f3 fronteras y se emiti\u00f3 en cadenas televisivas como Bolivia, Argentina, Chile, M\u00e9xico, Nicaragua y un sinf\u00edn de pa\u00edses latinoamericanos. Los programas est\u00e1n disponibles en el canal oficial de YouTube Caso Cerrado. <\/p>\n\n\n\n<figure class=\"wp-block-image\"><img decoding=\"async\" src=\"https:\/\/heraldodemexico.com.mx\/u\/fotografias\/m\/2021\/11\/7\/f768x1-441569_441696_126.jpg\" alt=\"\"\/><\/figure>\n\n\n\n<p> Por estos d\u00edas, la\u00a0<strong>doctora Polo<\/strong>, est\u00e1 aguardando una nueva propuesta laboral que pronto se la podr\u00e1 ver en la pantalla chica. Adem\u00e1s, con el surgimiento del coronavirus, inici\u00f3 una campa\u00f1a para fomentar donaciones a una organizaci\u00f3n que dedica su dinero a la investigaci\u00f3n de la lucha contra el c\u00e1ncer. <\/p>\n\n\n\n<p><\/p>\n","protected":false},"excerpt":{"rendered":"<p>Fue reconocida como ciudadana ilustre en el lugar donde reside. La doctora, jueza y conductora&nbsp;Ana Mar\u00eda Polo, fue furor durante m\u00e1s de 20 a\u00f1os por haber sido la cara visible del exitoso programa &#8216;Caso Cerrado&#8217;. Hoy, lejos de las c\u00e1maras de televisi\u00f3n y de la far\u00e1ndula, la doctora se encuentra viviendo otro presente. Tras haberse [&hellip;]<\/p>\n","protected":false},"author":2,"featured_media":97631,"comment_status":"open","ping_status":"open","sticky":false,"template":"","format":"standard","meta":{"footnotes":""},"categories":[1,11],"tags":[],"class_list":["post-97629","post","type-post","status-publish","format-standard","has-post-thumbnail","hentry","category-economia","category-espectaculos"],"_links":{"self":[{"href":"http:\/\/elcuartopoder.com.mx\/nw\/wp-json\/wp\/v2\/posts\/97629","targetHints":{"allow":["GET"]}}],"collection":[{"href":"http:\/\/elcuartopoder.com.mx\/nw\/wp-json\/wp\/v2\/posts"}],"about":[{"href":"http:\/\/elcuartopoder.com.mx\/nw\/wp-json\/wp\/v2\/types\/post"}],"author":[{"embeddable":true,"href":"http:\/\/elcuartopoder.com.mx\/nw\/wp-json\/wp\/v2\/users\/2"}],"replies":[{"embeddable":true,"href":"http:\/\/elcuartopoder.com.mx\/nw\/wp-json\/wp\/v2\/comments?post=97629"}],"version-history":[{"count":1,"href":"http:\/\/elcuartopoder.com.mx\/nw\/wp-json\/wp\/v2\/posts\/97629\/revisions"}],"predecessor-version":[{"id":97630,"href":"http:\/\/elcuartopoder.com.mx\/nw\/wp-json\/wp\/v2\/posts\/97629\/revisions\/97630"}],"wp:featuredmedia":[{"embeddable":true,"href":"http:\/\/elcuartopoder.com.mx\/nw\/wp-json\/wp\/v2\/media\/97631"}],"wp:attachment":[{"href":"http:\/\/elcuartopoder.com.mx\/nw\/wp-json\/wp\/v2\/media?parent=97629"}],"wp:term":[{"taxonomy":"category","embeddable":true,"href":"http:\/\/elcuartopoder.com.mx\/nw\/wp-json\/wp\/v2\/categories?post=97629"},{"taxonomy":"post_tag","embeddable":true,"href":"http:\/\/elcuartopoder.com.mx\/nw\/wp-json\/wp\/v2\/tags?post=97629"}],"curies":[{"name":"wp","href":"https:\/\/api.w.org\/{rel}","templated":true}]}}