{"id":97690,"date":"2021-11-13T16:48:43","date_gmt":"2021-11-13T21:48:43","guid":{"rendered":"http:\/\/elcuartopoder.com.mx\/nw\/?p=97690"},"modified":"2021-11-13T16:48:44","modified_gmt":"2021-11-13T21:48:44","slug":"gobierno-municipal-impulsa-al-comercio-local-con-el-buen-fin-juvenil-2021","status":"publish","type":"post","link":"http:\/\/elcuartopoder.com.mx\/nw\/municipales\/gobierno-municipal-impulsa-al-comercio-local-con-el-buen-fin-juvenil-2021\/","title":{"rendered":"GOBIERNO MUNICIPAL IMPULSA AL COMERCIO LOCAL CON EL \u201cBUEN FIN JUVENIL 2021\u201d"},"content":{"rendered":"\n<p>Como parte del compromiso con la juventud y la reactivaci\u00f3n econ\u00f3mica en la Isla de Cozumel, el Gobierno municipal que encabeza Juanita Alonso Marrufo, a trav\u00e9s de la Subdirecci\u00f3n de Atenci\u00f3n a la Juventud dio inicio con el programa \u201cBuen Fin Juvenil 2021\u201d con duraci\u00f3n del 12 al 14 de noviembre.<\/p>\n\n\n\n<p>El programa se lleva a cabo en el parque Quintana Roo, donde la Subdirecci\u00f3n de Atenci\u00f3n a la Juventud que encabeza, Roque Alejandro Dzul Cetzal brind\u00f3 todas las facilidades para que los comerciantes ofrezcan sus productos con descuentos que van del 10 al 30 por ciento, en un lugar abierto donde se aplican con todas las medidas preventivas de salud recomendadas por las autoridades federales.<\/p>\n\n\n\n<p>El \u201cBuen Fin Juvenil 2021\u201d, cumple con una de las l\u00edneas de acci\u00f3n del Gobierno Municipal que encabeza, Juanita Alonso de generar ambientes que propicien la recuperaci\u00f3n econ\u00f3mica para impulsar el bienestar de la comunidad isle\u00f1a, por lo que con este espacio los comerciantes tienen la oportunidad de promover sus negocios y productos y los clientes la facilidad de adquirir los servicios o mercanc\u00edas a un bajo costo.En el programa participaron un total 84 comerciantes de diferentes giros, como ropa, calzado, jugueter\u00edas, dulces, entre otros, que permanecer\u00e1n de 5:00 de la tarde a 10:00 de la noche del 12 al 14 de noviembre en el parque Quintana Roo. <\/p>\n\n\n\n<ul class=\"wp-block-gallery columns-3 is-cropped wp-block-gallery-1 is-layout-flex wp-block-gallery-is-layout-flex\"><li class=\"blocks-gallery-item\"><figure><img loading=\"lazy\" decoding=\"async\" width=\"1024\" height=\"685\" src=\"http:\/\/elcuartopoder.com.mx\/nw\/wp-content\/uploads\/2021\/11\/EXPO1-1024x685.jpg\" alt=\"\" data-id=\"97691\" data-link=\"http:\/\/elcuartopoder.com.mx\/nw\/?attachment_id=97691\" class=\"wp-image-97691\" srcset=\"http:\/\/elcuartopoder.com.mx\/nw\/wp-content\/uploads\/2021\/11\/EXPO1-1024x685.jpg 1024w, http:\/\/elcuartopoder.com.mx\/nw\/wp-content\/uploads\/2021\/11\/EXPO1-300x201.jpg 300w, http:\/\/elcuartopoder.com.mx\/nw\/wp-content\/uploads\/2021\/11\/EXPO1-768x513.jpg 768w, http:\/\/elcuartopoder.com.mx\/nw\/wp-content\/uploads\/2021\/11\/EXPO1-696x465.jpg 696w, http:\/\/elcuartopoder.com.mx\/nw\/wp-content\/uploads\/2021\/11\/EXPO1.jpg 2048w\" sizes=\"auto, (max-width: 1024px) 100vw, 1024px\" \/><\/figure><\/li><li class=\"blocks-gallery-item\"><figure><img loading=\"lazy\" decoding=\"async\" width=\"1024\" height=\"657\" src=\"http:\/\/elcuartopoder.com.mx\/nw\/wp-content\/uploads\/2021\/11\/EXPO2-1024x657.jpg\" alt=\"\" data-id=\"97693\" data-link=\"http:\/\/elcuartopoder.com.mx\/nw\/?attachment_id=97693\" class=\"wp-image-97693\" srcset=\"http:\/\/elcuartopoder.com.mx\/nw\/wp-content\/uploads\/2021\/11\/EXPO2-1024x657.jpg 1024w, http:\/\/elcuartopoder.com.mx\/nw\/wp-content\/uploads\/2021\/11\/EXPO2-300x192.jpg 300w, http:\/\/elcuartopoder.com.mx\/nw\/wp-content\/uploads\/2021\/11\/EXPO2-768x493.jpg 768w, http:\/\/elcuartopoder.com.mx\/nw\/wp-content\/uploads\/2021\/11\/EXPO2-696x447.jpg 696w, http:\/\/elcuartopoder.com.mx\/nw\/wp-content\/uploads\/2021\/11\/EXPO2.jpg 2048w\" sizes=\"auto, (max-width: 1024px) 100vw, 1024px\" \/><\/figure><\/li><li class=\"blocks-gallery-item\"><figure><img loading=\"lazy\" decoding=\"async\" width=\"1024\" height=\"645\" src=\"http:\/\/elcuartopoder.com.mx\/nw\/wp-content\/uploads\/2021\/11\/EXPO3-1024x645.jpg\" alt=\"\" data-id=\"97694\" data-link=\"http:\/\/elcuartopoder.com.mx\/nw\/?attachment_id=97694\" class=\"wp-image-97694\" srcset=\"http:\/\/elcuartopoder.com.mx\/nw\/wp-content\/uploads\/2021\/11\/EXPO3-1024x645.jpg 1024w, http:\/\/elcuartopoder.com.mx\/nw\/wp-content\/uploads\/2021\/11\/EXPO3-300x189.jpg 300w, http:\/\/elcuartopoder.com.mx\/nw\/wp-content\/uploads\/2021\/11\/EXPO3-768x484.jpg 768w, http:\/\/elcuartopoder.com.mx\/nw\/wp-content\/uploads\/2021\/11\/EXPO3-696x438.jpg 696w, http:\/\/elcuartopoder.com.mx\/nw\/wp-content\/uploads\/2021\/11\/EXPO3.jpg 2048w\" sizes=\"auto, (max-width: 1024px) 100vw, 1024px\" \/><\/figure><\/li><li class=\"blocks-gallery-item\"><figure><img loading=\"lazy\" decoding=\"async\" width=\"1024\" height=\"678\" src=\"http:\/\/elcuartopoder.com.mx\/nw\/wp-content\/uploads\/2021\/11\/EXPO4-1-1024x678.jpg\" alt=\"\" data-id=\"97695\" data-link=\"http:\/\/elcuartopoder.com.mx\/nw\/?attachment_id=97695\" class=\"wp-image-97695\" srcset=\"http:\/\/elcuartopoder.com.mx\/nw\/wp-content\/uploads\/2021\/11\/EXPO4-1-1024x678.jpg 1024w, http:\/\/elcuartopoder.com.mx\/nw\/wp-content\/uploads\/2021\/11\/EXPO4-1-300x199.jpg 300w, http:\/\/elcuartopoder.com.mx\/nw\/wp-content\/uploads\/2021\/11\/EXPO4-1-768x509.jpg 768w, http:\/\/elcuartopoder.com.mx\/nw\/wp-content\/uploads\/2021\/11\/EXPO4-1-696x461.jpg 696w, http:\/\/elcuartopoder.com.mx\/nw\/wp-content\/uploads\/2021\/11\/EXPO4-1.jpg 2048w\" sizes=\"auto, (max-width: 1024px) 100vw, 1024px\" \/><\/figure><\/li><li class=\"blocks-gallery-item\"><figure><img loading=\"lazy\" decoding=\"async\" width=\"1024\" height=\"666\" src=\"http:\/\/elcuartopoder.com.mx\/nw\/wp-content\/uploads\/2021\/11\/EXPO5-1024x666.jpg\" alt=\"\" data-id=\"97696\" data-link=\"http:\/\/elcuartopoder.com.mx\/nw\/?attachment_id=97696\" class=\"wp-image-97696\" srcset=\"http:\/\/elcuartopoder.com.mx\/nw\/wp-content\/uploads\/2021\/11\/EXPO5-1024x666.jpg 1024w, http:\/\/elcuartopoder.com.mx\/nw\/wp-content\/uploads\/2021\/11\/EXPO5-300x195.jpg 300w, http:\/\/elcuartopoder.com.mx\/nw\/wp-content\/uploads\/2021\/11\/EXPO5-768x500.jpg 768w, http:\/\/elcuartopoder.com.mx\/nw\/wp-content\/uploads\/2021\/11\/EXPO5-696x453.jpg 696w, http:\/\/elcuartopoder.com.mx\/nw\/wp-content\/uploads\/2021\/11\/EXPO5.jpg 2048w\" sizes=\"auto, (max-width: 1024px) 100vw, 1024px\" \/><\/figure><\/li><\/ul>\n","protected":false},"excerpt":{"rendered":"<p>Como parte del compromiso con la juventud y la reactivaci\u00f3n econ\u00f3mica en la Isla de Cozumel, el Gobierno municipal que encabeza Juanita Alonso Marrufo, a trav\u00e9s de la Subdirecci\u00f3n de Atenci\u00f3n a la Juventud dio inicio con el programa \u201cBuen Fin Juvenil 2021\u201d con duraci\u00f3n del 12 al 14 de noviembre. El programa se lleva [&hellip;]<\/p>\n","protected":false},"author":2,"featured_media":97692,"comment_status":"open","ping_status":"open","sticky":false,"template":"","format":"standard","meta":{"footnotes":""},"categories":[6],"tags":[],"class_list":["post-97690","post","type-post","status-publish","format-standard","has-post-thumbnail","hentry","category-municipales"],"_links":{"self":[{"href":"http:\/\/elcuartopoder.com.mx\/nw\/wp-json\/wp\/v2\/posts\/97690","targetHints":{"allow":["GET"]}}],"collection":[{"href":"http:\/\/elcuartopoder.com.mx\/nw\/wp-json\/wp\/v2\/posts"}],"about":[{"href":"http:\/\/elcuartopoder.com.mx\/nw\/wp-json\/wp\/v2\/types\/post"}],"author":[{"embeddable":true,"href":"http:\/\/elcuartopoder.com.mx\/nw\/wp-json\/wp\/v2\/users\/2"}],"replies":[{"embeddable":true,"href":"http:\/\/elcuartopoder.com.mx\/nw\/wp-json\/wp\/v2\/comments?post=97690"}],"version-history":[{"count":1,"href":"http:\/\/elcuartopoder.com.mx\/nw\/wp-json\/wp\/v2\/posts\/97690\/revisions"}],"predecessor-version":[{"id":97697,"href":"http:\/\/elcuartopoder.com.mx\/nw\/wp-json\/wp\/v2\/posts\/97690\/revisions\/97697"}],"wp:featuredmedia":[{"embeddable":true,"href":"http:\/\/elcuartopoder.com.mx\/nw\/wp-json\/wp\/v2\/media\/97692"}],"wp:attachment":[{"href":"http:\/\/elcuartopoder.com.mx\/nw\/wp-json\/wp\/v2\/media?parent=97690"}],"wp:term":[{"taxonomy":"category","embeddable":true,"href":"http:\/\/elcuartopoder.com.mx\/nw\/wp-json\/wp\/v2\/categories?post=97690"},{"taxonomy":"post_tag","embeddable":true,"href":"http:\/\/elcuartopoder.com.mx\/nw\/wp-json\/wp\/v2\/tags?post=97690"}],"curies":[{"name":"wp","href":"https:\/\/api.w.org\/{rel}","templated":true}]}}