{"id":97720,"date":"2021-11-13T17:15:05","date_gmt":"2021-11-13T22:15:05","guid":{"rendered":"http:\/\/elcuartopoder.com.mx\/nw\/?p=97720"},"modified":"2021-11-13T17:15:06","modified_gmt":"2021-11-13T22:15:06","slug":"carmen-salinas-estuvo-mas-de-una-hora-tirada-en-su-casa-sin-atencion-medica-tras-derrame-cerebral","status":"publish","type":"post","link":"http:\/\/elcuartopoder.com.mx\/nw\/entretenimiento\/espectaculos\/carmen-salinas-estuvo-mas-de-una-hora-tirada-en-su-casa-sin-atencion-medica-tras-derrame-cerebral\/","title":{"rendered":"Carmen Salinas: estuvo m\u00e1s de una hora tirada en su casa sin atenci\u00f3n m\u00e9dica tras derrame cerebral"},"content":{"rendered":"\n<p>El pasado jueves 11 de noviembre trascendi\u00f3 la noticia sobre el ingreso al hospital de la actriz\u00a0<strong>Carmen Salinas<\/strong>\u00a0debido a que sufri\u00f3 un derrame cerebral, esta informaci\u00f3n fue confirmada por los familiares de la tambi\u00e9n productora teatral.<\/p>\n\n\n\n<p>Poco antes del medio d\u00eda del pasado jueves, la nieta y el sobrino de\u00a0<strong>Carmen Salinas<\/strong>\u00a0dieron a conocer el reporte m\u00e9dico de la actriz y confirmaron que se encontraba en coma.<\/p>\n\n\n\n<p>Dicho estado fue de forma natural y no inducido, sin embargo, reportaron que todos los \u00f3rganos de&nbsp;<strong>Carmen Salinas<\/strong>&nbsp;se encuentran en perfecto estado de salud y que la actriz estaba con un respirador solamente como apoyo.<\/p>\n\n\n\n<h2 class=\"wp-block-heading\">Revelan nuevos datos<\/h2>\n\n\n\n<p>Este viernes 12 de noviembre, el reportero&nbsp;<strong>Sebasti\u00e1n Res\u00e9ndiz<\/strong>&nbsp;durante un enlace que tuvo desde el hospital donde se encuentra&nbsp;<strong>Carmen Salinas<\/strong>&nbsp;revel\u00f3 nuevos detalles del derrame cerebral que sufri\u00f3 la actriz.<\/p>\n\n\n\n<p>Y es que el reportero quien adem\u00e1s es muy cercano a\u00a0<strong>Carmen Salinas\u00a0<\/strong>confirm\u00f3 que el hospital en donde se encuentra la actriz es el segundo en el que ha estado desde que le dio el derrame cerebral ya que en el primero al que la llevaron no contaban con los instrumentos necesarios para atender a quien interpret\u00f3 a\u00a0<strong>\u201cLa Corcholata\u201d.<\/strong><\/p>\n\n\n\n<p>Adem\u00e1s un dato muy importante que brind\u00f3\u00a0<strong>Res\u00e9ndiz<\/strong>\u00a0fue que pas\u00f3 alrededor de 1 hora y 10 minutos desde que Carmen Salinas sufri\u00f3 el derrame cerebral y hasta que fue atendida.<\/p>\n\n\n\n<p><strong>Fuente:<\/strong> heraldodemexico<\/p>\n","protected":false},"excerpt":{"rendered":"<p>El pasado jueves 11 de noviembre trascendi\u00f3 la noticia sobre el ingreso al hospital de la actriz\u00a0Carmen Salinas\u00a0debido a que sufri\u00f3 un derrame cerebral, esta informaci\u00f3n fue confirmada por los familiares de la tambi\u00e9n productora teatral. Poco antes del medio d\u00eda del pasado jueves, la nieta y el sobrino de\u00a0Carmen Salinas\u00a0dieron a conocer el reporte [&hellip;]<\/p>\n","protected":false},"author":2,"featured_media":97721,"comment_status":"open","ping_status":"open","sticky":false,"template":"","format":"standard","meta":{"footnotes":""},"categories":[11],"tags":[],"class_list":["post-97720","post","type-post","status-publish","format-standard","has-post-thumbnail","hentry","category-espectaculos"],"_links":{"self":[{"href":"http:\/\/elcuartopoder.com.mx\/nw\/wp-json\/wp\/v2\/posts\/97720","targetHints":{"allow":["GET"]}}],"collection":[{"href":"http:\/\/elcuartopoder.com.mx\/nw\/wp-json\/wp\/v2\/posts"}],"about":[{"href":"http:\/\/elcuartopoder.com.mx\/nw\/wp-json\/wp\/v2\/types\/post"}],"author":[{"embeddable":true,"href":"http:\/\/elcuartopoder.com.mx\/nw\/wp-json\/wp\/v2\/users\/2"}],"replies":[{"embeddable":true,"href":"http:\/\/elcuartopoder.com.mx\/nw\/wp-json\/wp\/v2\/comments?post=97720"}],"version-history":[{"count":1,"href":"http:\/\/elcuartopoder.com.mx\/nw\/wp-json\/wp\/v2\/posts\/97720\/revisions"}],"predecessor-version":[{"id":97722,"href":"http:\/\/elcuartopoder.com.mx\/nw\/wp-json\/wp\/v2\/posts\/97720\/revisions\/97722"}],"wp:featuredmedia":[{"embeddable":true,"href":"http:\/\/elcuartopoder.com.mx\/nw\/wp-json\/wp\/v2\/media\/97721"}],"wp:attachment":[{"href":"http:\/\/elcuartopoder.com.mx\/nw\/wp-json\/wp\/v2\/media?parent=97720"}],"wp:term":[{"taxonomy":"category","embeddable":true,"href":"http:\/\/elcuartopoder.com.mx\/nw\/wp-json\/wp\/v2\/categories?post=97720"},{"taxonomy":"post_tag","embeddable":true,"href":"http:\/\/elcuartopoder.com.mx\/nw\/wp-json\/wp\/v2\/tags?post=97720"}],"curies":[{"name":"wp","href":"https:\/\/api.w.org\/{rel}","templated":true}]}}