{"id":97855,"date":"2021-11-15T21:03:20","date_gmt":"2021-11-16T02:03:20","guid":{"rendered":"http:\/\/elcuartopoder.com.mx\/nw\/?p=97855"},"modified":"2021-11-15T21:03:22","modified_gmt":"2021-11-16T02:03:22","slug":"canelo-dona-un-millon-de-pesos-para-los-ninos-con-cancer","status":"publish","type":"post","link":"http:\/\/elcuartopoder.com.mx\/nw\/entretenimiento\/deportes\/canelo-dona-un-millon-de-pesos-para-los-ninos-con-cancer\/","title":{"rendered":"&#8216;Canelo&#8217; dona un mill\u00f3n de pesos para los ni\u00f1os con c\u00e1ncer"},"content":{"rendered":"\n<p>El boxeador mexicano, Sa\u00fal \u00c1Lvarez, sigue dando muestra de su apoyo a la sociedad, y esta ocasi\u00f3n, ha donado un mill\u00f3n de pesos a&nbsp;asociaci\u00f3n&nbsp;Nariz Roja.<\/p>\n\n\n\n<p>La Asociaci\u00f3n Campeones de la vida NR AC, tambi\u00e9n conocida simplemente como Nariz Roja, fue fundada por el psic\u00f3logo Alejandro Barbosa, quien para entonces acumulaba ya varios a\u00f1os apoyando de manera voluntaria a ni\u00f1os con c\u00e1ncer.<\/p>\n\n\n\n<p>Sa\u00fal \u00c1lvarez hizo una donaci\u00f3n\u00a0a Nariz Roja AC por la cantidad\u00a0de un mill\u00f3n de pesos, como lo dieron a conocer a trav\u00e9s de sus redes sociales oficiales.<\/p>\n\n\n\n<figure class=\"wp-block-image\"><img loading=\"lazy\" decoding=\"async\" width=\"568\" height=\"624\" src=\"http:\/\/elcuartopoder.com.mx\/nw\/wp-content\/uploads\/2021\/11\/Opera-Captura-de-pantalla_2021-11-15_200002_www.xeudeportes.mx_.png\" alt=\"\" class=\"wp-image-97856\" srcset=\"http:\/\/elcuartopoder.com.mx\/nw\/wp-content\/uploads\/2021\/11\/Opera-Captura-de-pantalla_2021-11-15_200002_www.xeudeportes.mx_.png 568w, http:\/\/elcuartopoder.com.mx\/nw\/wp-content\/uploads\/2021\/11\/Opera-Captura-de-pantalla_2021-11-15_200002_www.xeudeportes.mx_-273x300.png 273w\" sizes=\"auto, (max-width: 568px) 100vw, 568px\" \/><\/figure>\n\n\n\n<p>\u201cGracias @Canelo por una y otra vez que has abierto tu coraz\u00f3n a los campeones que luchan contra el c\u00e1ncer , eres el #Milagro de muchos ni\u00f1os y mujeres. Eres un Campe\u00f3n de la vida!!\u201d, escribieron a trav\u00e9s de Facebook y Twitter.<\/p>\n\n\n\n<p> Por su parte, el pugilista y multi campe\u00f3n mexicano,\u00a0respondi\u00f3 a la publicaci\u00f3n con algunos emoticonos, pero nada adornado, ni redact\u00f3 un discurso previamente preparado para la ocasi\u00f3n. <\/p>\n\n\n\n<p>Por: Alejandro Tapia <\/p>\n\n\n\n<p>Fuente: http:\/\/elcuartopoder.com.mx\/nw\/wp-admin\/post.php?post=97855&amp;action=edit<\/p>\n\n\n\n<p><\/p>\n","protected":false},"excerpt":{"rendered":"<p>El boxeador mexicano, Sa\u00fal \u00c1Lvarez, sigue dando muestra de su apoyo a la sociedad, y esta ocasi\u00f3n, ha donado un mill\u00f3n de pesos a&nbsp;asociaci\u00f3n&nbsp;Nariz Roja. La Asociaci\u00f3n Campeones de la vida NR AC, tambi\u00e9n conocida simplemente como Nariz Roja, fue fundada por el psic\u00f3logo Alejandro Barbosa, quien para entonces acumulaba ya varios a\u00f1os apoyando de [&hellip;]<\/p>\n","protected":false},"author":2,"featured_media":97857,"comment_status":"open","ping_status":"open","sticky":false,"template":"","format":"standard","meta":{"footnotes":""},"categories":[7,11,56],"tags":[],"class_list":["post-97855","post","type-post","status-publish","format-standard","has-post-thumbnail","hentry","category-deportes","category-espectaculos","category-salud"],"_links":{"self":[{"href":"http:\/\/elcuartopoder.com.mx\/nw\/wp-json\/wp\/v2\/posts\/97855","targetHints":{"allow":["GET"]}}],"collection":[{"href":"http:\/\/elcuartopoder.com.mx\/nw\/wp-json\/wp\/v2\/posts"}],"about":[{"href":"http:\/\/elcuartopoder.com.mx\/nw\/wp-json\/wp\/v2\/types\/post"}],"author":[{"embeddable":true,"href":"http:\/\/elcuartopoder.com.mx\/nw\/wp-json\/wp\/v2\/users\/2"}],"replies":[{"embeddable":true,"href":"http:\/\/elcuartopoder.com.mx\/nw\/wp-json\/wp\/v2\/comments?post=97855"}],"version-history":[{"count":1,"href":"http:\/\/elcuartopoder.com.mx\/nw\/wp-json\/wp\/v2\/posts\/97855\/revisions"}],"predecessor-version":[{"id":97858,"href":"http:\/\/elcuartopoder.com.mx\/nw\/wp-json\/wp\/v2\/posts\/97855\/revisions\/97858"}],"wp:featuredmedia":[{"embeddable":true,"href":"http:\/\/elcuartopoder.com.mx\/nw\/wp-json\/wp\/v2\/media\/97857"}],"wp:attachment":[{"href":"http:\/\/elcuartopoder.com.mx\/nw\/wp-json\/wp\/v2\/media?parent=97855"}],"wp:term":[{"taxonomy":"category","embeddable":true,"href":"http:\/\/elcuartopoder.com.mx\/nw\/wp-json\/wp\/v2\/categories?post=97855"},{"taxonomy":"post_tag","embeddable":true,"href":"http:\/\/elcuartopoder.com.mx\/nw\/wp-json\/wp\/v2\/tags?post=97855"}],"curies":[{"name":"wp","href":"https:\/\/api.w.org\/{rel}","templated":true}]}}