{"id":97866,"date":"2021-11-16T11:03:03","date_gmt":"2021-11-16T16:03:03","guid":{"rendered":"http:\/\/elcuartopoder.com.mx\/nw\/?p=97866"},"modified":"2021-11-16T11:03:05","modified_gmt":"2021-11-16T16:03:05","slug":"aumenta-el-numero-de-deportaciones-en-la-frontera-mexico-belice","status":"publish","type":"post","link":"http:\/\/elcuartopoder.com.mx\/nw\/estatales\/aumenta-el-numero-de-deportaciones-en-la-frontera-mexico-belice\/","title":{"rendered":"Aumenta el n\u00famero de deportaciones en la frontera M\u00e9xico-Belice"},"content":{"rendered":"\n<p><strong>CHETUMAL, MX.-<\/strong>&nbsp;Ante el reforzamiento de las revisiones migratorias por el cierre de la frontera M\u00e9xico-Belice y el movimiento de centroamericanos que buscan llegar a los Estados Unidos, los cruces ilegales de belice\u00f1os hacia M\u00e9xico y viceversa se han duplicado a grado tal que, de manera semanal, son deportados de entre 7 a 10 de sus connacionales por parte de las autoridades mexicanas, reconoci\u00f3 el C\u00f3nsul de Belice para Quintana Roo,&nbsp;<strong>Luis Montero Maldonado<\/strong>.<\/p>\n\n\n\n<p>\u201cEs preocupante porque la pandemia puso en evidencia el n\u00famero de ciudadanos belice\u00f1os que se encuentran de manera ilegal en territorio mexicano, de manera particular en la Ribera del R\u00edo Hondo\u201d, detall\u00f3.<\/p>\n\n\n\n<p>Reiter\u00f3 que el cruce ilegal de ciudadanos belice\u00f1os a M\u00e9xico aument\u00f3 en un 100 por ciento, a ra\u00edz de los operativos que realiza el&nbsp;<strong>Instituto de Migraci\u00f3n en M\u00e9xico<\/strong>&nbsp;ante el desplazamiento de centroamericanos que buscan entrar por Chiapas.<\/p>\n\n\n\n<p>Montero Maldonado record\u00f3 que, en estos momentos,&nbsp;<strong>la frontera de Belice est\u00e1 abierta \u00fanicamente con fines tur\u00edsticos<\/strong>&nbsp;y se calcula que en promedio entran al pa\u00eds unos 50 diariamente, de los cuales muy pocos han dado positivo al covid-19 a quienes se les ha negado la entrada.<\/p>\n\n\n\n<p>Sin embargo, reconoci\u00f3 que en donde se ha detectado un mayor n\u00famero de casos positivos de la enfermedad es en ciudadanos belice\u00f1os a quienes no se les puede negar la entrada por lo que son puestos en confinamiento obligatorio por espacio de dos semanas para evitar la propagaci\u00f3n del virus.<\/p>\n\n\n\n<p><strong>Fuente:<\/strong> Noticaribe<\/p>\n","protected":false},"excerpt":{"rendered":"<p>CHETUMAL, MX.-&nbsp;Ante el reforzamiento de las revisiones migratorias por el cierre de la frontera M\u00e9xico-Belice y el movimiento de centroamericanos que buscan llegar a los Estados Unidos, los cruces ilegales de belice\u00f1os hacia M\u00e9xico y viceversa se han duplicado a grado tal que, de manera semanal, son deportados de entre 7 a 10 de sus [&hellip;]<\/p>\n","protected":false},"author":2,"featured_media":97867,"comment_status":"open","ping_status":"open","sticky":false,"template":"","format":"standard","meta":{"footnotes":""},"categories":[60],"tags":[],"class_list":["post-97866","post","type-post","status-publish","format-standard","has-post-thumbnail","hentry","category-estatales"],"_links":{"self":[{"href":"http:\/\/elcuartopoder.com.mx\/nw\/wp-json\/wp\/v2\/posts\/97866","targetHints":{"allow":["GET"]}}],"collection":[{"href":"http:\/\/elcuartopoder.com.mx\/nw\/wp-json\/wp\/v2\/posts"}],"about":[{"href":"http:\/\/elcuartopoder.com.mx\/nw\/wp-json\/wp\/v2\/types\/post"}],"author":[{"embeddable":true,"href":"http:\/\/elcuartopoder.com.mx\/nw\/wp-json\/wp\/v2\/users\/2"}],"replies":[{"embeddable":true,"href":"http:\/\/elcuartopoder.com.mx\/nw\/wp-json\/wp\/v2\/comments?post=97866"}],"version-history":[{"count":1,"href":"http:\/\/elcuartopoder.com.mx\/nw\/wp-json\/wp\/v2\/posts\/97866\/revisions"}],"predecessor-version":[{"id":97868,"href":"http:\/\/elcuartopoder.com.mx\/nw\/wp-json\/wp\/v2\/posts\/97866\/revisions\/97868"}],"wp:featuredmedia":[{"embeddable":true,"href":"http:\/\/elcuartopoder.com.mx\/nw\/wp-json\/wp\/v2\/media\/97867"}],"wp:attachment":[{"href":"http:\/\/elcuartopoder.com.mx\/nw\/wp-json\/wp\/v2\/media?parent=97866"}],"wp:term":[{"taxonomy":"category","embeddable":true,"href":"http:\/\/elcuartopoder.com.mx\/nw\/wp-json\/wp\/v2\/categories?post=97866"},{"taxonomy":"post_tag","embeddable":true,"href":"http:\/\/elcuartopoder.com.mx\/nw\/wp-json\/wp\/v2\/tags?post=97866"}],"curies":[{"name":"wp","href":"https:\/\/api.w.org\/{rel}","templated":true}]}}