{"id":97878,"date":"2021-11-17T10:00:55","date_gmt":"2021-11-17T15:00:55","guid":{"rendered":"http:\/\/elcuartopoder.com.mx\/nw\/?p=97878"},"modified":"2021-11-17T10:00:57","modified_gmt":"2021-11-17T15:00:57","slug":"son-mas-de-100-paises-interesados-al-plan-de-fraternidad-del-presidente-amlo-ebrard","status":"publish","type":"post","link":"http:\/\/elcuartopoder.com.mx\/nw\/nacionales\/son-mas-de-100-paises-interesados-al-plan-de-fraternidad-del-presidente-amlo-ebrard\/","title":{"rendered":"Son m\u00e1s de 100 pa\u00edses interesados al Plan de Fraternidad del presidente AMLO: Ebrard"},"content":{"rendered":"\n<p>El Secretario de Relaciones Exteriores, Marcelo Ebrard, inform\u00f3 que son m\u00e1s de 100 pa\u00edses interesados al Plan de Fraternidad del presidente L\u00f3pez Obrador&nbsp;presentado ante la ONU.<\/p>\n\n\n\n<p>\u201cSe interesaron ese mismo d\u00eda en cuanto conocieron el planteamiento, m\u00e1s all\u00e1 de los que son miembros del consejo. La instrucci\u00f3n que nos dio el se\u00f1or Presidente es, en la semana del 22, la pr\u00f3xima semana, presentar el documento conceptual a todos los pa\u00edses, en este momento tenemos inter\u00e9s de m\u00e1s de 100 pa\u00edses de participar, aportar\u201d, indic\u00f3.<\/p>\n\n\n\n<p>Agreg\u00f3 que a partir de la pr\u00f3xima semana se presentar\u00e1 la iniciativa en la asamblea general del organismo internacional.<\/p>\n\n\n\n<p><strong>Fuente: <\/strong>XEU<\/p>\n","protected":false},"excerpt":{"rendered":"<p>El Secretario de Relaciones Exteriores, Marcelo Ebrard, inform\u00f3 que son m\u00e1s de 100 pa\u00edses interesados al Plan de Fraternidad del presidente L\u00f3pez Obrador&nbsp;presentado ante la ONU. \u201cSe interesaron ese mismo d\u00eda en cuanto conocieron el planteamiento, m\u00e1s all\u00e1 de los que son miembros del consejo. La instrucci\u00f3n que nos dio el se\u00f1or Presidente es, en [&hellip;]<\/p>\n","protected":false},"author":2,"featured_media":97879,"comment_status":"open","ping_status":"open","sticky":false,"template":"","format":"standard","meta":{"footnotes":""},"categories":[55],"tags":[],"class_list":["post-97878","post","type-post","status-publish","format-standard","has-post-thumbnail","hentry","category-nacionales"],"_links":{"self":[{"href":"http:\/\/elcuartopoder.com.mx\/nw\/wp-json\/wp\/v2\/posts\/97878","targetHints":{"allow":["GET"]}}],"collection":[{"href":"http:\/\/elcuartopoder.com.mx\/nw\/wp-json\/wp\/v2\/posts"}],"about":[{"href":"http:\/\/elcuartopoder.com.mx\/nw\/wp-json\/wp\/v2\/types\/post"}],"author":[{"embeddable":true,"href":"http:\/\/elcuartopoder.com.mx\/nw\/wp-json\/wp\/v2\/users\/2"}],"replies":[{"embeddable":true,"href":"http:\/\/elcuartopoder.com.mx\/nw\/wp-json\/wp\/v2\/comments?post=97878"}],"version-history":[{"count":1,"href":"http:\/\/elcuartopoder.com.mx\/nw\/wp-json\/wp\/v2\/posts\/97878\/revisions"}],"predecessor-version":[{"id":97880,"href":"http:\/\/elcuartopoder.com.mx\/nw\/wp-json\/wp\/v2\/posts\/97878\/revisions\/97880"}],"wp:featuredmedia":[{"embeddable":true,"href":"http:\/\/elcuartopoder.com.mx\/nw\/wp-json\/wp\/v2\/media\/97879"}],"wp:attachment":[{"href":"http:\/\/elcuartopoder.com.mx\/nw\/wp-json\/wp\/v2\/media?parent=97878"}],"wp:term":[{"taxonomy":"category","embeddable":true,"href":"http:\/\/elcuartopoder.com.mx\/nw\/wp-json\/wp\/v2\/categories?post=97878"},{"taxonomy":"post_tag","embeddable":true,"href":"http:\/\/elcuartopoder.com.mx\/nw\/wp-json\/wp\/v2\/tags?post=97878"}],"curies":[{"name":"wp","href":"https:\/\/api.w.org\/{rel}","templated":true}]}}