{"id":97881,"date":"2021-11-17T10:21:52","date_gmt":"2021-11-17T15:21:52","guid":{"rendered":"http:\/\/elcuartopoder.com.mx\/nw\/?p=97881"},"modified":"2021-11-17T10:21:53","modified_gmt":"2021-11-17T15:21:53","slug":"apoyaremos-a-adultos-mayores-migrantes-que-quieran-regresar-a-mexico-amlo","status":"publish","type":"post","link":"http:\/\/elcuartopoder.com.mx\/nw\/politica\/apoyaremos-a-adultos-mayores-migrantes-que-quieran-regresar-a-mexico-amlo\/","title":{"rendered":"Apoyaremos a adultos mayores migrantes que quieran regresar a M\u00e9xico: AMLO"},"content":{"rendered":"\n<p>En conferencia de prensa esta ma\u00f1ana, el presidente Andr\u00e9s Manuel L\u00f3pez Obrador, inform\u00f3 que su gobierno apoyar\u00e1 a adultos mayores migrantes que deseen regresar a M\u00e9xico.<\/p>\n\n\n\n<p>\u201cSi son personas mayores que desean regresar a sus pueblos, a sus comunidades, nosotros les ayudar\u00edamos, \u00bfc\u00f3mo? Pues otorg\u00e1ndoles cr\u00e9ditos, m\u00e1s que nada apoyos para vivienda y se les incluye en el programa de la pensi\u00f3n\u201d, indic\u00f3.<\/p>\n\n\n\n<p>Puntualiz\u00f3 que\u00a0\u00a0si buscan volver a sus comunidades, se les otorgar\u00e1n dichos cr\u00e9ditos para la vivienda y la incorporaci\u00f3n en la entrega de pensiones del Bienestar.<\/p>\n\n\n\n<p><strong>Fuente: <\/strong>XEU<\/p>\n","protected":false},"excerpt":{"rendered":"<p>En conferencia de prensa esta ma\u00f1ana, el presidente Andr\u00e9s Manuel L\u00f3pez Obrador, inform\u00f3 que su gobierno apoyar\u00e1 a adultos mayores migrantes que deseen regresar a M\u00e9xico. \u201cSi son personas mayores que desean regresar a sus pueblos, a sus comunidades, nosotros les ayudar\u00edamos, \u00bfc\u00f3mo? Pues otorg\u00e1ndoles cr\u00e9ditos, m\u00e1s que nada apoyos para vivienda y se les [&hellip;]<\/p>\n","protected":false},"author":2,"featured_media":97882,"comment_status":"open","ping_status":"open","sticky":false,"template":"","format":"standard","meta":{"footnotes":""},"categories":[61],"tags":[],"class_list":["post-97881","post","type-post","status-publish","format-standard","has-post-thumbnail","hentry","category-politica"],"_links":{"self":[{"href":"http:\/\/elcuartopoder.com.mx\/nw\/wp-json\/wp\/v2\/posts\/97881","targetHints":{"allow":["GET"]}}],"collection":[{"href":"http:\/\/elcuartopoder.com.mx\/nw\/wp-json\/wp\/v2\/posts"}],"about":[{"href":"http:\/\/elcuartopoder.com.mx\/nw\/wp-json\/wp\/v2\/types\/post"}],"author":[{"embeddable":true,"href":"http:\/\/elcuartopoder.com.mx\/nw\/wp-json\/wp\/v2\/users\/2"}],"replies":[{"embeddable":true,"href":"http:\/\/elcuartopoder.com.mx\/nw\/wp-json\/wp\/v2\/comments?post=97881"}],"version-history":[{"count":1,"href":"http:\/\/elcuartopoder.com.mx\/nw\/wp-json\/wp\/v2\/posts\/97881\/revisions"}],"predecessor-version":[{"id":97883,"href":"http:\/\/elcuartopoder.com.mx\/nw\/wp-json\/wp\/v2\/posts\/97881\/revisions\/97883"}],"wp:featuredmedia":[{"embeddable":true,"href":"http:\/\/elcuartopoder.com.mx\/nw\/wp-json\/wp\/v2\/media\/97882"}],"wp:attachment":[{"href":"http:\/\/elcuartopoder.com.mx\/nw\/wp-json\/wp\/v2\/media?parent=97881"}],"wp:term":[{"taxonomy":"category","embeddable":true,"href":"http:\/\/elcuartopoder.com.mx\/nw\/wp-json\/wp\/v2\/categories?post=97881"},{"taxonomy":"post_tag","embeddable":true,"href":"http:\/\/elcuartopoder.com.mx\/nw\/wp-json\/wp\/v2\/tags?post=97881"}],"curies":[{"name":"wp","href":"https:\/\/api.w.org\/{rel}","templated":true}]}}