{"id":98282,"date":"2021-11-24T10:04:34","date_gmt":"2021-11-24T15:04:34","guid":{"rendered":"http:\/\/elcuartopoder.com.mx\/nw\/?p=98282"},"modified":"2021-11-24T10:04:35","modified_gmt":"2021-11-24T15:04:35","slug":"el-exsindico-de-cancun-heyden-cebada-en-la-terna-para-sustituir-a-fidel-villanueva-como-magistrado-numerario-del-tsjqroo","status":"publish","type":"post","link":"http:\/\/elcuartopoder.com.mx\/nw\/municipales\/benito-juarez\/el-exsindico-de-cancun-heyden-cebada-en-la-terna-para-sustituir-a-fidel-villanueva-como-magistrado-numerario-del-tsjqroo\/","title":{"rendered":"El exs\u00edndico de Canc\u00fan, Heyden Cebada, en la terna para sustituir a Fidel Villanueva como magistrado numerario del Tsjqroo"},"content":{"rendered":"\n<p><strong>Por Julio C\u00e9sar Sol\u00eds<\/strong><\/p>\n\n\n\n<p>El exs\u00edndico de Canc\u00fan, Heyden Cebada Rivas, forma parte de la terna que envi\u00f3 al Congreso local el gobernador de Quintana Roo, Carlos Joaqu\u00edn Gonz\u00e1lez, para sustituir a Fidel Villanueva Rivero como magistrado numerario del Tribunal Superior de Justicia de Quintana Roo (Tsjqroo) por un periodo de 6 a\u00f1os.<\/p>\n\n\n\n<p>El exfuncionario p\u00fablico con la alcaldesa de Morena, Mara Lezama, est\u00e1 en la lista que completan la abogada Karla Patricia Rivero Gonz\u00e1lez y el actual consejero jur\u00eddico del Gobierno de estado, Jes\u00fas Antonio Villalobos Carrillo.<\/p>\n\n\n\n<p>El documento fue turnado por el Ejecutivo estatal a la XVI Legislatura elaborado el pasado martes 16 de noviembre y recibido este mi\u00e9rcoles al mediod\u00eda.<\/p>\n\n\n\n<p>Heyden Cebada forma parte de la terna enviada por Carlos Joaqu\u00edn al Congreso del estado<\/p>\n\n\n\n<p>Heyden Cebada Rivas se desempe\u00f1\u00f3 como s\u00edndico del Ayuntamiento de Canc\u00fan de 2018 a 2021, luego de ser escogido por la edil Mara Lezama para ocupar dicha posici\u00f3n.<\/p>\n\n\n\n<p>En tanto, Fidel Villanueva, expresidente del Tsjqroo durante el Gobierno de Roberto Borge Angulo, concluy\u00f3 a principios de septiembre su segundo periodo como magistrado numerario para el que fue reelecto el 20 de julio de 2015.<\/p>\n\n\n\n<p>De acuerdo con el Art\u00edculo 100 de la Constituci\u00f3n Pol\u00edtica de Quintana Roo, los magistrados numerarios durar\u00e1n en su encargo seis a\u00f1os y podr\u00e1n ser reelectos una sola vez por otro periodo de seis a\u00f1os.<\/p>\n","protected":false},"excerpt":{"rendered":"<p>Por Julio C\u00e9sar Sol\u00eds El exs\u00edndico de Canc\u00fan, Heyden Cebada Rivas, forma parte de la terna que envi\u00f3 al Congreso local el gobernador de Quintana Roo, Carlos Joaqu\u00edn Gonz\u00e1lez, para sustituir a Fidel Villanueva Rivero como magistrado numerario del Tribunal Superior de Justicia de Quintana Roo (Tsjqroo) por un periodo de 6 a\u00f1os. El exfuncionario [&hellip;]<\/p>\n","protected":false},"author":2,"featured_media":98283,"comment_status":"open","ping_status":"open","sticky":false,"template":"","format":"standard","meta":{"footnotes":""},"categories":[14],"tags":[],"class_list":["post-98282","post","type-post","status-publish","format-standard","has-post-thumbnail","hentry","category-benito-juarez"],"_links":{"self":[{"href":"http:\/\/elcuartopoder.com.mx\/nw\/wp-json\/wp\/v2\/posts\/98282","targetHints":{"allow":["GET"]}}],"collection":[{"href":"http:\/\/elcuartopoder.com.mx\/nw\/wp-json\/wp\/v2\/posts"}],"about":[{"href":"http:\/\/elcuartopoder.com.mx\/nw\/wp-json\/wp\/v2\/types\/post"}],"author":[{"embeddable":true,"href":"http:\/\/elcuartopoder.com.mx\/nw\/wp-json\/wp\/v2\/users\/2"}],"replies":[{"embeddable":true,"href":"http:\/\/elcuartopoder.com.mx\/nw\/wp-json\/wp\/v2\/comments?post=98282"}],"version-history":[{"count":1,"href":"http:\/\/elcuartopoder.com.mx\/nw\/wp-json\/wp\/v2\/posts\/98282\/revisions"}],"predecessor-version":[{"id":98284,"href":"http:\/\/elcuartopoder.com.mx\/nw\/wp-json\/wp\/v2\/posts\/98282\/revisions\/98284"}],"wp:featuredmedia":[{"embeddable":true,"href":"http:\/\/elcuartopoder.com.mx\/nw\/wp-json\/wp\/v2\/media\/98283"}],"wp:attachment":[{"href":"http:\/\/elcuartopoder.com.mx\/nw\/wp-json\/wp\/v2\/media?parent=98282"}],"wp:term":[{"taxonomy":"category","embeddable":true,"href":"http:\/\/elcuartopoder.com.mx\/nw\/wp-json\/wp\/v2\/categories?post=98282"},{"taxonomy":"post_tag","embeddable":true,"href":"http:\/\/elcuartopoder.com.mx\/nw\/wp-json\/wp\/v2\/tags?post=98282"}],"curies":[{"name":"wp","href":"https:\/\/api.w.org\/{rel}","templated":true}]}}