{"id":98408,"date":"2021-11-27T12:46:43","date_gmt":"2021-11-27T17:46:43","guid":{"rendered":"http:\/\/elcuartopoder.com.mx\/nw\/?p=98408"},"modified":"2021-11-27T12:46:45","modified_gmt":"2021-11-27T17:46:45","slug":"va-la-red-feminista-quintanarroense-por-una-propuesta-unificada-para-despenalizar-el-aborto-en-la-entidad","status":"publish","type":"post","link":"http:\/\/elcuartopoder.com.mx\/nw\/estatales\/va-la-red-feminista-quintanarroense-por-una-propuesta-unificada-para-despenalizar-el-aborto-en-la-entidad\/","title":{"rendered":"Va la Red Feminista Quintanarroense por una propuesta unificada para despenalizar el aborto en la entidad"},"content":{"rendered":"\n<p>Con el objetivo de no dilatar el proceso legislativo y al hecho que no ha sido le\u00edda ante el Pleno y enviada a comisiones, la<strong>&nbsp;Red Feminista Quintanarroense<\/strong>&nbsp;decidi\u00f3 retirar la iniciativa ciudadana presentada el 24 de septiembre y sumarse a la que fue entregada por las diputadas&nbsp;<strong>Tyara Schleske de Ari\u00f1o<\/strong>&nbsp;y&nbsp;<strong>Ana Ellam\u00edn Pamplona<\/strong>&nbsp;<strong>Ram\u00edrez<\/strong>&nbsp;mediante la cual se reforman, derogan y adicionan diversas disposiciones del C\u00f3digo Penal para el Estado Libre y Soberano de Quintana Roo en materia de interrupci\u00f3n del embarazo, la cual fuera le\u00edda en Pleno el pasado 5 de octubre.<\/p>\n\n\n\n<p>En conferencia de prensa, las integrantes de los colectivos feministas recordaron desde que hace m\u00e1s de tres a\u00f1os han trabajado de manera intensa a favor de los derechos de las mujeres, efectuando acciones de defensa, acompa\u00f1amiento y orientaci\u00f3n a las v\u00edctimas de violencia de g\u00e9nero, insistiendo se d\u00e9 cumplimiento a las medidas se\u00f1aladas en la declaratoria de\u00a0<strong>Alerta de Violencia de G\u00e9nero contra las Mujeres<\/strong>\u00a0y se\u00f1alando las omisiones y obst\u00e1culos para un verdadero y efectivo acceso a la seguridad, igualdad, justicia y paz y dejar de criminalizar el derecho a decidir.<\/p>\n\n\n\n<figure class=\"wp-block-image\"><img loading=\"lazy\" decoding=\"async\" width=\"720\" height=\"960\" src=\"http:\/\/elcuartopoder.com.mx\/nw\/wp-content\/uploads\/2021\/11\/WhatsApp-Image-2021-11-24-at-6.59.37-PM.jpeg\" alt=\"\" class=\"wp-image-98410\" srcset=\"http:\/\/elcuartopoder.com.mx\/nw\/wp-content\/uploads\/2021\/11\/WhatsApp-Image-2021-11-24-at-6.59.37-PM.jpeg 720w, http:\/\/elcuartopoder.com.mx\/nw\/wp-content\/uploads\/2021\/11\/WhatsApp-Image-2021-11-24-at-6.59.37-PM-225x300.jpeg 225w, http:\/\/elcuartopoder.com.mx\/nw\/wp-content\/uploads\/2021\/11\/WhatsApp-Image-2021-11-24-at-6.59.37-PM-696x928.jpeg 696w\" sizes=\"auto, (max-width: 720px) 100vw, 720px\" \/><\/figure>\n\n\n\n<p>Hicieron un exhorto a los integrantes de la XVI Legislatura a que realicen con prontitud, con perspectiva de g\u00e9nero y enfoque de derechos humanos, el trabajo de estudio, an\u00e1lisis y dictaminaci\u00f3n correspondiente.<\/p>\n\n\n\n<p>\u201cUna vez discutida en Comisiones, solicitamos sea votada con prontitud en el Pleno de esta Legislatura de la Paridad y hacemos votos por que las y los legisladores emitan su voto apegados a la legalidad, al control convencional, al principio de interpretaci\u00f3n conforme y a las recomendaciones emitidas en la Declaratoria de Alerta de Violencia de G\u00e9nero contra las Mujeres en el Estado\u201d, manifestaron.<\/p>\n\n\n\n<p>De esta manera se da un paso hacia el logro de los objetivos de la Marea Verde en Quintana Roo, as\u00ed como al cumplimiento de uno de los puntos importantes de la agenda Feminista de la RFQ.<\/p>\n\n\n\n<p>Por Rafael Brice\u00f1o<\/p>\n\n\n\n<p>fuente: https:\/\/noticaribe.com.mx\/2021\/11\/24\/va-la-red-feminista-quintanarroense-por-una-propuesta-unificada-para-despenalizar-el-aborto-en-la-entidad\/<\/p>\n","protected":false},"excerpt":{"rendered":"<p>Con el objetivo de no dilatar el proceso legislativo y al hecho que no ha sido le\u00edda ante el Pleno y enviada a comisiones, la&nbsp;Red Feminista Quintanarroense&nbsp;decidi\u00f3 retirar la iniciativa ciudadana presentada el 24 de septiembre y sumarse a la que fue entregada por las diputadas&nbsp;Tyara Schleske de Ari\u00f1o&nbsp;y&nbsp;Ana Ellam\u00edn Pamplona&nbsp;Ram\u00edrez&nbsp;mediante la cual se reforman, [&hellip;]<\/p>\n","protected":false},"author":2,"featured_media":98409,"comment_status":"open","ping_status":"open","sticky":false,"template":"","format":"standard","meta":{"footnotes":""},"categories":[60],"tags":[],"class_list":["post-98408","post","type-post","status-publish","format-standard","has-post-thumbnail","hentry","category-estatales"],"_links":{"self":[{"href":"http:\/\/elcuartopoder.com.mx\/nw\/wp-json\/wp\/v2\/posts\/98408","targetHints":{"allow":["GET"]}}],"collection":[{"href":"http:\/\/elcuartopoder.com.mx\/nw\/wp-json\/wp\/v2\/posts"}],"about":[{"href":"http:\/\/elcuartopoder.com.mx\/nw\/wp-json\/wp\/v2\/types\/post"}],"author":[{"embeddable":true,"href":"http:\/\/elcuartopoder.com.mx\/nw\/wp-json\/wp\/v2\/users\/2"}],"replies":[{"embeddable":true,"href":"http:\/\/elcuartopoder.com.mx\/nw\/wp-json\/wp\/v2\/comments?post=98408"}],"version-history":[{"count":1,"href":"http:\/\/elcuartopoder.com.mx\/nw\/wp-json\/wp\/v2\/posts\/98408\/revisions"}],"predecessor-version":[{"id":98411,"href":"http:\/\/elcuartopoder.com.mx\/nw\/wp-json\/wp\/v2\/posts\/98408\/revisions\/98411"}],"wp:featuredmedia":[{"embeddable":true,"href":"http:\/\/elcuartopoder.com.mx\/nw\/wp-json\/wp\/v2\/media\/98409"}],"wp:attachment":[{"href":"http:\/\/elcuartopoder.com.mx\/nw\/wp-json\/wp\/v2\/media?parent=98408"}],"wp:term":[{"taxonomy":"category","embeddable":true,"href":"http:\/\/elcuartopoder.com.mx\/nw\/wp-json\/wp\/v2\/categories?post=98408"},{"taxonomy":"post_tag","embeddable":true,"href":"http:\/\/elcuartopoder.com.mx\/nw\/wp-json\/wp\/v2\/tags?post=98408"}],"curies":[{"name":"wp","href":"https:\/\/api.w.org\/{rel}","templated":true}]}}