{"id":98412,"date":"2021-11-27T12:53:03","date_gmt":"2021-11-27T17:53:03","guid":{"rendered":"http:\/\/elcuartopoder.com.mx\/nw\/?p=98412"},"modified":"2021-11-27T12:53:04","modified_gmt":"2021-11-27T17:53:04","slug":"el-clero-entrometido-en-la-politica-sentencia-del-tepjf-contra-obispo-pedro-pablo-elizondo-y-dos-cardenales-por-pedir-no-votar-por-candidatos-pro-aborto","status":"publish","type":"post","link":"http:\/\/elcuartopoder.com.mx\/nw\/estatales\/el-clero-entrometido-en-la-politica-sentencia-del-tepjf-contra-obispo-pedro-pablo-elizondo-y-dos-cardenales-por-pedir-no-votar-por-candidatos-pro-aborto\/","title":{"rendered":"EL CLERO, ENTROMETIDO EN LA POL\u00cdTICA: Sentencia del TEPJF contra obispo Pedro Pablo Elizondo y dos cardenales por pedir no votar por candidatos pro-aborto"},"content":{"rendered":"\n<p>el Tribunal Electoral del Poder Judicial de la Federaci\u00f3n (TEPJF) sentenci\u00f3 al obispo de la Di\u00f3cesis Canc\u00fan-Chetumal, Pedro Pablo Elizondo C\u00e1rdenas, as\u00ed como a dos cardenales y dos sacerdotes, por romper la separaci\u00f3n estado-iglesia durante el pasado proceso electoral.<\/p>\n\n\n\n<p>En entrevista realizada, el obispo quintanarroense se\u00f1al\u00f3 que fue notificado de ello el pasado lunes. En su caso, la sentencia fue por declarar, en enero pasado, que los cat\u00f3licos no deben votar por candidatos que apoyan el aborto.<\/p>\n\n\n\n<p>El Tribunal dio parte a la Secretar\u00eda de Gobernaci\u00f3n, para que aplique la sanci\u00f3n correspondiente, por lo que dijo estar en espera de ello.<\/p>\n\n\n\n<p>Aunque primero dijo que se someter\u00e1 a lo que diga la Segob, luego aclar\u00f3 que la Iglesia Cat\u00f3lica ya tiene abogados analizando las opciones a su alcance.<\/p>\n\n\n\n<p>El prelado defendi\u00f3 sus dichos, al indicar que est\u00e1n en su libro de creencias y que las leyes respalda que pueda decir lo que all\u00ed se se\u00f1ale. Tambi\u00e9n indic\u00f3 que en ning\u00fan momento el Tribunal se\u00f1al\u00f3 qu\u00e9 ley se estar\u00eda violando, sino \u00fanicamente habl\u00f3 de principios, de tal forma que, a su modo de ver, no hay delito que perseguir.<\/p>\n\n\n\n<p>Insisti\u00f3 que continuar\u00e1 predicando como lo ha hecho, y que al oponerse al aborto no se mete en pol\u00edtica, sino en un tema \u201cmoral, cient\u00edfico y religioso\u201d.<\/p>\n\n\n\n<p>Junto al obispo, tambi\u00e9n fueron sentenciados el cardenal de M\u00e9xico, el cardenal de Guadalajara y dos sacerdotes, uno de ellos el rector de la Universidad Pontificia de M\u00e9xico.\u00a0<strong>(Agencia SIM)<\/strong><\/p>\n\n\n\n<p>Fuente: https:\/\/noticaribe.com.mx\/2021\/11\/24\/el-clero-entrometido-en-la-politica-sentencia-del-tepjf-contra-obispo-pedro-pablo-elizondo-y-dos-cardenales-por-pedir-no-votar-por-candidatos-pro-aborto\/<\/p>\n","protected":false},"excerpt":{"rendered":"<p>el Tribunal Electoral del Poder Judicial de la Federaci\u00f3n (TEPJF) sentenci\u00f3 al obispo de la Di\u00f3cesis Canc\u00fan-Chetumal, Pedro Pablo Elizondo C\u00e1rdenas, as\u00ed como a dos cardenales y dos sacerdotes, por romper la separaci\u00f3n estado-iglesia durante el pasado proceso electoral. En entrevista realizada, el obispo quintanarroense se\u00f1al\u00f3 que fue notificado de ello el pasado lunes. En [&hellip;]<\/p>\n","protected":false},"author":2,"featured_media":98415,"comment_status":"open","ping_status":"open","sticky":false,"template":"","format":"standard","meta":{"footnotes":""},"categories":[60,61],"tags":[],"class_list":["post-98412","post","type-post","status-publish","format-standard","has-post-thumbnail","hentry","category-estatales","category-politica"],"_links":{"self":[{"href":"http:\/\/elcuartopoder.com.mx\/nw\/wp-json\/wp\/v2\/posts\/98412","targetHints":{"allow":["GET"]}}],"collection":[{"href":"http:\/\/elcuartopoder.com.mx\/nw\/wp-json\/wp\/v2\/posts"}],"about":[{"href":"http:\/\/elcuartopoder.com.mx\/nw\/wp-json\/wp\/v2\/types\/post"}],"author":[{"embeddable":true,"href":"http:\/\/elcuartopoder.com.mx\/nw\/wp-json\/wp\/v2\/users\/2"}],"replies":[{"embeddable":true,"href":"http:\/\/elcuartopoder.com.mx\/nw\/wp-json\/wp\/v2\/comments?post=98412"}],"version-history":[{"count":1,"href":"http:\/\/elcuartopoder.com.mx\/nw\/wp-json\/wp\/v2\/posts\/98412\/revisions"}],"predecessor-version":[{"id":98417,"href":"http:\/\/elcuartopoder.com.mx\/nw\/wp-json\/wp\/v2\/posts\/98412\/revisions\/98417"}],"wp:featuredmedia":[{"embeddable":true,"href":"http:\/\/elcuartopoder.com.mx\/nw\/wp-json\/wp\/v2\/media\/98415"}],"wp:attachment":[{"href":"http:\/\/elcuartopoder.com.mx\/nw\/wp-json\/wp\/v2\/media?parent=98412"}],"wp:term":[{"taxonomy":"category","embeddable":true,"href":"http:\/\/elcuartopoder.com.mx\/nw\/wp-json\/wp\/v2\/categories?post=98412"},{"taxonomy":"post_tag","embeddable":true,"href":"http:\/\/elcuartopoder.com.mx\/nw\/wp-json\/wp\/v2\/tags?post=98412"}],"curies":[{"name":"wp","href":"https:\/\/api.w.org\/{rel}","templated":true}]}}