{"id":98418,"date":"2021-11-27T12:55:58","date_gmt":"2021-11-27T17:55:58","guid":{"rendered":"http:\/\/elcuartopoder.com.mx\/nw\/?p=98418"},"modified":"2021-11-27T12:56:00","modified_gmt":"2021-11-27T17:56:00","slug":"anotalo-ya-viene-el-gran-festival-chapultepec-en-el-complejo-cultural-los-pinos","status":"publish","type":"post","link":"http:\/\/elcuartopoder.com.mx\/nw\/entretenimiento\/espectaculos\/anotalo-ya-viene-el-gran-festival-chapultepec-en-el-complejo-cultural-los-pinos\/","title":{"rendered":"\u00a1An\u00f3talo! Ya viene el Gran Festival Chapultepec en el Complejo Cultural Los Pinos"},"content":{"rendered":"\n<p>La\u00a0fiesta cultural\u00a0sigue en la Ciudad de M\u00e9xico, por lo que las autoridades le pidieron a las personas que aparten alg\u00fan d\u00eda del\u00a03 al 5 de diciembre, pues se llevar\u00e1\u00a0a cabo\u00a0el\u00a0<strong>Gran Festival Chapultepec<\/strong>, una muestra representativa del trabajo y resultado de cuatro convocatorias del\u00a0<strong>proyecto Chapultepec, Naturaleza y Cultura<\/strong>, que se abrieron este a\u00f1o, con el objetivo de impulsar a la comunidad cultural y art\u00edstica en el pa\u00eds y ofrecer\u00a0propuestas\u00a0que muestren la diversidad cultural de M\u00e9xico<\/p>\n\n\n\n<p>La&nbsp;<strong>Secretar\u00eda de Cultura Federal&nbsp;<\/strong>inform\u00f3 que el evento se desarrollar\u00e1 en distintos espacios del&nbsp;<strong>Complejo Cultural Los Pinos<\/strong>&nbsp;y contar\u00e1 con la participaci\u00f3n de 56 grupos art\u00edsticos conformados por m\u00e1s de 300 artistas y agentes de todo M\u00e9xico; ofrecer\u00e1n una diversidad de espect\u00e1culos musicales, teatro y t\u00edteres, los cuales fueron seleccionados a trav\u00e9s de las convocatorias: Ra\u00edz M\u00e9xico: Giras Art\u00edsticas; Canto floral. Nueva l\u00edrica para los \u00e1rboles; Circuito Nacional de Artes Esc\u00e9nicas en Espacios Independientes; y Creaci\u00f3n y Circuito de T\u00edteres y Objetos.<\/p>\n\n\n\n<p>\u00abArtistas cuyas propuestas se relacionan con el tema de naturaleza y cultura llegan de entidades como Tabasco, Quintana Roo, Campeche, Veracruz, Oaxaca, San Luis Potos\u00ed, Puebla, Baja California, Aguascalientes, Nayarit, Nuevo Le\u00f3n, Yucat\u00e1n, Quer\u00e9taro, Hidalgo, Coahuila, Michoac\u00e1n, Jalisco, Tlaxcala, Zacatecas y Morelos con espect\u00e1culos diversos, de acceso gratuito y para toda la familia, siguiendo los protocolos para el cuidado de la salud, entre los que se encuentran el uso de&nbsp;<strong>cubrebocas<\/strong>,&nbsp;<strong>gel<\/strong>&nbsp;<strong>antibacterial<\/strong>&nbsp;y respeto a la&nbsp;<strong>sana<\/strong>&nbsp;<strong>distancia<\/strong>\u00ab, detall\u00f3 la Secretar\u00eda de Cultura a trav\u00e9s de un comunicado.<\/p>\n\n\n\n<h2 class=\"wp-block-heading\"><strong>Checa la programaci\u00f3n del Gran Festival Chapultepec<\/strong><\/h2>\n\n\n\n<ul class=\"wp-block-list\"><li><strong>3 de diciembre<\/strong><\/li><\/ul>\n\n\n\n<p>A las 12 horas, con la presentaci\u00f3n en uno de los tres\u00a0escenarios\u00a0del Helipuerto de la obra Un tren para la luna, de la compa\u00f1\u00eda de teatro \u00daltima fila (<strong>Aguascalientes<\/strong>), y con la presentaci\u00f3n en el\u00a0<strong>Auditorio C de Los Pinos<\/strong>\u00a0de la obra Parking sin estrellas, de la compa\u00f1\u00eda ABordo Teatro (<strong>Baja<\/strong>\u00a0<strong>California<\/strong>). Las presentaciones seguir\u00e1n a lo largo del d\u00eda, por ejemplo, con el espect\u00e1culo musical En-Cantos Naturales, a cargo de la agrupaci\u00f3n Chuchumb\u00e9 (<strong>Veracruz<\/strong>), que presentar\u00e1 m\u00fasica de conga, zapateado y sones.<\/p>\n\n\n\n<ul class=\"wp-block-list\"><li><strong>4 de diciembre<\/strong><\/li><\/ul>\n\n\n\n<p>Entre otros espect\u00e1culos, se encuentra la obra infantil Las aventuras de&nbsp;<strong>Sapo<\/strong>&nbsp;<strong>Torete<\/strong>&nbsp;y&nbsp;<strong>Pancha la Parda<\/strong>. El misterio de la ceiba negra, de la compa\u00f1\u00eda&nbsp;<strong>Trazmallo<\/strong>&nbsp;<strong>Ixinti<\/strong>, en colaboraci\u00f3n con el&nbsp;<strong>Centro Cultural Los Ciruelos del Astillero<\/strong>, originarios de Michoac\u00e1n; adem\u00e1s de la puesta en escena Kiwi, de la compa\u00f1\u00eda Tijuana hace Teatro (Baja California), por mencionar algunos.<\/p>\n\n\n\n<ul class=\"wp-block-list\"><li><strong>5 de diciembre<\/strong><\/li><\/ul>\n\n\n\n<p>Se har\u00e1 la premiaci\u00f3n y presentaci\u00f3n de las 24 canciones seleccionadas de la convocatoria Canto Floral: Nueva L\u00edrica para los \u00e1rboles, la cual tuvo el objetivo de renovar el cancionero tradicional de M\u00e9xico. Tras la premiaci\u00f3n y presentaci\u00f3n musical, la fiesta sigue con el grupo ??Aliados Teatro, procedente de Tlaxcala, que presentar\u00e1 la obra El c\u00edrculo de tiza, musical \u00e9pico con t\u00edteres.<\/p>\n\n\n\n<figure class=\"wp-block-image\"><img decoding=\"async\" src=\"https:\/\/heraldodemexico.com.mx\/u\/fotografias\/m\/2021\/11\/24\/f768x1-448219_448346_79.jpg\" alt=\"\"\/><figcaption>El evento se realizar\u00e1 del 3 al 5 de diciembre: (Foto: TWITTER&nbsp;@cultura_mx)<\/figcaption><\/figure>\n\n\n\n<p>Por su parte, Vivir Quintana, En-cantos Naturales (<strong>Veracruz<\/strong>), Maderas que encantan (<strong>Tabasco<\/strong>), Cuicatl Mezcali (<strong>San<\/strong>&nbsp;<strong>Luis Potos\u00ed<\/strong>), Relicario (<strong>Puebla<\/strong>), Macrocosmos Sonoros (<strong>Baja<\/strong>&nbsp;<strong>California<\/strong>), Sarandeando Surfish (<strong>Nayarit<\/strong>) y Son de Kalunga (<strong>Hidalgo<\/strong>) son las agrupaciones seleccionadas a trav\u00e9s de las convocatorias de Ra\u00edz M\u00e9xico: Giras Art\u00edsticas publicadas en 18 estados de la Rep\u00fablica que se presentaran en el marco del festival.<\/p>\n\n\n\n<p>Como parte de este gran evento, en la&nbsp;<strong>Sala de Cine del Complejo Cultural Los Pinos<\/strong>, el 4 y 5 de diciembre se proyectar\u00e1n ocho producciones audiovisuales -provenientes de cinco entidades del pa\u00eds-, que fueron seleccionadas en la Convocatoria T\u00edteres en Corto 2021, organizada por el Centro Nacional de las Artes (<strong>Cenart<\/strong>).<\/p>\n\n\n\n<p>Adem\u00e1s, las y los asistentes podr\u00e1n disfrutar de bebidas y alimentos que tienen como base ma\u00edz, cacao, amaranto y otros ingredientes de la cocina mexicana que las y los productores locales ofrecer\u00e1n en la&nbsp;<strong>Plaza de la Cultura Alimentaria en el Mercado Solar<\/strong>, junto a Cencalli, la casa del ma\u00edz y la cultura alimentaria.<\/p>\n\n\n\n<h2 class=\"wp-block-heading\"><strong>Eugenia Le\u00f3n y Natalia Lafourcade, las artistas invitadas<\/strong><\/h2>\n\n\n\n<p>El&nbsp;<strong>Gran Festival Chapultepec<\/strong>, cuyas actividades son de acceso gratuito y abiertas para todas las audiencias, ser\u00e1 tambi\u00e9n el espacio para el cierre de la celebraci\u00f3n por el 25 aniversario del grupo&nbsp;<strong>Los<\/strong>&nbsp;<strong>Cojolites<\/strong>, originarios de Veracruz, y que contar\u00e1 con la presencia de&nbsp;<strong>Eugenia<\/strong>&nbsp;<strong>Le\u00f3n<\/strong>&nbsp;y&nbsp;<strong>Natalia<\/strong>&nbsp;<strong>Lafourcade<\/strong>, como artistas invitadas.<\/p>\n\n\n\n<p>\u00abCon este magno evento se cierra el ciclo de actividades de los circuitos culturales que se realizaron en el pa\u00eds, como resultado de las 13 convocatorias de alcance nacional realizadas por la\u00a0<strong>Secretar\u00eda de Cultura del Gobierno de M\u00e9xico<\/strong>\u00a0durante la primera mitad del a\u00f1o, las cuales son parte del proyecto Chapultepec, Naturaleza y Cultura\u00bb, mencion\u00f3 la dependencia.<\/p>\n\n\n\n<p><strong>Fuente:<\/strong> heraldodemexico<\/p>\n","protected":false},"excerpt":{"rendered":"<p>La\u00a0fiesta cultural\u00a0sigue en la Ciudad de M\u00e9xico, por lo que las autoridades le pidieron a las personas que aparten alg\u00fan d\u00eda del\u00a03 al 5 de diciembre, pues se llevar\u00e1\u00a0a cabo\u00a0el\u00a0Gran Festival Chapultepec, una muestra representativa del trabajo y resultado de cuatro convocatorias del\u00a0proyecto Chapultepec, Naturaleza y Cultura, que se abrieron este a\u00f1o, con el objetivo [&hellip;]<\/p>\n","protected":false},"author":2,"featured_media":98419,"comment_status":"open","ping_status":"open","sticky":false,"template":"","format":"standard","meta":{"footnotes":""},"categories":[11],"tags":[],"class_list":["post-98418","post","type-post","status-publish","format-standard","has-post-thumbnail","hentry","category-espectaculos"],"_links":{"self":[{"href":"http:\/\/elcuartopoder.com.mx\/nw\/wp-json\/wp\/v2\/posts\/98418","targetHints":{"allow":["GET"]}}],"collection":[{"href":"http:\/\/elcuartopoder.com.mx\/nw\/wp-json\/wp\/v2\/posts"}],"about":[{"href":"http:\/\/elcuartopoder.com.mx\/nw\/wp-json\/wp\/v2\/types\/post"}],"author":[{"embeddable":true,"href":"http:\/\/elcuartopoder.com.mx\/nw\/wp-json\/wp\/v2\/users\/2"}],"replies":[{"embeddable":true,"href":"http:\/\/elcuartopoder.com.mx\/nw\/wp-json\/wp\/v2\/comments?post=98418"}],"version-history":[{"count":1,"href":"http:\/\/elcuartopoder.com.mx\/nw\/wp-json\/wp\/v2\/posts\/98418\/revisions"}],"predecessor-version":[{"id":98420,"href":"http:\/\/elcuartopoder.com.mx\/nw\/wp-json\/wp\/v2\/posts\/98418\/revisions\/98420"}],"wp:featuredmedia":[{"embeddable":true,"href":"http:\/\/elcuartopoder.com.mx\/nw\/wp-json\/wp\/v2\/media\/98419"}],"wp:attachment":[{"href":"http:\/\/elcuartopoder.com.mx\/nw\/wp-json\/wp\/v2\/media?parent=98418"}],"wp:term":[{"taxonomy":"category","embeddable":true,"href":"http:\/\/elcuartopoder.com.mx\/nw\/wp-json\/wp\/v2\/categories?post=98418"},{"taxonomy":"post_tag","embeddable":true,"href":"http:\/\/elcuartopoder.com.mx\/nw\/wp-json\/wp\/v2\/tags?post=98418"}],"curies":[{"name":"wp","href":"https:\/\/api.w.org\/{rel}","templated":true}]}}