{"id":98434,"date":"2021-11-27T14:03:50","date_gmt":"2021-11-27T19:03:50","guid":{"rendered":"http:\/\/elcuartopoder.com.mx\/nw\/?p=98434"},"modified":"2021-11-27T14:04:38","modified_gmt":"2021-11-27T19:04:38","slug":"el-sorprendente-cambio-de-valentina-paloma-la-hija-de-salma","status":"publish","type":"post","link":"http:\/\/elcuartopoder.com.mx\/nw\/entretenimiento\/espectaculos\/el-sorprendente-cambio-de-valentina-paloma-la-hija-de-salma\/","title":{"rendered":"El sorprendente cambio de Valentina Paloma, la hija de Salma"},"content":{"rendered":"\n<p>Hayek La actriz mexicana descubri\u00f3 su estrella en el Paseo de la Fama de Hollywood<\/p>\n\n\n\n<p> El pasado 19 de noviembre&nbsp;<strong>Salma Hayek<\/strong>&nbsp;(55) estren\u00f3 su&nbsp;<strong>estrella en el Paseo de la Fama de Hollywood<\/strong>&nbsp;en Los \u00c1ngeles (EE.UU.). <\/p>\n\n\n\n<p> La actriz, acompa\u00f1ada por gran parte de su familia, presumi\u00f3 de&nbsp;<strong>hija y es que Valentina Paloma<\/strong>, de 15 a\u00f1os, que luc\u00eda un mini vestido negro y botas altas, se ha convertido en toda una revelaci\u00f3n. <\/p>\n\n\n\n<div class=\"wp-block-image\"><figure class=\"aligncenter\"><img decoding=\"async\" src=\"https:\/\/static2.abc.es\/media\/gente\/2021\/11\/25\/Valentina-Paloma-kEoH-U403287378803snC-220x300@abc.jpg\" alt=\"\"\/><\/figure><\/div>\n\n\n\n<p>La hija de Hayek y el empresario franc\u00e9s Fran\u00e7ois-Henri Pinault, que tambi\u00e9n estuvo arropando a su mujer, respondi\u00f3 en un perfecto castellano a los periodistas. Preguntada sobre qu\u00e9 significaba para ella ver la estrella de su madre all\u00ed, afirm\u00f3: \u00abMe gusta que todo el mundo la va a ver aqu\u00ed\u00bb.<\/p>\n\n\n\n<p>La joven ya estuvo acompa\u00f1ando a su madre en las \u00faltimas alfombras rojas de &#8216;Eternals&#8217;, en Los \u00c1ngeles y en Londres como tambi\u00e9n hicieron los hijos de Angelina Jolie y Brad Pitt pero ha sido en Hollywood cuando Valeria Paloma ha robado, de forma involuntaria, mayor protagonismo a su madre.<\/p>\n\n\n\n<div class=\"wp-block-image\"><figure class=\"aligncenter\"><img decoding=\"async\" src=\"https:\/\/static3.abc.es\/media\/gente\/2021\/11\/25\/Valentina-Paloma2-kEoH--510x349@abc.jpg\" alt=\"En el estreno de 'Eternals', en Los \u00c1ngeles\"\/><\/figure><\/div>\n\n\n\n<p><strong>Salma Hayek estuvo acompa\u00f1ada<\/strong>, adem\u00e1s de por su marido e hija, padres, hermano y cu\u00f1ada, por el actor Adam Sandler, con quien trabaj\u00f3 en las comedias Grown Ups (2010) y Grown Ups 2 (2013); la cineasta Chlo\u00e9 Zhao, con la que colabor\u00f3 en la reciente cinta de Marvel Eternals (2021); y el alcalde de Los \u00c1ngeles, Eric Garcetti, que es un amigo cercano de la actriz. <\/p>\n\n\n\n<div class=\"wp-block-image\"><figure class=\"aligncenter\"><img decoding=\"async\" src=\"https:\/\/static4.abc.es\/media\/gente\/2021\/11\/25\/Valentina-Paloma3-kEoH--510x349@abc.jpg\" alt=\"\"\/><\/figure><\/div>\n\n\n\n<p> La estrella de Hayek est\u00e1 situada muy cerca del Chinese Theatre, un emblem\u00e1tico cine de la calle Hollywood Boulevard, y ah\u00ed acudieron numerosos fans hispanos de la actriz para ver la ceremonia. <\/p>\n\n\n\n<p>Fuente: https:\/\/www.abc.es\/gente\/abci-sorprendente-cambio-valentina-paloma-hija-salma-hayek-202111251112_noticia.html<\/p>\n","protected":false},"excerpt":{"rendered":"<p>Hayek La actriz mexicana descubri\u00f3 su estrella en el Paseo de la Fama de Hollywood El pasado 19 de noviembre&nbsp;Salma Hayek&nbsp;(55) estren\u00f3 su&nbsp;estrella en el Paseo de la Fama de Hollywood&nbsp;en Los \u00c1ngeles (EE.UU.). La actriz, acompa\u00f1ada por gran parte de su familia, presumi\u00f3 de&nbsp;hija y es que Valentina Paloma, de 15 a\u00f1os, que luc\u00eda [&hellip;]<\/p>\n","protected":false},"author":2,"featured_media":98435,"comment_status":"open","ping_status":"open","sticky":false,"template":"","format":"standard","meta":{"footnotes":""},"categories":[11],"tags":[],"class_list":["post-98434","post","type-post","status-publish","format-standard","has-post-thumbnail","hentry","category-espectaculos"],"_links":{"self":[{"href":"http:\/\/elcuartopoder.com.mx\/nw\/wp-json\/wp\/v2\/posts\/98434","targetHints":{"allow":["GET"]}}],"collection":[{"href":"http:\/\/elcuartopoder.com.mx\/nw\/wp-json\/wp\/v2\/posts"}],"about":[{"href":"http:\/\/elcuartopoder.com.mx\/nw\/wp-json\/wp\/v2\/types\/post"}],"author":[{"embeddable":true,"href":"http:\/\/elcuartopoder.com.mx\/nw\/wp-json\/wp\/v2\/users\/2"}],"replies":[{"embeddable":true,"href":"http:\/\/elcuartopoder.com.mx\/nw\/wp-json\/wp\/v2\/comments?post=98434"}],"version-history":[{"count":2,"href":"http:\/\/elcuartopoder.com.mx\/nw\/wp-json\/wp\/v2\/posts\/98434\/revisions"}],"predecessor-version":[{"id":98437,"href":"http:\/\/elcuartopoder.com.mx\/nw\/wp-json\/wp\/v2\/posts\/98434\/revisions\/98437"}],"wp:featuredmedia":[{"embeddable":true,"href":"http:\/\/elcuartopoder.com.mx\/nw\/wp-json\/wp\/v2\/media\/98435"}],"wp:attachment":[{"href":"http:\/\/elcuartopoder.com.mx\/nw\/wp-json\/wp\/v2\/media?parent=98434"}],"wp:term":[{"taxonomy":"category","embeddable":true,"href":"http:\/\/elcuartopoder.com.mx\/nw\/wp-json\/wp\/v2\/categories?post=98434"},{"taxonomy":"post_tag","embeddable":true,"href":"http:\/\/elcuartopoder.com.mx\/nw\/wp-json\/wp\/v2\/tags?post=98434"}],"curies":[{"name":"wp","href":"https:\/\/api.w.org\/{rel}","templated":true}]}}