{"id":98441,"date":"2021-11-27T18:50:09","date_gmt":"2021-11-27T23:50:09","guid":{"rendered":"http:\/\/elcuartopoder.com.mx\/nw\/?p=98441"},"modified":"2021-11-27T18:50:11","modified_gmt":"2021-11-27T23:50:11","slug":"la-reforma-electrica-de-amlo-en-manos-del-pri-y-con-miras-hacia-2022","status":"publish","type":"post","link":"http:\/\/elcuartopoder.com.mx\/nw\/politica\/la-reforma-electrica-de-amlo-en-manos-del-pri-y-con-miras-hacia-2022\/","title":{"rendered":"La Reforma El\u00e9ctrica de AMLO, en manos del PRI y con miras hacia 2022"},"content":{"rendered":"\n<h3 class=\"wp-block-heading\">Analistas pol\u00edticos indicaron que el PRI buscar\u00e1 darle una Reforma Energ\u00e9tica light al Presidente, aunque se\u00f1alaron que el Gobierno tambi\u00e9n puede lograr doblarle las manos al tricolor para que ceda todo. Otro escenario, dijeron, ser\u00eda que los legisladores priistas no voten a favor, pero se abstengan en la sesi\u00f3n para que Morena requiera menos votos.<\/h3>\n\n\n\n<p> La\u00a0<strong>Reforma El\u00e9ctrica<\/strong>\u00a0del Presidente\u00a0<strong>Andr\u00e9s Manuel L\u00f3pez Obrador<\/strong>\u00a0est\u00e1 en manos de una porci\u00f3n de legisladores del PRI, sin los cuales no podr\u00e1n salir adelante los cambios propuestos a la ley que buscan revertir las modificaciones hechas en el Gobierno del priista<strong>\u00a0Enrique Pe\u00f1a Nieto.<\/strong><\/p>\n\n\n\n<p> La Reforma El\u00e9ctrica que ha presentado L\u00f3pez Obrador se ha vuelto la prioridad para los legisladores de Morena quienes tendr\u00e1n que lidiar con la resistencia de los partidos de oposici\u00f3n.\u00a0<\/p>\n\n\n\n<p><\/p>\n\n\n\n<figure class=\"wp-block-image\"><img loading=\"lazy\" decoding=\"async\" width=\"724\" height=\"435\" src=\"http:\/\/elcuartopoder.com.mx\/nw\/wp-content\/uploads\/2021\/11\/moreira.png\" alt=\"\" class=\"wp-image-98442\" srcset=\"http:\/\/elcuartopoder.com.mx\/nw\/wp-content\/uploads\/2021\/11\/moreira.png 724w, http:\/\/elcuartopoder.com.mx\/nw\/wp-content\/uploads\/2021\/11\/moreira-300x180.png 300w, http:\/\/elcuartopoder.com.mx\/nw\/wp-content\/uploads\/2021\/11\/moreira-696x418.png 696w\" sizes=\"auto, (max-width: 724px) 100vw, 724px\" \/><\/figure>\n\n\n\n<p> <\/p>\n\n\n\n<p> Pese a ello, Ignacio Mier Velazco, el coordinador de los diputados de Morena, se ha comprometido con el Presidente en sacar adelante su propuesta de Ley e incluso el partido ha se\u00f1alado sus intenciones de que salga antes de que finalice el periodo ordinario de sesiones, el pr\u00f3ximo 15 de diciembre, un panorama poco probable. <\/p>\n\n\n\n<p><strong>Morena cuenta con 201 votos<\/strong>, con los 33 del Partido del Trabajo (PT) y los 43 del Partido Verde Ecologista de M\u00e9xico (PVEM). Es decir,\u00a0<strong>tiene 227 votos, de los 334 que necesita<\/strong> para aprobar una reforma constitucional, para la cual se requiere del respaldo de las dos terceras partes del Congreso.<\/p>\n\n\n\n<p> <br>En el Senado, a donde ir\u00eda a parar la iniciativa si es aprobada en San L\u00e1zaro, el panorama es similar ya que junto con sus aliados \u2014PT, PVEM y PES\u2014 tiene 76 votos, nueve menos de los necesarios para aprobar la iniciativa del Presidente.\u00a0 <\/p>\n\n\n\n<p>**Es por ellos que los votos faltantes tendr\u00e1n que conseguirlos de la oposici\u00f3n, en particular del Partido Revolucionario Institucional (PRI), el cual se ha mostrado interesado en negociar con Morena, aunque ha puesto como fecha el pr\u00f3ximo a\u00f1o, una vez que queden atr\u00e1s las elecciones en las cuales el tricolor buscar\u00e1 mantener los gobiernos de Oaxaca e Hidalgo, uno de los \u00faltimos bastiones que le quedan.<\/p>\n\n\n\n<blockquote class=\"wp-block-quote is-layout-flow wp-block-quote-is-layout-flow\"><p>\u201cEl PRI busca darle una Reforma Energ\u00e9tica\u00a0<em>light<\/em>\u00a0al Gobierno, como hizo con Calder\u00f3n. Pero el Gobierno tambi\u00e9n puede lograr doblarle las manos al PRI para que ceda todo. Es decir, tendremos tres o cuatro meses de negociaciones\u201d, opin\u00f3 al respecto el analista pol\u00edtico Fernando Dworak.<\/p><p><\/p><\/blockquote>\n\n\n\n<p>En tanto, Gustavo L\u00f3pez Montiel, polit\u00f3logo en la Escuela de Ciencias Sociales y Gobierno del Tecnol\u00f3gico de Monterrey, indic\u00f3 que otro escenario ser\u00eda que los legisladores del tricolor no voten a favor, pero se abstengan en la sesi\u00f3n para que Morena requiera menos votos para aprobar la Reforma El\u00e9ctrica.<\/p>\n\n\n\n<p>La iniciativa establece un mercado de 54 por ciento de generaci\u00f3n para la CFE y 46 por ciento para el sector privado nacional y extranjero, lo cual ha sido cuestionado tanto por la industria privada como por el Partido Acci\u00f3n Nacional.<\/p>\n\n\n\n<p>La Comisi\u00f3n de Electricidad ha dicho que los motivos que subyacen detr\u00e1s de la oposici\u00f3n a este proyecto de Ley se debe a que los grandes consumidores est\u00e1n organizados en sociedades de autoabasto que no pagan lo que deber\u00edan por el uso de la red, mientras que la mayor\u00eda de los mexicanos tiene que hacer grandes esfuerzos por pagar su electricidad.<\/p>\n\n\n\n<p><strong>EL PRI DICE S\u00cd AL DI\u00c1LOGO\u2026 DESPU\u00c9S DE ELECCIONES<\/strong><\/p>\n\n\n\n<blockquote class=\"wp-block-quote is-layout-flow wp-block-quote-is-layout-flow\"><p>\u201cNosotros podemos dialogar, para eso somos diputados. Ser\u00eda un desprop\u00f3sito llegar a la C\u00e1mara y no querer dialogar. \u00bfCu\u00e1ndo? Ahora no. \u00bfPor qu\u00e9 no? Porque est\u00e1 por terminarse el a\u00f1o y este es un tema de mucha profundidad. Tampoco el segundo periodo de este primer a\u00f1o de la Legislatura. \u00bfPor qu\u00e9? Porque tenemos elecci\u00f3n en junio y no queremos que lo constitucional se haga electoral y lo electoral se haga constitucional\u201d, coment\u00f3 el pasado 18 de noviembre el coordinador de los diputados del PRI, Ruben Moreira, quien tambi\u00e9n preside la Junta de Coordinaci\u00f3n Pol\u00edtica (Jucopo) de San L\u00e1zaro.<\/p><\/blockquote>\n\n\n\n<p>La postura del legislador tricolor ha contrastado con la adoptada por el Partido Acci\u00f3n Nacional (PAN), cuyos dirigentes, Jorge Romero, coordinador en San L\u00e1zaro; Julen Rementer\u00eda, l\u00edder de la bancada en el Senado, y Marko Cort\u00e9s, su dirigente nacional, han se\u00f1alado que \u201ces imposible\u201d que la iniciativa tenga el respaldo blanquiazul.<\/p>\n\n\n\n<p>No obstante, dentro del mismo PRI, sus \u200b\u200blegisladores se debaten entre reasumir sus postulados hist\u00f3ricos, como los revisar\u00e1 en su asamblea nacional del pr\u00f3ximo 11 diciembre, o seguir en la coalici\u00f3n de derecha que encabeza el magnate Claudio X. Gonz\u00e1lez Guajardo. Por lo pronto la definici\u00f3n del partido ha sido esperar hasta el pr\u00f3ximo a\u00f1o, como lo se\u00f1al\u00f3 su dirigente nacional, Alejandro Moreno, quien al igual que Moreira ha se\u00f1alado que la discusi\u00f3n tendr\u00e1 que darse hasta despu\u00e9s de junio.<\/p>\n\n\n\n<p>Moreno C\u00e1rdenas ha cuestionado el papel que ha adoptado Morena de cara al pr\u00f3ximo proceso electoral luego de que el dirigente morenista, Mario Delgado, hablara de borrar al PRI del mapa pol\u00edtico. Dentro del partido tricolor las declaraciones del l\u00edder de Morena fueron vistas con recelo y dieron pauta que se cerrara el di\u00e1logo, al menos hasta antes del proceso electoral que renovar\u00e1 seis gubernaturas.<\/p>\n\n\n\n<blockquote class=\"wp-block-quote is-layout-flow wp-block-quote-is-layout-flow\"><p>\u201cSi como se prev\u00e9, Morena gana una parte importante de las gubernaturas y \u2014como dijo Mario Delgado\u2014 se estar\u00eda desapareciendo electoralmente al PRI, eso impactar\u00eda en el \u00e1nimo de la fracci\u00f3n parlamentaria como para todav\u00eda votar a favor de la reforma del Presidente\u201d, dijo en ese sentido Gustavo L\u00f3pez Montiel, polit\u00f3logo en la Escuela de Ciencias Sociales y Gobierno del Tecnol\u00f3gico de Monterrey.<\/p><\/blockquote>\n\n\n\n<p>Frente a la postura del tricolor tambi\u00e9n se ha posicionado el Presidente L\u00f3pez Obrador que ha pedido a los legisladores de este partido regresar a sus principios y no optar por afianzar el salinismo.&nbsp;<\/p>\n\n\n\n<p>El propio Manuel Bartlett D\u00edaz, director general de la CFE, coment\u00f3 la semana pasada a Alejandro P\u00e1ez Varela y \u00c1lvaro Delgado, conductores de \u201cLos Periodistas\u201c, programa que se transmite en SinEmbargo Al Aire por la plataforma de YouTube, que el PRI debe regresar a sus bases y aprobar esta reforma ya que de lo contrario ser\u00eda \u201cun desastre\u201d para el pa\u00eds.<\/p>\n\n\n\n<blockquote class=\"wp-block-quote is-layout-flow wp-block-quote-is-layout-flow\"><p>\u201cEl PRI deber\u00eda votar (a favor), la verdad, porque (es) su reivindicaci\u00f3n. \u00bfQu\u00e9 ha pasado con el PRI?, \u00bfen d\u00f3nde est\u00e1 el PRI? En el s\u00f3tano. \u00bfPor qu\u00e9? Porque renunci\u00f3 a sus principios, porque el priismo kantiano, atrabiliario, corrupto, que llev\u00f3 a cabo la Reforma (Energ\u00e9tica), (Luis) Videgaray y todos ellos, representan una&nbsp; parte que no es, ni por mucho, la esencia del PRI\u201d, coment\u00f3.<\/p><\/blockquote>\n\n\n\n<p><strong>LA RUTA DE MORENA<\/strong><\/p>\n\n\n\n<p>Morena ha anunciado, por su parte, una movilizaci\u00f3n en las calles de todo el pa\u00eds para defender la Reforma El\u00e9ctrica con la cual el Gobierno busca regresar la soberan\u00eda energ\u00e9tica en manos del Estado, mediante el control que se dar\u00e1 a la CFE.<\/p>\n\n\n\n<blockquote class=\"wp-block-quote is-layout-flow wp-block-quote-is-layout-flow\"><p>\u201cLa patria nos requiere, compa\u00f1eras y compa\u00f1eros. Es el momento de refrendar que somos un partido en movimiento y que aqu\u00ed est\u00e1n las y los mejores hijos de M\u00e9xico\u201d, escribi\u00f3 el pasado 4 de noviembre Mario Delgado, dirigente nacional de Morena en su cuenta de Twitter, a la par que comparti\u00f3 un desplegado en el que convoc\u00f3 a la defensa de la iniciativa presidencial.&nbsp;<\/p><\/blockquote>\n\n\n\n<p>En el desplegado, firmado por la c\u00fapula morenista, se reconoce que el partido gobernante no tiene los votos suficientes en el Congreso para aprobar la Reforma y remarca que debe negociar con otras fuerzas pol\u00edticas, y por lo mismo que el debate debe llevarse a las calles.<\/p>\n\n\n\n<p>\u201cLa mayor\u00eda del pueblo est\u00e1 a favor de la iniciativa del Presidente, pero es indispensable que ese respaldo se traduzca en movilizaciones masivas. Esa reforma se tiene que aprobar con el voto de Morena y de sus aliados en el Congreso y con el pueblo en las calles\u201d, se lee en el desplegado.<\/p>\n\n\n\n<p>En ese sentido, la bancada de Morena ha planteado otros escenarios \u2014ante la poca probabilidad de avalar este a\u00f1o los cambios a la Constituci\u00f3n en materia el\u00e9ctrica\u2014 y ha planteado la posibilidad de un periodo extraordinario en enero con la finalidad de que est\u00e9 totalmente aprobada para abril.<\/p>\n\n\n\n<p>Para Montiel la posibilidad que han sopesado Morena y sus aliados de llevar la discusi\u00f3n final en abril pr\u00f3ximo \u2014fecha para la cual esperan haber aprobada la Reforma El\u00e9ctrica en ambas c\u00e1maras y en los 17 congresos estatales\u2014 es para vincularla con la revocaci\u00f3n de mandato para que sea la ciudadan\u00eda quien \u201capruebe\u201d esta contrarreforma y \u201cobligue\u201d al PRI a votar a favor.<\/p>\n\n\n\n<p>\u201cEl 40 por ciento de participaci\u00f3n en esta revocaci\u00f3n \u2014como es su meta\u2014 le alcanza para una especie de mandato de la gente que apoyar\u00eda la reforma el\u00e9ctrica. Pero eso tambi\u00e9n orillar\u00eda a los partidos, fundamentalmente al PRI, a obligar a sus diputados a ceder ante el Presidente y votar a favor porque, si la gente quiere la reforma, quienes voten en contra estar\u00edan votando contra su mandato\u201d, observ\u00f3.<\/p>\n\n\n\n<p>El polit\u00f3logo del Tecnol\u00f3gico de Monterrey estim\u00f3 que el Presidente L\u00f3pez Obrador no permitir\u00e1 ajustes a la reforma que cambien la esencia del control de la CFE, por lo que presionar\u00e1 para que la aprobaci\u00f3n sea antes de las elecciones estatales de verano y evitar que juegue la variable del \u00e1nimo de los priistas.<\/p>\n\n\n\n<p>En tanto, Fernando Dworak indic\u00f3 que la estrategia del bloque de Morena, PT y Verde es aplazar la discusi\u00f3n de la Reforma El\u00e9ctrica para despu\u00e9s de la revocaci\u00f3n de mandato y antes de las elecciones, pero el objetivo del PRI es que cedan a hacer ciertos ajustes como lo logr\u00f3 en el 2008 con la Reforma Energ\u00e9tica de Felipe Calder\u00f3n.<\/p>\n\n\n\n<p>\u201cEn 2008 el Frente Amplio Progresista \u2014formado por PRD, PT y Convergencia\u2014 tom\u00f3 las tribunas de las dos c\u00e1maras del Congreso para que no sesionaran. El PRI fue el fiel de la balanza y convoc\u00f3 a una serie de consultas que hoy se llamar\u00eda parlamento abierto. A partir de eso gan\u00f3 tiempo para hacer una reforma muy ligera, pero factible y ahora est\u00e1 apostando a un escenario similar\u201d, dijo.&nbsp;<\/p>\n\n\n\n<p>Dworak puntualiz\u00f3 que si al Presidente L\u00f3pez Obrador no le dan los n\u00fameros para pasar una reforma como la desea y con ello \u201caparecer en los libros de Historia como un continuador de los legados de L\u00e1zaro C\u00e1rdenas y L\u00f3pez Mateos\u201d, ceder\u00e1 ante un tipo de reforma \u201cque se acomode a ese inter\u00e9s\u201d, aunque sea muy leve.&nbsp;<\/p>\n\n\n\n<p><strong>-Con informaci\u00f3n de Dulce Olvera<\/strong><\/p>\n\n\n\n<p>Por Obed Rosas<\/p>\n\n\n\n<p>Fuente: https:\/\/www.sinembargo.mx\/23-11-2021\/4067414<\/p>\n","protected":false},"excerpt":{"rendered":"<p>Analistas pol\u00edticos indicaron que el PRI buscar\u00e1 darle una Reforma Energ\u00e9tica light al Presidente, aunque se\u00f1alaron que el Gobierno tambi\u00e9n puede lograr doblarle las manos al tricolor para que ceda todo. Otro escenario, dijeron, ser\u00eda que los legisladores priistas no voten a favor, pero se abstengan en la sesi\u00f3n para que Morena requiera menos votos. [&hellip;]<\/p>\n","protected":false},"author":2,"featured_media":98444,"comment_status":"open","ping_status":"open","sticky":false,"template":"","format":"standard","meta":{"footnotes":""},"categories":[61],"tags":[],"class_list":["post-98441","post","type-post","status-publish","format-standard","has-post-thumbnail","hentry","category-politica"],"_links":{"self":[{"href":"http:\/\/elcuartopoder.com.mx\/nw\/wp-json\/wp\/v2\/posts\/98441","targetHints":{"allow":["GET"]}}],"collection":[{"href":"http:\/\/elcuartopoder.com.mx\/nw\/wp-json\/wp\/v2\/posts"}],"about":[{"href":"http:\/\/elcuartopoder.com.mx\/nw\/wp-json\/wp\/v2\/types\/post"}],"author":[{"embeddable":true,"href":"http:\/\/elcuartopoder.com.mx\/nw\/wp-json\/wp\/v2\/users\/2"}],"replies":[{"embeddable":true,"href":"http:\/\/elcuartopoder.com.mx\/nw\/wp-json\/wp\/v2\/comments?post=98441"}],"version-history":[{"count":1,"href":"http:\/\/elcuartopoder.com.mx\/nw\/wp-json\/wp\/v2\/posts\/98441\/revisions"}],"predecessor-version":[{"id":98443,"href":"http:\/\/elcuartopoder.com.mx\/nw\/wp-json\/wp\/v2\/posts\/98441\/revisions\/98443"}],"wp:featuredmedia":[{"embeddable":true,"href":"http:\/\/elcuartopoder.com.mx\/nw\/wp-json\/wp\/v2\/media\/98444"}],"wp:attachment":[{"href":"http:\/\/elcuartopoder.com.mx\/nw\/wp-json\/wp\/v2\/media?parent=98441"}],"wp:term":[{"taxonomy":"category","embeddable":true,"href":"http:\/\/elcuartopoder.com.mx\/nw\/wp-json\/wp\/v2\/categories?post=98441"},{"taxonomy":"post_tag","embeddable":true,"href":"http:\/\/elcuartopoder.com.mx\/nw\/wp-json\/wp\/v2\/tags?post=98441"}],"curies":[{"name":"wp","href":"https:\/\/api.w.org\/{rel}","templated":true}]}}