{"id":98956,"date":"2021-12-07T20:01:39","date_gmt":"2021-12-08T01:01:39","guid":{"rendered":"http:\/\/elcuartopoder.com.mx\/nw\/?p=98956"},"modified":"2021-12-07T20:01:41","modified_gmt":"2021-12-08T01:01:41","slug":"reunion-nacional-de-directores-conalep","status":"publish","type":"post","link":"http:\/\/elcuartopoder.com.mx\/nw\/estatales\/reunion-nacional-de-directores-conalep\/","title":{"rendered":"REUNI\u00d3N NACIONAL DE DIRECTORES CONALEP"},"content":{"rendered":"\n<p>Hoy arrancamos con gran \u00e9xito la 4\ud835\udc95\ud835\udc82. \ud835\udc79\ud835\udc6c\ud835\udc7c\ud835\udc75\ud835\udc70\ud835\udc76\u0301\ud835\udc75 \ud835\udc75\ud835\udc68\ud835\udc6a\ud835\udc70\ud835\udc76\ud835\udc75\ud835\udc68\ud835\udc73 \ud835\udc6b\ud835\udc6c \ud835\udc6b\ud835\udc70\ud835\udc79\ud835\udc6c\ud835\udc6a\ud835\udc7b\ud835\udc76\ud835\udc79\ud835\udc6c\ud835\udc7a \ud835\udc6b\ud835\udc6c\ud835\udc73 \ud835\udc7a\ud835\udc70\ud835\udc7a\ud835\udc7b\ud835\udc6c\ud835\udc74\ud835\udc68 \ud835\udc6a\ud835\udc76\ud835\udc75\ud835\udc68\ud835\udc73\ud835\udc6c\ud835\udc77 \u00a02021, encabezado por el Dr. <a rel=\"noreferrer noopener\" href=\"https:\/\/www.facebook.com\/EnriqueKuHerr\/?__cft__[0]=AZVIR9U7hhUiJMm6MeQKy9NGdQKUSR-lBU6LyhSNJGRLjWTpt3PigAdZRC22HSezcVqtHW3YG5vK1y9Q-K1Q00zb0BNXvd_IdPy1cugqj2LWqzfIjkRtgoVTGaacTrzEzKwEZ4MvIiBjx2Y4ZNU9tp6PIu1k3xjpximiqiRulWJlEetQeQRqkLOGvtdxXSKP2sbQ4ZGjkQMlBFgwAvjI1zDT&amp;__tn__=kK-y-R\" target=\"_blank\">Enrique Ku Herrera<\/a>, que a mano de nuestro Director General el Mtro.\u00a0<a rel=\"noreferrer noopener\" href=\"https:\/\/www.facebook.com\/AnibalMontalvoP\/?__cft__[0]=AZVIR9U7hhUiJMm6MeQKy9NGdQKUSR-lBU6LyhSNJGRLjWTpt3PigAdZRC22HSezcVqtHW3YG5vK1y9Q-K1Q00zb0BNXvd_IdPy1cugqj2LWqzfIjkRtgoVTGaacTrzEzKwEZ4MvIiBjx2Y4ZNU9tp6PIu1k3xjpximiqiRulWJlEetQeQRqkLOGvtdxXSKP2sbQ4ZGjkQMlBFgwAvjI1zDT&amp;__tn__=kK-y-R\" target=\"_blank\">An\u00edbal Montalvo P\u00e9rez<\/a>, le brind\u00f3 un reconocimiento por sus 3 a\u00f1os de gesti\u00f3n al frente del Sistema Conalep.Nos honraron con su presencia los 32 Directores Generales de todo el pa\u00eds a dicho evento que cont\u00f3 con la bienvenida de la Presidenta Municipal de\u00a0<a rel=\"noreferrer noopener\" href=\"https:\/\/www.facebook.com\/AytoCancun\/?__cft__[0]=AZVIR9U7hhUiJMm6MeQKy9NGdQKUSR-lBU6LyhSNJGRLjWTpt3PigAdZRC22HSezcVqtHW3YG5vK1y9Q-K1Q00zb0BNXvd_IdPy1cugqj2LWqzfIjkRtgoVTGaacTrzEzKwEZ4MvIiBjx2Y4ZNU9tp6PIu1k3xjpximiqiRulWJlEetQeQRqkLOGvtdxXSKP2sbQ4ZGjkQMlBFgwAvjI1zDT&amp;__tn__=kK-y-R\" target=\"_blank\">Ayuntamiento de Benito Ju\u00e1rez<\/a>, la Lic.\u00a0<a rel=\"noreferrer noopener\" href=\"https:\/\/www.facebook.com\/MaraLezamaOficial\/?__cft__[0]=AZVIR9U7hhUiJMm6MeQKy9NGdQKUSR-lBU6LyhSNJGRLjWTpt3PigAdZRC22HSezcVqtHW3YG5vK1y9Q-K1Q00zb0BNXvd_IdPy1cugqj2LWqzfIjkRtgoVTGaacTrzEzKwEZ4MvIiBjx2Y4ZNU9tp6PIu1k3xjpximiqiRulWJlEetQeQRqkLOGvtdxXSKP2sbQ4ZGjkQMlBFgwAvjI1zDT&amp;__tn__=kK-y-R\" target=\"_blank\">Mara Lezama<\/a>\u00a0y la inauguraci\u00f3n a cargo de la Mtra. Ana Isabel V\u00e1squez Jim\u00e9nez, Secretaria de Educaci\u00f3n de Quintana Roo, en representaci\u00f3n del gobernador constitucional del Estado, C.P. Carlos Joaqu\u00edn Gonz\u00e1lez.Evento que tiene como objetivo definir estrategias educativas, programas y proyectos innovadores de alto impacto en beneficio de nuestro colegio. <\/p>\n","protected":false},"excerpt":{"rendered":"<p>Hoy arrancamos con gran \u00e9xito la 4\ud835\udc95\ud835\udc82. \ud835\udc79\ud835\udc6c\ud835\udc7c\ud835\udc75\ud835\udc70\ud835\udc76\u0301\ud835\udc75 \ud835\udc75\ud835\udc68\ud835\udc6a\ud835\udc70\ud835\udc76\ud835\udc75\ud835\udc68\ud835\udc73 \ud835\udc6b\ud835\udc6c \ud835\udc6b\ud835\udc70\ud835\udc79\ud835\udc6c\ud835\udc6a\ud835\udc7b\ud835\udc76\ud835\udc79\ud835\udc6c\ud835\udc7a \ud835\udc6b\ud835\udc6c\ud835\udc73 \ud835\udc7a\ud835\udc70\ud835\udc7a\ud835\udc7b\ud835\udc6c\ud835\udc74\ud835\udc68 \ud835\udc6a\ud835\udc76\ud835\udc75\ud835\udc68\ud835\udc73\ud835\udc6c\ud835\udc77 \u00a02021, encabezado por el Dr. Enrique Ku Herrera, que a mano de nuestro Director General el Mtro.\u00a0An\u00edbal Montalvo P\u00e9rez, le brind\u00f3 un reconocimiento por sus 3 a\u00f1os de gesti\u00f3n al frente del Sistema Conalep.Nos honraron con su presencia los 32 Directores [&hellip;]<\/p>\n","protected":false},"author":2,"featured_media":98957,"comment_status":"open","ping_status":"open","sticky":false,"template":"","format":"standard","meta":{"footnotes":""},"categories":[60],"tags":[],"class_list":["post-98956","post","type-post","status-publish","format-standard","has-post-thumbnail","hentry","category-estatales"],"_links":{"self":[{"href":"http:\/\/elcuartopoder.com.mx\/nw\/wp-json\/wp\/v2\/posts\/98956","targetHints":{"allow":["GET"]}}],"collection":[{"href":"http:\/\/elcuartopoder.com.mx\/nw\/wp-json\/wp\/v2\/posts"}],"about":[{"href":"http:\/\/elcuartopoder.com.mx\/nw\/wp-json\/wp\/v2\/types\/post"}],"author":[{"embeddable":true,"href":"http:\/\/elcuartopoder.com.mx\/nw\/wp-json\/wp\/v2\/users\/2"}],"replies":[{"embeddable":true,"href":"http:\/\/elcuartopoder.com.mx\/nw\/wp-json\/wp\/v2\/comments?post=98956"}],"version-history":[{"count":1,"href":"http:\/\/elcuartopoder.com.mx\/nw\/wp-json\/wp\/v2\/posts\/98956\/revisions"}],"predecessor-version":[{"id":98958,"href":"http:\/\/elcuartopoder.com.mx\/nw\/wp-json\/wp\/v2\/posts\/98956\/revisions\/98958"}],"wp:featuredmedia":[{"embeddable":true,"href":"http:\/\/elcuartopoder.com.mx\/nw\/wp-json\/wp\/v2\/media\/98957"}],"wp:attachment":[{"href":"http:\/\/elcuartopoder.com.mx\/nw\/wp-json\/wp\/v2\/media?parent=98956"}],"wp:term":[{"taxonomy":"category","embeddable":true,"href":"http:\/\/elcuartopoder.com.mx\/nw\/wp-json\/wp\/v2\/categories?post=98956"},{"taxonomy":"post_tag","embeddable":true,"href":"http:\/\/elcuartopoder.com.mx\/nw\/wp-json\/wp\/v2\/tags?post=98956"}],"curies":[{"name":"wp","href":"https:\/\/api.w.org\/{rel}","templated":true}]}}