{"id":99189,"date":"2021-12-11T19:54:22","date_gmt":"2021-12-12T00:54:22","guid":{"rendered":"http:\/\/elcuartopoder.com.mx\/nw\/?p=99189"},"modified":"2021-12-11T19:54:24","modified_gmt":"2021-12-12T00:54:24","slug":"demaryius-thomas-exreceptor-de-denver-y-ganador-del-super-bowl-fallece-con-33-anos","status":"publish","type":"post","link":"http:\/\/elcuartopoder.com.mx\/nw\/entretenimiento\/deportes\/demaryius-thomas-exreceptor-de-denver-y-ganador-del-super-bowl-fallece-con-33-anos\/","title":{"rendered":"Demaryius Thomas, exreceptor de Denver y ganador del Super Bowl, fallece con 33 a\u00f1os"},"content":{"rendered":"\n<h3 class=\"wp-block-heading\"><strong>Una prima hermana que creci\u00f3 con Thomas y con quien ten\u00eda una relaci\u00f3n tan estrecha que se consideraban hermanos, dijo a\u00a0<em>The Associated Press<\/em>\u00a0que la familia cree que la muerte se debi\u00f3 a una convulsi\u00f3n.<\/strong><\/h3>\n\n\n\n<p><strong>Demaryius Thomas<\/strong>, quien fue seleccionado para cinco Pro Bowls consecutivos y gan\u00f3 un anillo del\u00a0<strong>Super Bowl<\/strong>\u00a0durante una prol\u00edfica carrera como\u00a0<strong>receptor<\/strong>\u00a0que transcurri\u00f3 en su mayor\u00eda en los Broncos de Denver, falleci\u00f3 el jueves. Ten\u00eda 33 a\u00f1os.<\/p>\n\n\n\n<p> El exjugador fue hallado muerto el jueves por la noche en su casa, ubicada en un suburbio de Atlanta, dijo el agente Tim Lupo, encargado de informaci\u00f3n del departamento policial en Roswell, Georgia.<br><br>\u201cLa informaci\u00f3n preliminar sobre su muerte indica que \u00e9sta se deriva de un problema m\u00e9dico. Nuestros investigadores no tienen por el momento raz\u00f3n alguna para creer lo contrario\u201d, dijo Lupo en un comunicado en la madrugada del viernes. <\/p>\n\n\n\n<figure class=\"wp-block-image\"><img loading=\"lazy\" decoding=\"async\" width=\"593\" height=\"569\" src=\"http:\/\/elcuartopoder.com.mx\/nw\/wp-content\/uploads\/2021\/12\/QPD.png\" alt=\"\" class=\"wp-image-99190\" srcset=\"http:\/\/elcuartopoder.com.mx\/nw\/wp-content\/uploads\/2021\/12\/QPD.png 593w, http:\/\/elcuartopoder.com.mx\/nw\/wp-content\/uploads\/2021\/12\/QPD-300x288.png 300w\" sizes=\"auto, (max-width: 593px) 100vw, 593px\" \/><\/figure>\n\n\n\n<p>La Tonya Bonseigneur, una prima hermana que creci\u00f3 con Thomas y con quien ten\u00eda una relaci\u00f3n tan estrecha que se consideraban hermanos, dijo a <em>The Associated Press<\/em>\u00a0que la familia cree que la muerte se debi\u00f3 a una convulsi\u00f3n.<\/p>\n\n\n\n<p>La polic\u00eda de Roswell notific\u00f3 a los familiares alrededor de las 21:00 horas de que hab\u00edan encontrado a Thomas en una ducha en su casa.<\/p>\n\n\n\n<blockquote class=\"wp-block-quote is-layout-flow wp-block-quote-is-layout-flow\"><p>\u201cLlevaba m\u00e1s de un a\u00f1o sufriendo convulsiones y creemos que sufri\u00f3 una mientras se duchaba\u201d, se\u00f1al\u00f3 Bonseigneur. \u201cNo estamos seguros de cu\u00e1ndo muri\u00f3. Yo habl\u00e9 con \u00e9l ayer\u201d.<\/p><p><\/p><\/blockquote>\n\n\n\n<p> <\/p>\n\n\n\n<p>\u201cEstaba solo y un amigo no pudo localizarlo as\u00ed que llam\u00f3 a su chofer, que tiene una llave debido a esas convulsiones, y entr\u00f3 a su casa y lo encontr\u00f3 en la ducha\u201d, agreg\u00f3.<\/p>\n\n\n\n<p>Thomas jug\u00f3 por \u00faltima vez en la NFL en 2019, cuando disput\u00f3 11 partidos, incluidos 10 como titular, con los Jets de Nueva York.<\/p>\n\n\n\n<figure class=\"wp-block-image\"><img loading=\"lazy\" decoding=\"async\" width=\"683\" height=\"501\" src=\"http:\/\/elcuartopoder.com.mx\/nw\/wp-content\/uploads\/2021\/12\/QPD3.png\" alt=\"\" class=\"wp-image-99191\" srcset=\"http:\/\/elcuartopoder.com.mx\/nw\/wp-content\/uploads\/2021\/12\/QPD3.png 683w, http:\/\/elcuartopoder.com.mx\/nw\/wp-content\/uploads\/2021\/12\/QPD3-300x220.png 300w, http:\/\/elcuartopoder.com.mx\/nw\/wp-content\/uploads\/2021\/12\/QPD3-80x60.png 80w\" sizes=\"auto, (max-width: 683px) 100vw, 683px\" \/><\/figure>\n\n\n\n<p>En junio anunci\u00f3 oficialmente su retiro.<\/p>\n\n\n\n<p>Natural de Montrose, una peque\u00f1a ciudad del sureste de Georgia, Thomas dej\u00f3 huella en el deporte universitario como receptor en Georgia Tech, donde termin\u00f3 con 120 atrapadas para dos mil 339 yardas y 14 touchdowns en tres temporadas.<\/p>\n\n\n\n<p>En la NFL super\u00f3 las 100 recepciones en dos ocasiones, sus mejores marcas fueron 111 atrapadas y mil 619 yardas en 2014. Adem\u00e1s, tuvo cinco temporadas consecutivas con m\u00e1s de mil yardas en recepci\u00f3n.<\/p>\n\n\n\n<p>Uno de los compa\u00f1eros con los que conquist\u00f3 el anillo mostr\u00f3 su conmoci\u00f3n por la noticia de su prematura muerte.<\/p>\n\n\n\n<p>\u201cCon el coraz\u00f3n roto\u201d, escribi\u00f3 el exastro defensivo de los Broncos DeMarcus Ware <\/p>\n\n\n\n<p>en Twitter. Acompa\u00f1\u00f3 el mensaje con una foto de los dos.<\/p>\n\n\n\n<p>Otros jugadores actuales y pasados de la NFL mostraron tambi\u00e9n su pesar en redes sociales.<\/p>\n\n\n\n<p>\u201cDEP Joven Leyenda\u201d, dijo el quarterback de los Seahawks de Seattle Russell Wilson.<\/p>\n\n\n\n<figure class=\"wp-block-image\"><img loading=\"lazy\" decoding=\"async\" width=\"598\" height=\"522\" src=\"http:\/\/elcuartopoder.com.mx\/nw\/wp-content\/uploads\/2021\/12\/QPD2.png\" alt=\"\" class=\"wp-image-99192\" srcset=\"http:\/\/elcuartopoder.com.mx\/nw\/wp-content\/uploads\/2021\/12\/QPD2.png 598w, http:\/\/elcuartopoder.com.mx\/nw\/wp-content\/uploads\/2021\/12\/QPD2-300x262.png 300w\" sizes=\"auto, (max-width: 598px) 100vw, 598px\" \/><\/figure>\n\n\n\n<p>\u201cEstoy impactado al escuchar que Demaryius Thomas ha muerto\u201d, tuite\u00f3 el ex running back de los Broncos Terrell Davis. \u201cSe fue muy pronto\u201d.<\/p>\n\n\n\n<p>En 143 juegos como profesional, Thomas tuvo 724 recepciones para 9.763 yardas y 63 touchdowns.<\/p>\n\n\n\n<p>Thomas no estaba casado ni ten\u00eda hijos, seg\u00fan Bonseigneur.<\/p>\n\n\n\n<p><\/p>\n","protected":false},"excerpt":{"rendered":"<p>Una prima hermana que creci\u00f3 con Thomas y con quien ten\u00eda una relaci\u00f3n tan estrecha que se consideraban hermanos, dijo a\u00a0The Associated Press\u00a0que la familia cree que la muerte se debi\u00f3 a una convulsi\u00f3n. Demaryius Thomas, quien fue seleccionado para cinco Pro Bowls consecutivos y gan\u00f3 un anillo del\u00a0Super Bowl\u00a0durante una prol\u00edfica carrera como\u00a0receptor\u00a0que transcurri\u00f3 [&hellip;]<\/p>\n","protected":false},"author":2,"featured_media":99194,"comment_status":"open","ping_status":"open","sticky":false,"template":"","format":"standard","meta":{"footnotes":""},"categories":[7],"tags":[],"class_list":["post-99189","post","type-post","status-publish","format-standard","has-post-thumbnail","hentry","category-deportes"],"_links":{"self":[{"href":"http:\/\/elcuartopoder.com.mx\/nw\/wp-json\/wp\/v2\/posts\/99189","targetHints":{"allow":["GET"]}}],"collection":[{"href":"http:\/\/elcuartopoder.com.mx\/nw\/wp-json\/wp\/v2\/posts"}],"about":[{"href":"http:\/\/elcuartopoder.com.mx\/nw\/wp-json\/wp\/v2\/types\/post"}],"author":[{"embeddable":true,"href":"http:\/\/elcuartopoder.com.mx\/nw\/wp-json\/wp\/v2\/users\/2"}],"replies":[{"embeddable":true,"href":"http:\/\/elcuartopoder.com.mx\/nw\/wp-json\/wp\/v2\/comments?post=99189"}],"version-history":[{"count":1,"href":"http:\/\/elcuartopoder.com.mx\/nw\/wp-json\/wp\/v2\/posts\/99189\/revisions"}],"predecessor-version":[{"id":99195,"href":"http:\/\/elcuartopoder.com.mx\/nw\/wp-json\/wp\/v2\/posts\/99189\/revisions\/99195"}],"wp:featuredmedia":[{"embeddable":true,"href":"http:\/\/elcuartopoder.com.mx\/nw\/wp-json\/wp\/v2\/media\/99194"}],"wp:attachment":[{"href":"http:\/\/elcuartopoder.com.mx\/nw\/wp-json\/wp\/v2\/media?parent=99189"}],"wp:term":[{"taxonomy":"category","embeddable":true,"href":"http:\/\/elcuartopoder.com.mx\/nw\/wp-json\/wp\/v2\/categories?post=99189"},{"taxonomy":"post_tag","embeddable":true,"href":"http:\/\/elcuartopoder.com.mx\/nw\/wp-json\/wp\/v2\/tags?post=99189"}],"curies":[{"name":"wp","href":"https:\/\/api.w.org\/{rel}","templated":true}]}}