{"id":99196,"date":"2021-12-11T20:32:11","date_gmt":"2021-12-12T01:32:11","guid":{"rendered":"http:\/\/elcuartopoder.com.mx\/nw\/?p=99196"},"modified":"2021-12-11T20:43:50","modified_gmt":"2021-12-12T01:43:50","slug":"sobrevivientes-a-accidente-en-chiapas-buscan-refugios-para-evitar-deportacion","status":"publish","type":"post","link":"http:\/\/elcuartopoder.com.mx\/nw\/internacionales\/sobrevivientes-a-accidente-en-chiapas-buscan-refugios-para-evitar-deportacion\/","title":{"rendered":"Sobrevivientes a accidente en Chiapas buscan refugios para evitar deportaci\u00f3n"},"content":{"rendered":"\n<h3 class=\"wp-block-heading\"><strong>Los migrantes heridos que sobrevivieron al incidente se dispersaron de la zona o se ocultaron en casas para evitar ser deportados y as\u00ed seguir con el trayecto al \u201csue\u00f1o americano\u201d; hasta el momento van 53 personas fallecidas.<\/strong><\/h3>\n\n\n\n<p><strong>Por Armando Hern\u00e1ndez<\/strong><\/p>\n\n\n\n<p>Ciudad de M\u00e9xico, 10 de diciembre (La Opini\u00f3n).-&nbsp;<strong>Conforme<\/strong>&nbsp;<strong>avanzan<\/strong>&nbsp;las&nbsp;<strong>horas<\/strong>&nbsp;luego del&nbsp;<strong>accidente<\/strong>&nbsp;ocurrido en&nbsp;<strong>Chiapas<\/strong>, donde&nbsp;<strong>perdieron<\/strong>&nbsp;la&nbsp;<strong>vida<\/strong>&nbsp;al menos&nbsp;<strong>53<\/strong>&nbsp;personas&nbsp;<strong>migrantes<\/strong>&nbsp;y otras m\u00e1s resultaron lesionadas, las&nbsp;<strong>historias<\/strong>&nbsp;de la&nbsp;<strong>tragedia<\/strong>&nbsp;comenzaron a&nbsp;<strong>aparecer<\/strong>.<\/p>\n\n\n\n<p> Una prueba de ello fue la desesperaci\u00f3n que vivieron los sobrevivientes del tr\u00e1gico accidente, quienes debieron soportar el dolor de sus lesiones, en busca de encontrar refugio para evitar ser deportados, como relataron testigos en la zona. <\/p>\n\n\n\n<p> Sin embargo, no todos corrieron con la misma suerte, pues adem\u00e1s de las decenas de muertos, hubo cerca de 50 migrantes m\u00e1s que tuvieron que ser atendidos debido a la gravedad de las lesiones, o en todo caso, optaron por acabar bruscamente con el llamado \u201csue\u00f1o americano\u201d. <\/p>\n\n\n\n<figure class=\"wp-block-image\"><img decoding=\"async\" src=\"https:\/\/i2.wp.com\/www.sinembargo.mx\/wp-content\/uploads\/2021\/12\/cuartoscuro-848269-digital.jpeg?resize=700%2C933&amp;quality=80&amp;strip=all&amp;ssl=1\" alt=\"\"\/><\/figure>\n\n\n\n<p>Seg\u00fan habitantes de la zona, que fueron los primeros en acudir al lugar y tratar de auxiliar a las v\u00edctimas, el cami\u00f3n circulaba \u201ccon exceso de velocidad\u201d y se sali\u00f3 de una pronunciada curva antes de impactar contra el muro de un puente peatonal.<\/p>\n\n\n\n<p>Como consecuencia, la caja del tr\u00e1iler en la que viajaban los migrantes se desprendi\u00f3 y las v\u00edctimas quedaron esparcidas por la carretera, generando una escena de horror.<\/p>\n\n\n\n<p>El siniestro tuvo lugar en un tramo entre Chiapa de Corzo y Tuxtla Guti\u00e9rrez, la capital de Chiapas. Seg\u00fan las autoridades, el veh\u00edculo ven\u00eda del municipio de Comit\u00e1n, en la frontera con Guatemala.<\/p>\n\n\n\n<figure class=\"wp-block-image\"><img decoding=\"async\" src=\"https:\/\/i0.wp.com\/www.sinembargo.mx\/wp-content\/uploads\/2021\/12\/chiapas-earth.jpeg?resize=700%2C394&amp;quality=80&amp;strip=all&amp;ssl=1\" alt=\"\"\/><\/figure>\n\n\n\n<p>Si bien a\u00fan no se conoce la nacionalidad de las v\u00edctimas, Luis Manuel Garc\u00eda, Director Estatal de Protecci\u00f3n Civil, adelant\u00f3 que \u201cPor los testimonios de las personas sobrevivientes, son originarios la mayor parte de ellos de Guatemala\u201d.<\/p>\n\n\n\n<p>La tragedia se produjo tres d\u00edas despu\u00e9s de que se reactivara, por orden judicial, el pol\u00e9mico programa de Estados Unidos que obliga a los migrantes a esperar en M\u00e9xico la respuesta a sus solicitudes de asilo.<\/p>\n\n\n\n<p><strong>ONU LLAMA A BUSCAR ALTERNATIVAS MIGRATORIAS PARA EVITAR ACCIDENTES COMO EL DE CHIAPAS<\/strong><\/p>\n\n\n\n<p> La Organizaci\u00f3n de las Naciones Unidas (ONU), a trav\u00e9s de su Agencia para los Refugiados (Acnur), asegur\u00f3 que se requieren alternativas migratorias y v\u00edas legales para evitar tragedias como la acontecida este jueves en Chiapas, donde fallecieron al menos 53 migrantes luego de que volcara el tr\u00e1iler donde viajaban escondidos.<\/p>\n\n\n\n<p> La oficina del Acnur en M\u00e9xico lament\u00f3 el accidente donde, de acuerdo con los primeros reportes, tambi\u00e9n hay 58 migrantes lesionados.<\/p>\n\n\n\n<p>La Acnur tambi\u00e9n envi\u00f3 sus \u201csinceras condolencias\u201d a los familiares de todas las personas involucradas y expres\u00f3 que \u201cse requieren alternativas migratorias y v\u00edas legales para evitar tragedias como \u00e9sta\u201d.<\/p>\n\n\n\n<p><\/p>\n\n\n\n<p>fuente: https:\/\/www.sinembargo.mx\/10-12-2021\/4080147<\/p>\n\n\n\n<p><br><\/p>\n","protected":false},"excerpt":{"rendered":"<p>Los migrantes heridos que sobrevivieron al incidente se dispersaron de la zona o se ocultaron en casas para evitar ser deportados y as\u00ed seguir con el trayecto al \u201csue\u00f1o americano\u201d; hasta el momento van 53 personas fallecidas. Por Armando Hern\u00e1ndez Ciudad de M\u00e9xico, 10 de diciembre (La Opini\u00f3n).-&nbsp;Conforme&nbsp;avanzan&nbsp;las&nbsp;horas&nbsp;luego del&nbsp;accidente&nbsp;ocurrido en&nbsp;Chiapas, donde&nbsp;perdieron&nbsp;la&nbsp;vida&nbsp;al menos&nbsp;53&nbsp;personas&nbsp;migrantes&nbsp;y otras m\u00e1s resultaron [&hellip;]<\/p>\n","protected":false},"author":2,"featured_media":99202,"comment_status":"open","ping_status":"open","sticky":false,"template":"","format":"standard","meta":{"footnotes":""},"categories":[8],"tags":[],"class_list":["post-99196","post","type-post","status-publish","format-standard","has-post-thumbnail","hentry","category-internacionales"],"_links":{"self":[{"href":"http:\/\/elcuartopoder.com.mx\/nw\/wp-json\/wp\/v2\/posts\/99196","targetHints":{"allow":["GET"]}}],"collection":[{"href":"http:\/\/elcuartopoder.com.mx\/nw\/wp-json\/wp\/v2\/posts"}],"about":[{"href":"http:\/\/elcuartopoder.com.mx\/nw\/wp-json\/wp\/v2\/types\/post"}],"author":[{"embeddable":true,"href":"http:\/\/elcuartopoder.com.mx\/nw\/wp-json\/wp\/v2\/users\/2"}],"replies":[{"embeddable":true,"href":"http:\/\/elcuartopoder.com.mx\/nw\/wp-json\/wp\/v2\/comments?post=99196"}],"version-history":[{"count":3,"href":"http:\/\/elcuartopoder.com.mx\/nw\/wp-json\/wp\/v2\/posts\/99196\/revisions"}],"predecessor-version":[{"id":99212,"href":"http:\/\/elcuartopoder.com.mx\/nw\/wp-json\/wp\/v2\/posts\/99196\/revisions\/99212"}],"wp:featuredmedia":[{"embeddable":true,"href":"http:\/\/elcuartopoder.com.mx\/nw\/wp-json\/wp\/v2\/media\/99202"}],"wp:attachment":[{"href":"http:\/\/elcuartopoder.com.mx\/nw\/wp-json\/wp\/v2\/media?parent=99196"}],"wp:term":[{"taxonomy":"category","embeddable":true,"href":"http:\/\/elcuartopoder.com.mx\/nw\/wp-json\/wp\/v2\/categories?post=99196"},{"taxonomy":"post_tag","embeddable":true,"href":"http:\/\/elcuartopoder.com.mx\/nw\/wp-json\/wp\/v2\/tags?post=99196"}],"curies":[{"name":"wp","href":"https:\/\/api.w.org\/{rel}","templated":true}]}}