{"id":99207,"date":"2021-12-11T20:48:22","date_gmt":"2021-12-12T01:48:22","guid":{"rendered":"http:\/\/elcuartopoder.com.mx\/nw\/?p=99207"},"modified":"2021-12-11T20:48:23","modified_gmt":"2021-12-12T01:48:23","slug":"el-gobierno-de-quintana-roo-paga-en-tiempo-y-forma-primera-parte-del-aguinaldo","status":"publish","type":"post","link":"http:\/\/elcuartopoder.com.mx\/nw\/estatales\/el-gobierno-de-quintana-roo-paga-en-tiempo-y-forma-primera-parte-del-aguinaldo\/","title":{"rendered":"El Gobierno de Quintana Roo paga en tiempo y forma primera parte del aguinaldo"},"content":{"rendered":"\n<p>Chetumal.- Con recursos econ\u00f3micos cercanos a los 353,216,139.33 millones de pesos, el Gobierno del Estado, a trav\u00e9s de la Secretar\u00eda de Finanzas y Planeaci\u00f3n (SEFIPLAN) informa que se cumpli\u00f3 en tiempo y forma con el pago de la primera parte del aguinaldo a los servidores p\u00fablicos de la administraci\u00f3n estatal.<\/p>\n\n\n\n<p>La titular de la SEFIPLAN, Yohanet Torres Mu\u00f1oz, inform\u00f3 que \u201cA\u00fan con las dificultades recaudatorias y la situaci\u00f3n econ\u00f3mica que atraviesa el estado provocadas por la emergencia sanitaria del COVID_19, para el gobernador Carlos Joaqu\u00edn es una prioridad y un compromiso cumplir oportuna y cabalmente con las obligaciones anuales que se tienen con los trabajadores al servicio de los tres \u00f3rdenes de gobierno\u201d.<\/p>\n\n\n\n<p>El Gobierno del Estado y la SEFIPLAN trabajaron para dar cumplimiento a las trabajadoras y los trabajadores de las dependencias, \u00f3rganos administrativos desconcentrados, organismos auxiliares del Ejecutivo y a los organismos p\u00fablicos descentralizados que actualmente conforman el Poder Ejecutivo Estatal.<\/p>\n\n\n\n<p>\u201cEste a\u00f1o, al igual que el anterior, Quintana Roo ha tenido que reducir su presupuesto y redirigir los recursos, sobre todo al sector salud; sin embargo, se realizaron las previsiones presupuestales y administrativas, adoptando medidas internas de austeridad para cumplir en tiempo y forma con los compromisos de fin de a\u00f1o\u201d, a\u00f1adi\u00f3 Torres Mu\u00f1oz.<\/p>\n\n\n\n<p>Finalmente coment\u00f3 que aunque se aproxima el periodo vacacional con las fiestas decembrinas, es muy importante mantener las medidas sanitarias y los h\u00e1bitos de higiene para no retroceder en el Sem\u00e1foro Epidemiol\u00f3gico Estatal y continuar la recuperaci\u00f3n econ\u00f3mica.<\/p>\n\n\n\n<ul class=\"wp-block-gallery columns-3 is-cropped wp-block-gallery-1 is-layout-flex wp-block-gallery-is-layout-flex\"><li class=\"blocks-gallery-item\"><figure><img loading=\"lazy\" decoding=\"async\" width=\"1024\" height=\"682\" src=\"http:\/\/elcuartopoder.com.mx\/nw\/wp-content\/uploads\/2021\/12\/Sefiplan-AGUINALDO1-1024x682.jpg\" alt=\"\" data-id=\"99214\" data-link=\"http:\/\/elcuartopoder.com.mx\/nw\/?attachment_id=99214\" class=\"wp-image-99214\" srcset=\"http:\/\/elcuartopoder.com.mx\/nw\/wp-content\/uploads\/2021\/12\/Sefiplan-AGUINALDO1-1024x682.jpg 1024w, http:\/\/elcuartopoder.com.mx\/nw\/wp-content\/uploads\/2021\/12\/Sefiplan-AGUINALDO1-300x200.jpg 300w, http:\/\/elcuartopoder.com.mx\/nw\/wp-content\/uploads\/2021\/12\/Sefiplan-AGUINALDO1-768x512.jpg 768w, http:\/\/elcuartopoder.com.mx\/nw\/wp-content\/uploads\/2021\/12\/Sefiplan-AGUINALDO1-696x464.jpg 696w, http:\/\/elcuartopoder.com.mx\/nw\/wp-content\/uploads\/2021\/12\/Sefiplan-AGUINALDO1.jpg 1280w\" sizes=\"auto, (max-width: 1024px) 100vw, 1024px\" \/><\/figure><\/li><li class=\"blocks-gallery-item\"><figure><img loading=\"lazy\" decoding=\"async\" width=\"1024\" height=\"683\" src=\"http:\/\/elcuartopoder.com.mx\/nw\/wp-content\/uploads\/2021\/12\/Sefiplan-AGUINALDO2-1024x683.jpg\" alt=\"\" data-id=\"99215\" data-link=\"http:\/\/elcuartopoder.com.mx\/nw\/?attachment_id=99215\" class=\"wp-image-99215\" srcset=\"http:\/\/elcuartopoder.com.mx\/nw\/wp-content\/uploads\/2021\/12\/Sefiplan-AGUINALDO2-1024x683.jpg 1024w, http:\/\/elcuartopoder.com.mx\/nw\/wp-content\/uploads\/2021\/12\/Sefiplan-AGUINALDO2-300x200.jpg 300w, http:\/\/elcuartopoder.com.mx\/nw\/wp-content\/uploads\/2021\/12\/Sefiplan-AGUINALDO2-768x512.jpg 768w, http:\/\/elcuartopoder.com.mx\/nw\/wp-content\/uploads\/2021\/12\/Sefiplan-AGUINALDO2-696x464.jpg 696w, http:\/\/elcuartopoder.com.mx\/nw\/wp-content\/uploads\/2021\/12\/Sefiplan-AGUINALDO2.jpg 1280w\" sizes=\"auto, (max-width: 1024px) 100vw, 1024px\" \/><\/figure><\/li><li class=\"blocks-gallery-item\"><figure><img loading=\"lazy\" decoding=\"async\" width=\"1024\" height=\"683\" src=\"http:\/\/elcuartopoder.com.mx\/nw\/wp-content\/uploads\/2021\/12\/Sefiplan-AGUINALDO4-1024x683.jpg\" alt=\"\" data-id=\"99216\" data-link=\"http:\/\/elcuartopoder.com.mx\/nw\/?attachment_id=99216\" class=\"wp-image-99216\" srcset=\"http:\/\/elcuartopoder.com.mx\/nw\/wp-content\/uploads\/2021\/12\/Sefiplan-AGUINALDO4-1024x683.jpg 1024w, http:\/\/elcuartopoder.com.mx\/nw\/wp-content\/uploads\/2021\/12\/Sefiplan-AGUINALDO4-300x200.jpg 300w, http:\/\/elcuartopoder.com.mx\/nw\/wp-content\/uploads\/2021\/12\/Sefiplan-AGUINALDO4-768x512.jpg 768w, http:\/\/elcuartopoder.com.mx\/nw\/wp-content\/uploads\/2021\/12\/Sefiplan-AGUINALDO4-696x464.jpg 696w, http:\/\/elcuartopoder.com.mx\/nw\/wp-content\/uploads\/2021\/12\/Sefiplan-AGUINALDO4.jpg 1280w\" sizes=\"auto, (max-width: 1024px) 100vw, 1024px\" \/><\/figure><\/li><li class=\"blocks-gallery-item\"><figure><img loading=\"lazy\" decoding=\"async\" width=\"1024\" height=\"682\" src=\"http:\/\/elcuartopoder.com.mx\/nw\/wp-content\/uploads\/2021\/12\/Sefiplan-AGUINALDO5-1024x682.jpg\" alt=\"\" data-id=\"99217\" data-link=\"http:\/\/elcuartopoder.com.mx\/nw\/?attachment_id=99217\" class=\"wp-image-99217\" srcset=\"http:\/\/elcuartopoder.com.mx\/nw\/wp-content\/uploads\/2021\/12\/Sefiplan-AGUINALDO5-1024x682.jpg 1024w, http:\/\/elcuartopoder.com.mx\/nw\/wp-content\/uploads\/2021\/12\/Sefiplan-AGUINALDO5-300x200.jpg 300w, http:\/\/elcuartopoder.com.mx\/nw\/wp-content\/uploads\/2021\/12\/Sefiplan-AGUINALDO5-768x512.jpg 768w, http:\/\/elcuartopoder.com.mx\/nw\/wp-content\/uploads\/2021\/12\/Sefiplan-AGUINALDO5-696x464.jpg 696w, http:\/\/elcuartopoder.com.mx\/nw\/wp-content\/uploads\/2021\/12\/Sefiplan-AGUINALDO5.jpg 1280w\" sizes=\"auto, (max-width: 1024px) 100vw, 1024px\" \/><\/figure><\/li><\/ul>\n\n\n\n<p><strong>Fuente:<\/strong> cgc.qroo.gob.mx<\/p>\n","protected":false},"excerpt":{"rendered":"<p>Chetumal.- Con recursos econ\u00f3micos cercanos a los 353,216,139.33 millones de pesos, el Gobierno del Estado, a trav\u00e9s de la Secretar\u00eda de Finanzas y Planeaci\u00f3n (SEFIPLAN) informa que se cumpli\u00f3 en tiempo y forma con el pago de la primera parte del aguinaldo a los servidores p\u00fablicos de la administraci\u00f3n estatal. La titular de la SEFIPLAN, [&hellip;]<\/p>\n","protected":false},"author":2,"featured_media":99214,"comment_status":"open","ping_status":"open","sticky":false,"template":"","format":"standard","meta":{"footnotes":""},"categories":[60],"tags":[],"class_list":["post-99207","post","type-post","status-publish","format-standard","has-post-thumbnail","hentry","category-estatales"],"_links":{"self":[{"href":"http:\/\/elcuartopoder.com.mx\/nw\/wp-json\/wp\/v2\/posts\/99207","targetHints":{"allow":["GET"]}}],"collection":[{"href":"http:\/\/elcuartopoder.com.mx\/nw\/wp-json\/wp\/v2\/posts"}],"about":[{"href":"http:\/\/elcuartopoder.com.mx\/nw\/wp-json\/wp\/v2\/types\/post"}],"author":[{"embeddable":true,"href":"http:\/\/elcuartopoder.com.mx\/nw\/wp-json\/wp\/v2\/users\/2"}],"replies":[{"embeddable":true,"href":"http:\/\/elcuartopoder.com.mx\/nw\/wp-json\/wp\/v2\/comments?post=99207"}],"version-history":[{"count":1,"href":"http:\/\/elcuartopoder.com.mx\/nw\/wp-json\/wp\/v2\/posts\/99207\/revisions"}],"predecessor-version":[{"id":99218,"href":"http:\/\/elcuartopoder.com.mx\/nw\/wp-json\/wp\/v2\/posts\/99207\/revisions\/99218"}],"wp:featuredmedia":[{"embeddable":true,"href":"http:\/\/elcuartopoder.com.mx\/nw\/wp-json\/wp\/v2\/media\/99214"}],"wp:attachment":[{"href":"http:\/\/elcuartopoder.com.mx\/nw\/wp-json\/wp\/v2\/media?parent=99207"}],"wp:term":[{"taxonomy":"category","embeddable":true,"href":"http:\/\/elcuartopoder.com.mx\/nw\/wp-json\/wp\/v2\/categories?post=99207"},{"taxonomy":"post_tag","embeddable":true,"href":"http:\/\/elcuartopoder.com.mx\/nw\/wp-json\/wp\/v2\/tags?post=99207"}],"curies":[{"name":"wp","href":"https:\/\/api.w.org\/{rel}","templated":true}]}}