{"id":99208,"date":"2021-12-11T20:42:21","date_gmt":"2021-12-12T01:42:21","guid":{"rendered":"http:\/\/elcuartopoder.com.mx\/nw\/?p=99208"},"modified":"2021-12-11T20:42:22","modified_gmt":"2021-12-12T01:42:22","slug":"viva-aerobus-suma-mas-de-20-mdp-en-multas-por-cobro-de-equipaje-de-mano-dice-profeco","status":"publish","type":"post","link":"http:\/\/elcuartopoder.com.mx\/nw\/economia\/viva-aerobus-suma-mas-de-20-mdp-en-multas-por-cobro-de-equipaje-de-mano-dice-profeco\/","title":{"rendered":"Viva Aerob\u00fas suma m\u00e1s de 20 mdp en multas por cobro de equipaje de mano, dice Profeco"},"content":{"rendered":"\n<h3 class=\"wp-block-heading\"><strong>El organismo gubernamental ya hab\u00eda emitido una alerta previamente para concientizar a la poblaci\u00f3n consumidora del cobro de equipaje de mano por parte de Viva Aerob\u00fas, as\u00ed como multas por m\u00e1s de 20 millones de pesos.<\/strong><\/h3>\n\n\n\n<p>La aerol\u00ednea <strong>Viva Aerob\u00fas acumula m\u00e1s de 20 millones de pesos en multas<\/strong>\u00a0por el cobro de equipaje de mano, seg\u00fan el titular de la Procuradur\u00eda Federal del Consumidor\u00a0<strong>(Profeco),<\/strong>\u00a0Ricardo Sheffield Padilla.<\/p>\n\n\n\n<p>De acuerdo con la informaci\u00f3n citada de\u00a0<em>Milenio<\/em>, el organismo gubernamental anunci\u00f3 recientemente que\u00a0<strong>impondr\u00eda una sanci\u00f3n de 13 millones de pesos a la<\/strong> <br><strong>empresa<\/strong>, mientras que otros cinco procedimientos de infracci\u00f3n a la Ley est\u00e1n en curso \u201cderivados de acciones de verificaci\u00f3n en aeropuertos durante el Buen Fin 2021, por el cobro de equipaje de mano\u201d. <\/p>\n\n\n\n<p> \u201cYa estamos nosotros poniendo sanciones. Ya superaron los 20 millones de pesos en multas, m\u00e1s lo que se siga acumulando hasta donde lo quieran llevar. Est\u00e1n faltando a la Ley. Ya emitimos una alerta en este sentido y van a terminar pagando las multas. Ojal\u00e1 ya le paren, como razonaron Volaris y Aerom\u00e9xico\u201d, indic\u00f3 Sheffield Padilla.<\/p>\n\n\n\n<figure class=\"wp-block-image\"><img decoding=\"async\" src=\"https:\/\/i0.wp.com\/www.sinembargo.mx\/wp-content\/uploads\/2018\/07\/equipaje-mano-avion_ediima20180213_0333_1.jpg?resize=700%2C394&amp;quality=80&amp;strip=all&amp;ssl=1\" alt=\"\"\/><figcaption> <br>La Profeco indic\u00f3 que el equipaje de mano deber\u00eda de estar incluido en todas las tarifas de vuelo. Foto: Especial v\u00eda ElDiario.es <\/figcaption><\/figure>\n\n\n\n<p>  <br>De acuerdo con el Procurador, las operaciones de la compa\u00f1\u00eda opera en detrimento de los intereses y derechos de las y los consumidores. <\/p>\n\n\n\n<p>Igualmente, la dependencia record\u00f3 que esta emiti\u00f3 una alerta a los consumidores con respecto el riesgo que implicaba el comprar con Viva Aerobus, principalmente por la no inclusi\u00f3n del derecho al transporte de equipaje de mano, cobrando por el acceso a este.<\/p>\n\n\n\n<p>Junto con la emisi\u00f3n de alerta, el titular de la Profeco, Ricardo Sheffield Padilla, posteriormente indic\u00f3 que aunque ya ha exhortado a la empresa otorgar al usuario un equipaje de mano de m\u00e1ximo 10 kilogramos, Viva Aerob\u00fas no lo permite, por lo que \u201cahora en los tribunales haremos cumplir a Viva Aerob\u00fas\u201d.<\/p>\n\n\n\n<p>Fuente: <\/p>\n","protected":false},"excerpt":{"rendered":"<p>El organismo gubernamental ya hab\u00eda emitido una alerta previamente para concientizar a la poblaci\u00f3n consumidora del cobro de equipaje de mano por parte de Viva Aerob\u00fas, as\u00ed como multas por m\u00e1s de 20 millones de pesos. La aerol\u00ednea Viva Aerob\u00fas acumula m\u00e1s de 20 millones de pesos en multas\u00a0por el cobro de equipaje de mano, [&hellip;]<\/p>\n","protected":false},"author":2,"featured_media":99209,"comment_status":"open","ping_status":"open","sticky":false,"template":"","format":"standard","meta":{"footnotes":""},"categories":[1],"tags":[],"class_list":["post-99208","post","type-post","status-publish","format-standard","has-post-thumbnail","hentry","category-economia"],"_links":{"self":[{"href":"http:\/\/elcuartopoder.com.mx\/nw\/wp-json\/wp\/v2\/posts\/99208","targetHints":{"allow":["GET"]}}],"collection":[{"href":"http:\/\/elcuartopoder.com.mx\/nw\/wp-json\/wp\/v2\/posts"}],"about":[{"href":"http:\/\/elcuartopoder.com.mx\/nw\/wp-json\/wp\/v2\/types\/post"}],"author":[{"embeddable":true,"href":"http:\/\/elcuartopoder.com.mx\/nw\/wp-json\/wp\/v2\/users\/2"}],"replies":[{"embeddable":true,"href":"http:\/\/elcuartopoder.com.mx\/nw\/wp-json\/wp\/v2\/comments?post=99208"}],"version-history":[{"count":1,"href":"http:\/\/elcuartopoder.com.mx\/nw\/wp-json\/wp\/v2\/posts\/99208\/revisions"}],"predecessor-version":[{"id":99210,"href":"http:\/\/elcuartopoder.com.mx\/nw\/wp-json\/wp\/v2\/posts\/99208\/revisions\/99210"}],"wp:featuredmedia":[{"embeddable":true,"href":"http:\/\/elcuartopoder.com.mx\/nw\/wp-json\/wp\/v2\/media\/99209"}],"wp:attachment":[{"href":"http:\/\/elcuartopoder.com.mx\/nw\/wp-json\/wp\/v2\/media?parent=99208"}],"wp:term":[{"taxonomy":"category","embeddable":true,"href":"http:\/\/elcuartopoder.com.mx\/nw\/wp-json\/wp\/v2\/categories?post=99208"},{"taxonomy":"post_tag","embeddable":true,"href":"http:\/\/elcuartopoder.com.mx\/nw\/wp-json\/wp\/v2\/tags?post=99208"}],"curies":[{"name":"wp","href":"https:\/\/api.w.org\/{rel}","templated":true}]}}