{"id":99634,"date":"2021-12-17T21:20:14","date_gmt":"2021-12-18T02:20:14","guid":{"rendered":"http:\/\/elcuartopoder.com.mx\/nw\/?p=99634"},"modified":"2021-12-17T21:20:16","modified_gmt":"2021-12-18T02:20:16","slug":"alberto-arenaza-todo-sobre-el-unico-espanol-en-la-lista-forbes-30-under-30","status":"publish","type":"post","link":"http:\/\/elcuartopoder.com.mx\/nw\/entretenimiento\/tecnologia\/alberto-arenaza-todo-sobre-el-unico-espanol-en-la-lista-forbes-30-under-30\/","title":{"rendered":"Alberto Arenaza, todo sobre el \u00fanico espa\u00f1ol en la lista Forbes &#8217;30 under 30&#8242;"},"content":{"rendered":"\n<h2 class=\"wp-block-heading\">A sus 25 a\u00f1os, el cofundador de Transcend Network es toda una promesa en el mundo de la educaci\u00f3n y la innovaci\u00f3n<\/h2>\n\n\n\n<p>Kylie Jenner, Evan Spiegel, las hermanas Andresen\u2026 Adem\u00e1s de ser famosos y contar con una vida repleta de lujos, todos ellos tienen en com\u00fan que durante varios a\u00f1os han estado presentes en la lista de Forbes de los j\u00f3venes m\u00e1s ricos menores de 30 a\u00f1os. Un exclusivo elenco en el que, para tener el privilegio de formar parte, hace falta cumplir un requisito al alcance de muy pocos: poseer un patrimonio neto de al menos 1.000 millones de d\u00f3lares (unos 865 millones de euros aproximadamente).<\/p>\n\n\n\n<p>En las listas de la popular revista, destaca tambi\u00e9n&nbsp;<strong>&#8217;30 under 30&#8242;<\/strong>&nbsp;que reconoce los proyectos de \u00e9xito, donde entre las incorporaciones m\u00e1s interesantes de la edici\u00f3n estadounidense de este a\u00f1o cabe destacar una presencia \u2018made in Spain\u2019,&nbsp;<strong>Alberto Arenaza,<\/strong>&nbsp;que con tan solo 25 a\u00f1os ha conseguido hacerse un merecido hueco en la categor\u00eda de \u2018Educaci\u00f3n\u2019. Aunque este rostro resulte desconocido para la gran mayor\u00eda, lo cierto es que esta mente brillante tiene mucho que aportar, y eso que, como quien dice, su carrera acaba pr\u00e1cticamente de empezar. La pregunta es\u2026 \u00bfqui\u00e9n es \u00e9l?<\/p>\n\n\n\n<figure class=\"wp-block-image\"><img decoding=\"async\" src=\"https:\/\/static1.abc.es\/media\/summum\/2021\/12\/08\/arenaza2-kKqH--350x350@abc.jpg\" alt=\"El joven es muy activo en Twitter\"\/><figcaption>El joven es muy activo en Twitter &#8211;&nbsp;\u00a9 Twitter<\/figcaption><\/figure>\n\n\n\n<h2 class=\"wp-block-heading\">Una mente brillante<\/h2>\n\n\n\n<p>Muy reservado con su vida privada, poco se sabe del joven madrile\u00f1o, salvo lo que deja entrever en Twitter, cuyos mensajes se centran en su faceta de emprendedor, y su perfil en Linkedin. De ambos se extraen, adem\u00e1s de sus conocimientos,&nbsp;<strong>su otra pasi\u00f3n: viajar<\/strong>&nbsp;y conocer mundo. Se gradu\u00f3 en&nbsp;<strong>Minerva Schools<\/strong>, una innovadora universidad sin \u00e1nimo de lucro a la que solo acceden los estudiantes m\u00e1s brillantes y cuyos estudios se realizan a lo largo de diferentes ciudades que le hicieron residir en San Francisco, Berl\u00edn, Buenos Aires, Se\u00fal, Londres e Hyderabad.<\/p>\n\n\n\n<p>Al terminar comenz\u00f3 a liderar una peque\u00f1a fundaci\u00f3n que fomenta la innovaci\u00f3n educativa en Espa\u00f1a hasta que cre\u00f3 su gran proyecto, Transcend Network.<\/p>\n\n\n\n<h2 class=\"wp-block-heading\">Transcend Network, su mayor triunfo<\/h2>\n\n\n\n<p>Arenaza es el cofundador de esta Start-Up que naci\u00f3 en 2019, con sede en San Francisco, que funciona como una aceleradora de empresas y que se cre\u00f3 con el objetivo de&nbsp;<strong>originar una comunidad global donde compartir conocimientos<\/strong>&nbsp;para dotar de perspectiva y recursos a nivel mundial con el fin de ayudar a dar visibilidad a su producto y que se posicionen en el mercado.<\/p>\n\n\n\n<p>Para fomentarlo, organiza tres veces al a\u00f1o un<strong>&nbsp;programa de becas de seis semanas<\/strong>&nbsp;para los fundadores de dichas empresas de tecnolog\u00eda educativa en fase inicial, con el objetivo de impulsar la conexi\u00f3n entre los propios emprendedores con los inversores. En cuanto al modo de financiarse, obtiene fondos con las cuotas de los becarios y los patrocinios de las empresas involucradas.<\/p>\n\n\n\n<p>Un exitoso modelo de negocio que en 2020 apoy\u00f3 a m\u00e1s de 60 startups de 22 pa\u00edses y en donde las j\u00f3venes empresas participantes lograron recaudar m\u00e1s de 70 millones de d\u00f3lares desde que se crease.<\/p>\n\n\n\n<p>Alberto se suma de esta manera al selecto club de mentes espa\u00f1olas que han conseguido aparecer en la publicaci\u00f3n como Pablo Rodr\u00edguez-Fern\u00e1ndez, Esti Blanco-Elorrieta, Pablo Pantaleoni o Javier Ag\u00fcera Reneses. Solo el tiempo dir\u00e1 qu\u00e9 camino toma su trayectoria profesional.<\/p>\n\n\n\n<p>Por Marta Benayas \u00c1lamos<\/p>\n\n\n\n<p>fuente: https:\/\/www.abc.es\/summum\/living\/negocios\/abci-alberto-arenaza-todo-sobre-unico-espanol-lista-forbes-mas-ricos-menores-30-anos-202112170024_noticia.html<\/p>\n","protected":false},"excerpt":{"rendered":"<p>A sus 25 a\u00f1os, el cofundador de Transcend Network es toda una promesa en el mundo de la educaci\u00f3n y la innovaci\u00f3n Kylie Jenner, Evan Spiegel, las hermanas Andresen\u2026 Adem\u00e1s de ser famosos y contar con una vida repleta de lujos, todos ellos tienen en com\u00fan que durante varios a\u00f1os han estado presentes en la [&hellip;]<\/p>\n","protected":false},"author":2,"featured_media":99635,"comment_status":"open","ping_status":"open","sticky":false,"template":"","format":"standard","meta":{"footnotes":""},"categories":[57],"tags":[],"class_list":["post-99634","post","type-post","status-publish","format-standard","has-post-thumbnail","hentry","category-tecnologia"],"_links":{"self":[{"href":"http:\/\/elcuartopoder.com.mx\/nw\/wp-json\/wp\/v2\/posts\/99634","targetHints":{"allow":["GET"]}}],"collection":[{"href":"http:\/\/elcuartopoder.com.mx\/nw\/wp-json\/wp\/v2\/posts"}],"about":[{"href":"http:\/\/elcuartopoder.com.mx\/nw\/wp-json\/wp\/v2\/types\/post"}],"author":[{"embeddable":true,"href":"http:\/\/elcuartopoder.com.mx\/nw\/wp-json\/wp\/v2\/users\/2"}],"replies":[{"embeddable":true,"href":"http:\/\/elcuartopoder.com.mx\/nw\/wp-json\/wp\/v2\/comments?post=99634"}],"version-history":[{"count":1,"href":"http:\/\/elcuartopoder.com.mx\/nw\/wp-json\/wp\/v2\/posts\/99634\/revisions"}],"predecessor-version":[{"id":99636,"href":"http:\/\/elcuartopoder.com.mx\/nw\/wp-json\/wp\/v2\/posts\/99634\/revisions\/99636"}],"wp:featuredmedia":[{"embeddable":true,"href":"http:\/\/elcuartopoder.com.mx\/nw\/wp-json\/wp\/v2\/media\/99635"}],"wp:attachment":[{"href":"http:\/\/elcuartopoder.com.mx\/nw\/wp-json\/wp\/v2\/media?parent=99634"}],"wp:term":[{"taxonomy":"category","embeddable":true,"href":"http:\/\/elcuartopoder.com.mx\/nw\/wp-json\/wp\/v2\/categories?post=99634"},{"taxonomy":"post_tag","embeddable":true,"href":"http:\/\/elcuartopoder.com.mx\/nw\/wp-json\/wp\/v2\/tags?post=99634"}],"curies":[{"name":"wp","href":"https:\/\/api.w.org\/{rel}","templated":true}]}}