{"id":99642,"date":"2021-12-18T18:22:44","date_gmt":"2021-12-18T23:22:44","guid":{"rendered":"http:\/\/elcuartopoder.com.mx\/nw\/?p=99642"},"modified":"2021-12-18T18:22:46","modified_gmt":"2021-12-18T23:22:46","slug":"empieza-cancun-el-viernes-con-un-ataque-armado-en-la-supermanzana-19-hay-3-heridos","status":"publish","type":"post","link":"http:\/\/elcuartopoder.com.mx\/nw\/municipales\/benito-juarez\/empieza-cancun-el-viernes-con-un-ataque-armado-en-la-supermanzana-19-hay-3-heridos\/","title":{"rendered":"Empieza Canc\u00fan el viernes con un ataque armado en la Supermanzana 19, hay 3 heridos"},"content":{"rendered":"\n<h2 class=\"wp-block-heading\">Uno de los heridos en el ataque fue identificado como agente de la Polic\u00eda.<\/h2>\n\n\n\n<p>De manera violenta comenz\u00f3 el d\u00eda en Canc\u00fan, esto luego de que por la ma\u00f1ana se registrara un ataque a balazos en la Supermanzana 19 sobre la avenida Cop\u00e1n y Contoy, el cual dej\u00f3 como saldo por lo menos 3 personas heridas de bala y un autom\u00f3vil da\u00f1ado.<\/p>\n\n\n\n<p>Vale resaltar que el ataque armado moviliz\u00f3 a los cuerpos de urgencias y polic\u00edacos cuando fueron advertidos de los balazos en el sitio referido.<\/p>\n\n\n\n<p>De acuerdo con reportes, 3 personas resultaron lesionadas, de los cuales, 2 se trasladaron a una cl\u00ednica particular y otro se fue a un hospital.\u00a0<\/p>\n\n\n\n<p>Elementos de la Polic\u00eda&nbsp; Quintana Roo y de la Polic\u00eda Ministerial se encargaron de tomar conocimiento de los hechos e informaron que la agresi\u00f3n fue directa y que en la zona quedaron casquillos percutidos de arma corta y larga.&nbsp;<\/p>\n\n\n\n<p>Uno de los lesionados result\u00f3 ser un agente de la Polic\u00eda, quien se reporta como grave, identificado como \u201cSalas\u201d; seg\u00fan versiones \u00e9l repeli\u00f3 la agresi\u00f3n.<\/p>\n\n\n\n<p>Adem\u00e1s se inform\u00f3 que un hombre y una mujer tambi\u00e9n est\u00e1n heridos; la f\u00e9mina se supo que ten\u00eda un roz\u00f3n de bala.<\/p>\n\n\n\n<p>En la zona tambi\u00e9n un autom\u00f3vil qued\u00f3 con da\u00f1os, al igual que la fachada de un predio del per\u00edmetro.&nbsp;<\/p>\n\n\n\n<p>Se desconoce el m\u00f3vil del ataque, pero se presume sea un posible ajuste entre grupos antag\u00f3nicos.&nbsp;<\/p>\n\n\n\n<p>Agentes de diversas corporaciones llegaron hasta la zona para tomar indicios del ataque y de esta manera iniciar con las investigaciones correspondientes.<\/p>\n\n\n\n<figure class=\"wp-block-image\"><img loading=\"lazy\" decoding=\"async\" width=\"1024\" height=\"768\" src=\"http:\/\/elcuartopoder.com.mx\/nw\/wp-content\/uploads\/2021\/12\/WhatsApp-Image-2021-12-17-at-11.38.08-AM-1-1024x768.jpeg\" alt=\"\" class=\"wp-image-99643\" srcset=\"http:\/\/elcuartopoder.com.mx\/nw\/wp-content\/uploads\/2021\/12\/WhatsApp-Image-2021-12-17-at-11.38.08-AM-1-1024x768.jpeg 1024w, http:\/\/elcuartopoder.com.mx\/nw\/wp-content\/uploads\/2021\/12\/WhatsApp-Image-2021-12-17-at-11.38.08-AM-1-300x225.jpeg 300w, http:\/\/elcuartopoder.com.mx\/nw\/wp-content\/uploads\/2021\/12\/WhatsApp-Image-2021-12-17-at-11.38.08-AM-1-768x576.jpeg 768w, http:\/\/elcuartopoder.com.mx\/nw\/wp-content\/uploads\/2021\/12\/WhatsApp-Image-2021-12-17-at-11.38.08-AM-1-80x60.jpeg 80w, http:\/\/elcuartopoder.com.mx\/nw\/wp-content\/uploads\/2021\/12\/WhatsApp-Image-2021-12-17-at-11.38.08-AM-1-265x198.jpeg 265w, http:\/\/elcuartopoder.com.mx\/nw\/wp-content\/uploads\/2021\/12\/WhatsApp-Image-2021-12-17-at-11.38.08-AM-1-696x522.jpeg 696w, http:\/\/elcuartopoder.com.mx\/nw\/wp-content\/uploads\/2021\/12\/WhatsApp-Image-2021-12-17-at-11.38.08-AM-1.jpeg 1040w\" sizes=\"auto, (max-width: 1024px) 100vw, 1024px\" \/><\/figure>\n\n\n\n<figure class=\"wp-block-image\"><img loading=\"lazy\" decoding=\"async\" width=\"1024\" height=\"768\" src=\"http:\/\/elcuartopoder.com.mx\/nw\/wp-content\/uploads\/2021\/12\/WhatsApp-Image-2021-12-17-at-11.38.08-AM-1024x768.jpeg\" alt=\"\" class=\"wp-image-99644\" srcset=\"http:\/\/elcuartopoder.com.mx\/nw\/wp-content\/uploads\/2021\/12\/WhatsApp-Image-2021-12-17-at-11.38.08-AM-1024x768.jpeg 1024w, http:\/\/elcuartopoder.com.mx\/nw\/wp-content\/uploads\/2021\/12\/WhatsApp-Image-2021-12-17-at-11.38.08-AM-300x225.jpeg 300w, http:\/\/elcuartopoder.com.mx\/nw\/wp-content\/uploads\/2021\/12\/WhatsApp-Image-2021-12-17-at-11.38.08-AM-768x576.jpeg 768w, http:\/\/elcuartopoder.com.mx\/nw\/wp-content\/uploads\/2021\/12\/WhatsApp-Image-2021-12-17-at-11.38.08-AM-80x60.jpeg 80w, http:\/\/elcuartopoder.com.mx\/nw\/wp-content\/uploads\/2021\/12\/WhatsApp-Image-2021-12-17-at-11.38.08-AM-265x198.jpeg 265w, http:\/\/elcuartopoder.com.mx\/nw\/wp-content\/uploads\/2021\/12\/WhatsApp-Image-2021-12-17-at-11.38.08-AM-696x522.jpeg 696w, http:\/\/elcuartopoder.com.mx\/nw\/wp-content\/uploads\/2021\/12\/WhatsApp-Image-2021-12-17-at-11.38.08-AM.jpeg 1040w\" sizes=\"auto, (max-width: 1024px) 100vw, 1024px\" \/><\/figure>\n\n\n\n<p>fuente: https:\/\/www.marcrixnoticias.com\/empieza-cancun-el-viernes-con-un-ataque-armado-en-la-supermanzana-19-hay-3-heridos\/<\/p>\n","protected":false},"excerpt":{"rendered":"<p>Uno de los heridos en el ataque fue identificado como agente de la Polic\u00eda. De manera violenta comenz\u00f3 el d\u00eda en Canc\u00fan, esto luego de que por la ma\u00f1ana se registrara un ataque a balazos en la Supermanzana 19 sobre la avenida Cop\u00e1n y Contoy, el cual dej\u00f3 como saldo por lo menos 3 personas [&hellip;]<\/p>\n","protected":false},"author":2,"featured_media":99645,"comment_status":"open","ping_status":"open","sticky":false,"template":"","format":"standard","meta":{"footnotes":""},"categories":[14],"tags":[],"class_list":["post-99642","post","type-post","status-publish","format-standard","has-post-thumbnail","hentry","category-benito-juarez"],"_links":{"self":[{"href":"http:\/\/elcuartopoder.com.mx\/nw\/wp-json\/wp\/v2\/posts\/99642","targetHints":{"allow":["GET"]}}],"collection":[{"href":"http:\/\/elcuartopoder.com.mx\/nw\/wp-json\/wp\/v2\/posts"}],"about":[{"href":"http:\/\/elcuartopoder.com.mx\/nw\/wp-json\/wp\/v2\/types\/post"}],"author":[{"embeddable":true,"href":"http:\/\/elcuartopoder.com.mx\/nw\/wp-json\/wp\/v2\/users\/2"}],"replies":[{"embeddable":true,"href":"http:\/\/elcuartopoder.com.mx\/nw\/wp-json\/wp\/v2\/comments?post=99642"}],"version-history":[{"count":1,"href":"http:\/\/elcuartopoder.com.mx\/nw\/wp-json\/wp\/v2\/posts\/99642\/revisions"}],"predecessor-version":[{"id":99646,"href":"http:\/\/elcuartopoder.com.mx\/nw\/wp-json\/wp\/v2\/posts\/99642\/revisions\/99646"}],"wp:featuredmedia":[{"embeddable":true,"href":"http:\/\/elcuartopoder.com.mx\/nw\/wp-json\/wp\/v2\/media\/99645"}],"wp:attachment":[{"href":"http:\/\/elcuartopoder.com.mx\/nw\/wp-json\/wp\/v2\/media?parent=99642"}],"wp:term":[{"taxonomy":"category","embeddable":true,"href":"http:\/\/elcuartopoder.com.mx\/nw\/wp-json\/wp\/v2\/categories?post=99642"},{"taxonomy":"post_tag","embeddable":true,"href":"http:\/\/elcuartopoder.com.mx\/nw\/wp-json\/wp\/v2\/tags?post=99642"}],"curies":[{"name":"wp","href":"https:\/\/api.w.org\/{rel}","templated":true}]}}