{"id":99871,"date":"2021-12-24T13:21:24","date_gmt":"2021-12-24T18:21:24","guid":{"rendered":"http:\/\/elcuartopoder.com.mx\/nw\/?p=99871"},"modified":"2021-12-24T13:21:25","modified_gmt":"2021-12-24T18:21:25","slug":"denuncian-penalmente-a-6-consejeros-y-un-secretario-del-ine-ante-la-fgr","status":"publish","type":"post","link":"http:\/\/elcuartopoder.com.mx\/nw\/politica\/denuncian-penalmente-a-6-consejeros-y-un-secretario-del-ine-ante-la-fgr\/","title":{"rendered":"Denuncian penalmente a 6 consejeros y un secretario del INE ante la FGR"},"content":{"rendered":"\n<p>Sergio Guti\u00e9rrez Luna, quien es presidente de la C\u00e1mara de Diputados, denunci\u00f3 penalmente a los seis Consejeros y a un secretario del Instituto Nacional Electoral (INE) ante la Fiscal\u00eda General de la Rep\u00fablica (FGR) que votaron para suspender temporalmente la revocaci\u00f3n de mandato de AMLO.<\/p>\n\n\n\n<p>Los denunciados son el presidente del INE, Lorenzo C\u00f3rdova y los consejeros&nbsp;Ciro Murayama Rend\u00f3n, Dania Paola Ravel Cuevas, Jaime Rivera Vel\u00e1zquez, Jos\u00e9 Roberto Ruiz Salda\u00f1a&nbsp;y Beatriz Claudia Zavala P\u00e9rez.<\/p>\n\n\n\n<p>De acuerdo con una copia que cuenta el peri\u00f3dico El Universal, se\u00f1ala que \u00ablas servidoras y servidores\u00a0p\u00fablicos que se desempe\u00f1an como\u00a0Consejeros Electorales\u00a0integrantes del Consejo General del Instituto Nacional Electoral, y Edmundo Jacobo Molina, servidor p\u00fablico que se desempe\u00f1a como Secretar\u00eda Ejecutivo del Instituto Nacional Electoral, por su participaci\u00f3n en hechos con apariencia de delito de coalici\u00f3n de servidores p\u00fablicos, previsto y sancionado por el art\u00edculo 216 del\u00a0C\u00f3digo Penal Federal\u00bb.<\/p>\n\n\n\n<p><strong>Fuente: <\/strong>XEU<\/p>\n","protected":false},"excerpt":{"rendered":"<p>Sergio Guti\u00e9rrez Luna, quien es presidente de la C\u00e1mara de Diputados, denunci\u00f3 penalmente a los seis Consejeros y a un secretario del Instituto Nacional Electoral (INE) ante la Fiscal\u00eda General de la Rep\u00fablica (FGR) que votaron para suspender temporalmente la revocaci\u00f3n de mandato de AMLO. Los denunciados son el presidente del INE, Lorenzo C\u00f3rdova y [&hellip;]<\/p>\n","protected":false},"author":2,"featured_media":99872,"comment_status":"open","ping_status":"open","sticky":false,"template":"","format":"standard","meta":{"footnotes":""},"categories":[61],"tags":[],"class_list":["post-99871","post","type-post","status-publish","format-standard","has-post-thumbnail","hentry","category-politica"],"_links":{"self":[{"href":"http:\/\/elcuartopoder.com.mx\/nw\/wp-json\/wp\/v2\/posts\/99871","targetHints":{"allow":["GET"]}}],"collection":[{"href":"http:\/\/elcuartopoder.com.mx\/nw\/wp-json\/wp\/v2\/posts"}],"about":[{"href":"http:\/\/elcuartopoder.com.mx\/nw\/wp-json\/wp\/v2\/types\/post"}],"author":[{"embeddable":true,"href":"http:\/\/elcuartopoder.com.mx\/nw\/wp-json\/wp\/v2\/users\/2"}],"replies":[{"embeddable":true,"href":"http:\/\/elcuartopoder.com.mx\/nw\/wp-json\/wp\/v2\/comments?post=99871"}],"version-history":[{"count":1,"href":"http:\/\/elcuartopoder.com.mx\/nw\/wp-json\/wp\/v2\/posts\/99871\/revisions"}],"predecessor-version":[{"id":99873,"href":"http:\/\/elcuartopoder.com.mx\/nw\/wp-json\/wp\/v2\/posts\/99871\/revisions\/99873"}],"wp:featuredmedia":[{"embeddable":true,"href":"http:\/\/elcuartopoder.com.mx\/nw\/wp-json\/wp\/v2\/media\/99872"}],"wp:attachment":[{"href":"http:\/\/elcuartopoder.com.mx\/nw\/wp-json\/wp\/v2\/media?parent=99871"}],"wp:term":[{"taxonomy":"category","embeddable":true,"href":"http:\/\/elcuartopoder.com.mx\/nw\/wp-json\/wp\/v2\/categories?post=99871"},{"taxonomy":"post_tag","embeddable":true,"href":"http:\/\/elcuartopoder.com.mx\/nw\/wp-json\/wp\/v2\/tags?post=99871"}],"curies":[{"name":"wp","href":"https:\/\/api.w.org\/{rel}","templated":true}]}}