{"id":99874,"date":"2021-12-24T13:23:49","date_gmt":"2021-12-24T18:23:49","guid":{"rendered":"http:\/\/elcuartopoder.com.mx\/nw\/?p=99874"},"modified":"2021-12-24T13:23:50","modified_gmt":"2021-12-24T18:23:50","slug":"fiscalia-de-cdmx-niega-venganza-contra-el-empresario-carlos-ahumada","status":"publish","type":"post","link":"http:\/\/elcuartopoder.com.mx\/nw\/policiacas\/fiscalia-de-cdmx-niega-venganza-contra-el-empresario-carlos-ahumada\/","title":{"rendered":"Fiscal\u00eda de CDMX niega venganza contra el empresario Carlos Ahumada"},"content":{"rendered":"\n<p>El vocero de la Fiscal\u00eda General de Justicia de la Ciudad de M\u00e9xico, Ulises Lara, afirm\u00f3 que se solicit\u00f3 a autoridades de Argentina la extradici\u00f3n del empresario Carlos Ahumada para que termine de cumplir una sentencia de cinco a\u00f1os de prisi\u00f3n tras una acusaci\u00f3n por incumplir obras p\u00fablicas de la entonces delegaci\u00f3n Gustavo A. Madero.<\/p>\n\n\n\n<p>En ese sentido, el funcionario afirm\u00f3: \u201cNo hay ninguna otra motivaci\u00f3n que no sea la del orden jur\u00eddico\u201d.<\/p>\n\n\n\n<p>Seg\u00fan Ulises Lara, al empresario se le pagaron m\u00e1s de 30 millones de pesos y las obras no se llevaron a cabo.<\/p>\n\n\n\n<p>Cabe recordar que en el 2004 el empresario entr\u00f3 a prisi\u00f3n y tres a\u00f1os despu\u00e9s fue liberado; luego regres\u00f3 a Argentina.<\/p>\n\n\n\n<p>Ahora el vocero de la Fiscal\u00eda capitalina asegura que a Carlos Ahumada le queda por cumplir un a\u00f1o con 10 meses y 23 d\u00edas de c\u00e1rcel por fraude gen\u00e9rico.<\/p>\n\n\n\n<p>\u201cNo es esta administraci\u00f3n, no es la Fiscal\u00eda actual quien hizo la imputaci\u00f3n en su momento, es la que le da continuidad\u201d, reiter\u00f3.<\/p>\n\n\n\n<p>Luego de que Carlos Ahumada acus\u00f3 al agente del ministerio p\u00fablico, Jes\u00fas Alfonso Campos Torres, quien llevaba la causa penal en su contra desde el inicio, de pedirle dinero a cambio de terminar el proceso, Ulises Lara se\u00f1al\u00f3 que revisar\u00e1n el caso.<\/p>\n\n\n\n<p>\u201cSe encuentra trabajando con nosotros y si hay elementos nosotros iniciaremos ya alguna investigaci\u00f3n a la Unidad de Asuntos Internos para que la pueda revisar, as\u00ed como si hay lugar a la propia Fiscal\u00eda de Servidores P\u00fablicos\u201d, apunt\u00f3.<\/p>\n\n\n\n<p><strong>Fuente:<\/strong> XEU<\/p>\n","protected":false},"excerpt":{"rendered":"<p>El vocero de la Fiscal\u00eda General de Justicia de la Ciudad de M\u00e9xico, Ulises Lara, afirm\u00f3 que se solicit\u00f3 a autoridades de Argentina la extradici\u00f3n del empresario Carlos Ahumada para que termine de cumplir una sentencia de cinco a\u00f1os de prisi\u00f3n tras una acusaci\u00f3n por incumplir obras p\u00fablicas de la entonces delegaci\u00f3n Gustavo A. Madero. [&hellip;]<\/p>\n","protected":false},"author":2,"featured_media":99875,"comment_status":"open","ping_status":"open","sticky":false,"template":"","format":"standard","meta":{"footnotes":""},"categories":[23],"tags":[],"class_list":["post-99874","post","type-post","status-publish","format-standard","has-post-thumbnail","hentry","category-policiacas"],"_links":{"self":[{"href":"http:\/\/elcuartopoder.com.mx\/nw\/wp-json\/wp\/v2\/posts\/99874","targetHints":{"allow":["GET"]}}],"collection":[{"href":"http:\/\/elcuartopoder.com.mx\/nw\/wp-json\/wp\/v2\/posts"}],"about":[{"href":"http:\/\/elcuartopoder.com.mx\/nw\/wp-json\/wp\/v2\/types\/post"}],"author":[{"embeddable":true,"href":"http:\/\/elcuartopoder.com.mx\/nw\/wp-json\/wp\/v2\/users\/2"}],"replies":[{"embeddable":true,"href":"http:\/\/elcuartopoder.com.mx\/nw\/wp-json\/wp\/v2\/comments?post=99874"}],"version-history":[{"count":1,"href":"http:\/\/elcuartopoder.com.mx\/nw\/wp-json\/wp\/v2\/posts\/99874\/revisions"}],"predecessor-version":[{"id":99876,"href":"http:\/\/elcuartopoder.com.mx\/nw\/wp-json\/wp\/v2\/posts\/99874\/revisions\/99876"}],"wp:featuredmedia":[{"embeddable":true,"href":"http:\/\/elcuartopoder.com.mx\/nw\/wp-json\/wp\/v2\/media\/99875"}],"wp:attachment":[{"href":"http:\/\/elcuartopoder.com.mx\/nw\/wp-json\/wp\/v2\/media?parent=99874"}],"wp:term":[{"taxonomy":"category","embeddable":true,"href":"http:\/\/elcuartopoder.com.mx\/nw\/wp-json\/wp\/v2\/categories?post=99874"},{"taxonomy":"post_tag","embeddable":true,"href":"http:\/\/elcuartopoder.com.mx\/nw\/wp-json\/wp\/v2\/tags?post=99874"}],"curies":[{"name":"wp","href":"https:\/\/api.w.org\/{rel}","templated":true}]}}