{"id":99887,"date":"2021-12-24T19:55:51","date_gmt":"2021-12-25T00:55:51","guid":{"rendered":"http:\/\/elcuartopoder.com.mx\/nw\/?p=99887"},"modified":"2021-12-24T19:55:53","modified_gmt":"2021-12-25T00:55:53","slug":"sedatu-busca-fortalecer-esquema-de-autoproduccion-de-vivienda","status":"publish","type":"post","link":"http:\/\/elcuartopoder.com.mx\/nw\/opinion\/sedatu-busca-fortalecer-esquema-de-autoproduccion-de-vivienda\/","title":{"rendered":"Sedatu busca fortalecer esquema de autoproducci\u00f3n de vivienda"},"content":{"rendered":"\n<p> La dependencia firm\u00f3 un convenio con distintos organismos privados para expandir este modelo, el cual es una de las cartas fuertes de este gobierno en materia habitacional\u00a0 <\/p>\n\n\n\n<p>Con el fin de profesionalizar el modelo de<strong>&nbsp;autoproducci\u00f3n de vivienda<\/strong>&nbsp;e involucrar a m\u00e1s participantes tanto del sector privado como de la academia en \u00e9l, la Secretar\u00eda de Desarrollo Agrario, Territorial y Urbano (<strong>Sedatu<\/strong>) firm\u00f3 un convenio con distintos organismos el cual tendr\u00e1 distintos beneficios.&nbsp;<\/p>\n\n\n\n<p>Este jueves, la dependencia a cargo de&nbsp;<strong>Rom\u00e1n Meyer Falc\u00f3n<\/strong>&nbsp;anunci\u00f3 la intenci\u00f3n de fortalecer la pol\u00edtica p\u00fablica en materia de autoproducci\u00f3n por medio del involucramiento de distintas c\u00e1maras y gremios del sector de la vivienda.&nbsp;<\/p>\n\n\n\n<p>\u201cEste acto simboliza una visi\u00f3n compartida entre el sector p\u00fablico, privado, la academia y la sociedad sobre c\u00f3mo podemos lograr que la&nbsp;<strong>Estrategia Nacional de Autoproducci\u00f3n<\/strong>&nbsp;tenga \u00e9xito y se traduzca en beneficios para las y los mexicanos\u201d, coment\u00f3 Melina Castro Urquiza, directora general de Desarrollo Urbano, Suelo y Vivienda de la&nbsp;Sedatu.&nbsp;<\/p>\n\n\n\n<p>De acuerdo con la dependencia, los organismos con los que se estableci\u00f3 dicho convenio fueron la&nbsp;C\u00e1mara Mexicana de la Industria de la Construcci\u00f3n (CMIC),&nbsp;la Asociaci\u00f3n Nacional de Industriales de Vigueta y Pretensada (ANIVIP), la Confederaci\u00f3n de C\u00e1maras Nacionales de Comercio, Servicios y Turismo (Concanaco), el Consejo Nacional de Vivienda Econ\u00f3mica Social y Sustentable (Convives), la Asociaci\u00f3n de Empresas para el Ahorro de la Energ\u00eda de la Edificaci\u00f3n (Alener), el Consejo Nacional de la Madera en la Construcci\u00f3n (Comaco&nbsp;) y Sustentabilidad para M\u00e9xico (SUME).&nbsp;<\/p>\n\n\n\n<p>\u201cLos empresarios queremos el bienestar de quien menos tiene, la gente m\u00e1s necesitada es de nuestra total atenci\u00f3n y celebramos estas iniciativas que fortalecen las buenas pr\u00e1cticas para generar procesos de autoproducci\u00f3n, aprovechando el conocimiento y cobertura de los actores locales\u201d, expres\u00f3 Francisco Solares, presidente de la CMIC.&nbsp;<\/p>\n\n\n\n<p>Para la&nbsp;Sedatu, estas alianzas representan beneficios tales como:&nbsp;<\/p>\n\n\n\n<ul class=\"wp-block-list\"><li>Compartir herramientas, procesos, buenas pr\u00e1cticas y sistemas tecnol\u00f3gicos.&nbsp;<\/li><li>Tener informaci\u00f3n actualizada sobre materiales de construcci\u00f3n.&nbsp;<\/li><li>Contar con un padr\u00f3n de proveedores de servicios que den acompa\u00f1amiento t\u00e9cnico y asesor\u00eda financiera.&nbsp;<\/li><li>Desarrollar proyectos pilotos para generar esquemas innovadores e integrales de autoproducci\u00f3n.&nbsp;<\/li><li>Posicionar a la plataforma del gobierno federal Decide y Construye, enfocada a dar informaci\u00f3n clara sobre el modelo de autoproducci\u00f3n.&nbsp;<\/li><\/ul>\n\n\n\n<p>fuente: https:\/\/www.eleconomista.com.mx\/econohabitat\/-Sedatu-busca-fortalecer-esquema-de-autoproduccion-de-vivienda&#8211;20211216-0083.html<\/p>\n","protected":false},"excerpt":{"rendered":"<p>La dependencia firm\u00f3 un convenio con distintos organismos privados para expandir este modelo, el cual es una de las cartas fuertes de este gobierno en materia habitacional\u00a0 Con el fin de profesionalizar el modelo de&nbsp;autoproducci\u00f3n de vivienda&nbsp;e involucrar a m\u00e1s participantes tanto del sector privado como de la academia en \u00e9l, la Secretar\u00eda de Desarrollo [&hellip;]<\/p>\n","protected":false},"author":2,"featured_media":99888,"comment_status":"open","ping_status":"open","sticky":false,"template":"","format":"standard","meta":{"footnotes":""},"categories":[62],"tags":[],"class_list":["post-99887","post","type-post","status-publish","format-standard","has-post-thumbnail","hentry","category-opinion"],"_links":{"self":[{"href":"http:\/\/elcuartopoder.com.mx\/nw\/wp-json\/wp\/v2\/posts\/99887","targetHints":{"allow":["GET"]}}],"collection":[{"href":"http:\/\/elcuartopoder.com.mx\/nw\/wp-json\/wp\/v2\/posts"}],"about":[{"href":"http:\/\/elcuartopoder.com.mx\/nw\/wp-json\/wp\/v2\/types\/post"}],"author":[{"embeddable":true,"href":"http:\/\/elcuartopoder.com.mx\/nw\/wp-json\/wp\/v2\/users\/2"}],"replies":[{"embeddable":true,"href":"http:\/\/elcuartopoder.com.mx\/nw\/wp-json\/wp\/v2\/comments?post=99887"}],"version-history":[{"count":1,"href":"http:\/\/elcuartopoder.com.mx\/nw\/wp-json\/wp\/v2\/posts\/99887\/revisions"}],"predecessor-version":[{"id":99889,"href":"http:\/\/elcuartopoder.com.mx\/nw\/wp-json\/wp\/v2\/posts\/99887\/revisions\/99889"}],"wp:featuredmedia":[{"embeddable":true,"href":"http:\/\/elcuartopoder.com.mx\/nw\/wp-json\/wp\/v2\/media\/99888"}],"wp:attachment":[{"href":"http:\/\/elcuartopoder.com.mx\/nw\/wp-json\/wp\/v2\/media?parent=99887"}],"wp:term":[{"taxonomy":"category","embeddable":true,"href":"http:\/\/elcuartopoder.com.mx\/nw\/wp-json\/wp\/v2\/categories?post=99887"},{"taxonomy":"post_tag","embeddable":true,"href":"http:\/\/elcuartopoder.com.mx\/nw\/wp-json\/wp\/v2\/tags?post=99887"}],"curies":[{"name":"wp","href":"https:\/\/api.w.org\/{rel}","templated":true}]}}