{"id":100760,"date":"2022-01-07T19:44:08","date_gmt":"2022-01-08T00:44:08","guid":{"rendered":"http:\/\/elcuartopoder.com.mx\/nw\/?p=100760"},"modified":"2022-01-07T19:44:09","modified_gmt":"2022-01-08T00:44:09","slug":"el-cambio-climatico-esta-volviendo-loca-a-la-fauna","status":"publish","type":"post","link":"https:\/\/elcuartopoder.com.mx\/nw\/medio-ambiente\/el-cambio-climatico-esta-volviendo-loca-a-la-fauna\/","title":{"rendered":"EL CAMBIO CLIM\u00c1TICO EST\u00c1 VOLVIENDO LOCA A LA FAUNA"},"content":{"rendered":"\n<h2 class=\"wp-block-heading\">A falta de focas, los osos polares se lazan a por los renos; los loros cambian de morfolog\u00eda o aumentan de tama\u00f1o para no \u2018cocerse\u2019&#8230; \u00bfQu\u00e9 est\u00e1 pasando con las especies que m\u00e1s padecen los efectos del calentamiento global?<\/h2>\n\n\n\n<p>En la d\u00e9cada de 1870, el zo\u00f3logo estadounidense Joel Allen sent\u00f3 las bases de lo que desde entonces se conoce como &#8216;patr\u00f3n Allen&#8217;. Seg\u00fan sus observaciones, las especies animales de sangre caliente tienden a desarrollar, en climas fr\u00edos, ap\u00e9ndices m\u00e1s peque\u00f1os \u2014orejas, orificios nasales, patas, manos\u2014 para conservar el calor corporal, mientras que otras especies, de h\u00e1bitats c\u00e1lidos, desarrollan ap\u00e9ndices m\u00e1s grandes para liberarlo a un ritmo que les evite sobrecalentarse ante elevadas temperaturas ambientales. El calentamiento global est\u00e1 alterando, as\u00ed, muchos h\u00e1bitats y las especies reaccionan como pueden a esos cambios, incluso desarrollando en tiempo r\u00e9cord saltos evolutivos que, de normal, les llevar\u00eda siglos dar.<\/p>\n\n\n\n<p>\u00abEste fen\u00f3meno no debe verse como algo positivo, sino que como algo alarmante \u2013explica Sara Ryding, investigadora de la Universidad de Deakin (Australia) y una de las autoras de un estudio que alerta sobre las incipientes transformaciones detectadas\u2014. No sabemos si estos cambios fisiol\u00f3gicos en muchas especies realmente est\u00e1n contribuyendo a su supervivencia. Muchas no sobrevivir\u00e1n, y en el caso de las que lo consigan, no podemos saber a\u00fan si las transformaciones que experimentan son realmente o no beneficiosas, no solo para esas especies, sino para los h\u00e1bitats y los dem\u00e1s seres que los cohabitan\u00bb.<\/p>\n\n\n\n<div class=\"wp-block-image\"><figure class=\"aligncenter is-resized\"><img loading=\"lazy\" decoding=\"async\" src=\"https:\/\/www.abc.es\/xlsemanal\/wp-content\/uploads\/sites\/5\/2021\/12\/Captura-de-pantalla-2021-12-21-a-las-15.31.30.png\" alt=\"alternative text\" width=\"497\" height=\"297\"\/><\/figure><\/div>\n\n\n\n<h3 class=\"wp-block-heading\">Picos &#8216;in crescendo&#8217;&#8230;<\/h3>\n\n\n\n<p>Entre los animales de sangre caliente que est\u00e1n cambiando su fisiolog\u00eda para adaptarse a un clima cada vez m\u00e1s c\u00e1lido, se encuentran la cacat\u00faa gang-gang o muchos tipos de loros, se\u00f1ala Ryding, especializada en la investigaci\u00f3n de aves. Los cambios se est\u00e1n observando ante todo en sus picos \u2014se\u00f1ala\u2014, que est\u00e1n desarroll\u00e1ndose a un mayor tama\u00f1o que el conocido hasta hoy con el fin de regular mejor su temperatura corporal ante un mayor calor ambiental. Con este cambio logran compensar el excedente de temperatura corporal, por el que podr\u00edan sobrecalentarse y morir. As\u00ed como muchos mam\u00edferos usan sus orejas para refrigerarse y liberar calor cuando este aumenta en sus h\u00e1bitats, las aves lo hacen a trav\u00e9s de sus picos, que, al no estar cubiertos ni protegidos por plumas, son un lugar de intercambio de calor significativo para ellos. Esta evoluci\u00f3n expr\u00e9s \u2013enfatiza Ryding\u2013 en ning\u00fan caso debe ser interpretada como un logro. \u00abNo cabe deducir que, por estas adaptaciones al medio, estos animales est\u00e9n lidiando bien con el cambio clim\u00e1tico. No: est\u00e1n evolucionando para sobrevivir, pero desconocemos qu\u00e9 otras consecuencias les deparar\u00e1n esos mismos cambios\u00bb.<\/p>\n\n\n\n<hr class=\"wp-block-separator\"\/>\n\n\n\n<figure class=\"wp-block-image\"><img decoding=\"async\" src=\"https:\/\/www.abc.es\/xlsemanal\/wp-content\/uploads\/sites\/5\/2022\/01\/albatros.png\" alt=\"alternative text\"\/><\/figure>\n\n\n\n<p>ALBATROS<\/p>\n\n\n\n<h3 class=\"wp-block-heading\">Quiero el divorcio<\/h3>\n\n\n\n<p>Los albatros de ceja negra, grandes aves marinas predominantemente mon\u00f3gamas, suelen permanecer de por vida con la misma pareja, con la que establecen duraderos lazos, fortalecidos por una confianza rec\u00edproca en la conciliaci\u00f3n de responsabilidades: los largos viajes del macho en b\u00fasqueda de comida y las tareas de cuidado, por parte de la hembra, en la incubaci\u00f3n de los huevos. Vistos desde fuera, los albatros parecen as\u00ed elegantes matrimonios bienavenidos. Sin embargo, no es del todo extra\u00f1o que algunas veces puedan darse rupturas, motivadas por un fracaso reproductivo o una carest\u00eda de alimento. En esos casos, las hembras buscan en la siguiente temporada de apareamiento otro macho sin que ello conlleve enfrentamientos. Un bi\u00f3logo de la Universidad de Lisboa, Francesco Ventura, y su equipo han notado, sin embargo, recientemente, un aumento de &#8216;divorcios&#8217; entre los albatros de ceja negra de la isla de Goicochea, dentro de las Islas Malvinas, al sur de Argentina. Ventura y su equipo han analizado los datos de reproducci\u00f3n de los tres \u00faltimos lustros y creen que el aumento de las temperaturas de la superficie del mar limita los nutrientes disponibles para los albatros al reducir la producci\u00f3n de fitoplancton. Esta limitaci\u00f3n deteriora a la vez a toda la cadena alimentaria marina y obliga a los albatros a viajar cada vez m\u00e1s lejos de sus nidos y luchar a\u00fan m\u00e1s para encontrar alimento. No descartan que la situaci\u00f3n no solo complica la alimentaci\u00f3n de las parejas, sino que, adem\u00e1s, altera los tiempos de reproducci\u00f3n y aumenta el estr\u00e9s entre las aves, influyendo negativamente en la posibilidad de reproducirse y empujando a las hembras a buscar nuevos horizontes&#8230;<\/p>\n\n\n\n<hr class=\"wp-block-separator\"\/>\n\n\n\n<figure class=\"wp-block-image\"><img decoding=\"async\" src=\"https:\/\/www.abc.es\/xlsemanal\/wp-content\/uploads\/sites\/5\/2021\/12\/Captura-de-pantalla-2021-12-21-a-las-15.31.38.png\" alt=\"alternative text\"\/><\/figure>\n\n\n\n<p>MURCI\u00c9LAGOS<\/p>\n\n\n\n<h3 class=\"wp-block-heading\">Cuando el cambio clim\u00e1tico da alas<\/h3>\n\n\n\n<p>Tambi\u00e9n los murci\u00e9lagos de climas c\u00e1lidos est\u00e1n exhibiendo transformaciones, espec\u00edficamente visibles en el gran murci\u00e9lago de hoja redonda, presente en el sur y sudeste de Asia y en China, donde se ha detectado un\u00a0 aumento en el tama\u00f1o de las alas de varios ejemplares. Estos mam\u00edferos \u2014que de tan mala fama gozan\u2014 son, sin embargo, muy importantes en t\u00e9rminos ecol\u00f3gicos y hasta econ\u00f3micos, debido a su capacidad para diseminar las semillas de un gran n\u00famero de plantas. El cambio clim\u00e1tico viene afect\u00e1ndolos desde a\u00f1os por ser m\u00e1s vulnerables que otros mam\u00edferos de tama\u00f1o similar a la deshidrataci\u00f3n, especialmente en \u00e1reas \u00e1ridas, ya que carecen de toda capacidad para retener el agua, que se evapora con velocidad a trav\u00e9s de la gran superficie de sus alas, por las que tambi\u00e9n liberan el excedente de calor, refriger\u00e1ndose. As\u00ed, los murci\u00e9lagos de zonas \u00e1ridas y sobrecalentadas no s\u00f3lo se ven forzados a realizar viajes cada vez m\u00e1s largos en busca de alimento \u2014acaso sea otra de las causas del aumento de tama\u00f1o de sus alas\u2013 sino que, adem\u00e1s, se deshidratan m\u00e1s r\u00e1pidamente a trav\u00e9s de lo que les permite llegar m\u00e1s lejos. Por contra, en temporadas fr\u00edas, estos murci\u00e9lagos corren a su vez el peligro de que esas mismas alas faciliten una mayor disipaci\u00f3n del calor eficiente, que podr\u00edan perder de manera perjudicial ante muy bajas temperaturas. \u00abLos aumentos en el tama\u00f1o que vemos hasta ahora son bastante peque\u00f1os, de menos del diez por ciento \u2014dice Sara Ryding\u2014, por lo que es poco probable que los cambios se noten de inmediato, pero se prev\u00e9 que los ap\u00e9ndices prominentes, como las orejas, aumenten m\u00e1s en un futuro no muy lejano y acabemos viendo Dumbos en acci\u00f3n\u00bb. Y eso, qui\u00e9n sabe, tendr\u00e1 tambi\u00e9n un coste impredecible para los humanos.<\/p>\n\n\n\n<figure class=\"wp-block-image\"><img decoding=\"async\" src=\"https:\/\/www.abc.es\/xlsemanal\/wp-content\/uploads\/sites\/5\/2021\/12\/CONTACTO_CLIMATE-POLAR-BEARS-REVIEW-1.jpg.jpg\" alt=\"alternative text\"\/><\/figure>\n\n\n\n<h3 class=\"wp-block-heading\">\u00bfD\u00f3nde est\u00e1 mi nieve&#8230;? \u00bfY mis focas?<\/h3>\n\n\n\n<p>El retroceso del hielo marino por el cambio clim\u00e1tico deja a los osos polares cada vez m\u00e1s tiempo varados en tierra, como es el caso del de la imagen, en Manitoba (Canad\u00e1), que deber\u00eda estar retozando en la nieve en lugar de aposentarse sobre las duras rocas. No es el \u00fanico caso, ya que tambi\u00e9n los osos del archipi\u00e9lago noruego de Svalbard, a mil kil\u00f3metros del Polo Norte, se han quedado sin nieve y sin focas a su alcance, pero con una creciente poblaci\u00f3n de renos merodeando el nuevo paisaje. As\u00ed que han tenido que cambiar de dieta. El equipo de una estaci\u00f3n cient\u00edfica polaca presenci\u00f3 all\u00ed recientemente c\u00f3mo una osa polar persegu\u00eda un reno hasta el interior de un lago, en el que lograba finalmente cazarlo, ahogarlo y arrastrarlo hasta la orilla para devorarlo. En la zona, se estima, hay apenas unos 300 osos, pero 20.000 renos, debido a una prohibici\u00f3n de cazarlos, vigente desde 1925. Es, desde luego, una compensaci\u00f3n para los osos polares de la regi\u00f3n, a la vez que una mala noticia para los hasta hace poco protegidos renos. Se trata, en cualquier caso, de otro desequilibrio m\u00e1s en la cadena natural de los h\u00e1bitats.<br><\/p>\n\n\n\n<p>Por Eugenio Font<\/p>\n\n\n\n<p>fuente: https:\/\/www.abc.es\/xlsemanal\/naturaleza\/osos-polo-norte-deshielo-cambio-climatico.html<\/p>\n\n\n\n<p><\/p>\n","protected":false},"excerpt":{"rendered":"<p>A falta de focas, los osos polares se lazan a por los renos; los loros cambian de morfolog\u00eda o aumentan de tama\u00f1o para no \u2018cocerse\u2019&#8230; \u00bfQu\u00e9 est\u00e1 pasando con las especies que m\u00e1s padecen los efectos del calentamiento global? En la d\u00e9cada de 1870, el zo\u00f3logo estadounidense Joel Allen sent\u00f3 las bases de lo que [&hellip;]<\/p>\n","protected":false},"author":2,"featured_media":100761,"comment_status":"open","ping_status":"open","sticky":false,"template":"","format":"standard","meta":{"footnotes":""},"categories":[66],"tags":[],"class_list":["post-100760","post","type-post","status-publish","format-standard","has-post-thumbnail","hentry","category-medio-ambiente"],"_links":{"self":[{"href":"https:\/\/elcuartopoder.com.mx\/nw\/wp-json\/wp\/v2\/posts\/100760","targetHints":{"allow":["GET"]}}],"collection":[{"href":"https:\/\/elcuartopoder.com.mx\/nw\/wp-json\/wp\/v2\/posts"}],"about":[{"href":"https:\/\/elcuartopoder.com.mx\/nw\/wp-json\/wp\/v2\/types\/post"}],"author":[{"embeddable":true,"href":"https:\/\/elcuartopoder.com.mx\/nw\/wp-json\/wp\/v2\/users\/2"}],"replies":[{"embeddable":true,"href":"https:\/\/elcuartopoder.com.mx\/nw\/wp-json\/wp\/v2\/comments?post=100760"}],"version-history":[{"count":1,"href":"https:\/\/elcuartopoder.com.mx\/nw\/wp-json\/wp\/v2\/posts\/100760\/revisions"}],"predecessor-version":[{"id":100762,"href":"https:\/\/elcuartopoder.com.mx\/nw\/wp-json\/wp\/v2\/posts\/100760\/revisions\/100762"}],"wp:featuredmedia":[{"embeddable":true,"href":"https:\/\/elcuartopoder.com.mx\/nw\/wp-json\/wp\/v2\/media\/100761"}],"wp:attachment":[{"href":"https:\/\/elcuartopoder.com.mx\/nw\/wp-json\/wp\/v2\/media?parent=100760"}],"wp:term":[{"taxonomy":"category","embeddable":true,"href":"https:\/\/elcuartopoder.com.mx\/nw\/wp-json\/wp\/v2\/categories?post=100760"},{"taxonomy":"post_tag","embeddable":true,"href":"https:\/\/elcuartopoder.com.mx\/nw\/wp-json\/wp\/v2\/tags?post=100760"}],"curies":[{"name":"wp","href":"https:\/\/api.w.org\/{rel}","templated":true}]}}