{"id":100766,"date":"2022-01-07T19:58:02","date_gmt":"2022-01-08T00:58:02","guid":{"rendered":"http:\/\/elcuartopoder.com.mx\/nw\/?p=100766"},"modified":"2022-01-07T19:58:04","modified_gmt":"2022-01-08T00:58:04","slug":"un-hotel-de-pesadilla-para-djokovic","status":"publish","type":"post","link":"https:\/\/elcuartopoder.com.mx\/nw\/entretenimiento\/deportes\/un-hotel-de-pesadilla-para-djokovic\/","title":{"rendered":"Un hotel de pesadilla para Djokovic"},"content":{"rendered":"\n<h2 class=\"wp-block-heading\">El tenista est\u00e1 retenido en una instalaci\u00f3n sin lujos y con mala fama, rodeada en las \u00faltimas horas de seguidores que piden la libertad del n\u00famero uno<\/h2>\n\n\n\n<p>Acostumbrado a convivir con el lujo y las facilidades que le ha regalado su esfuerzo en la pista,&nbsp;<strong>Novak Djokovic<\/strong>&nbsp;se ha topado de repente con una pesadilla. Tras ser retenido durante nueve horas en el aeropuerto, fue conducido al hotel Park, en la ciudad de Melbourne, donde&nbsp;<a href=\"https:\/\/www.abc.es\/deportes\/tenis\/abci-nadal-djokovic-australia-202201061046_noticia.html\" target=\"_blank\" rel=\"noreferrer noopener\">permanecer\u00e1 hasta el pr\u00f3ximo lunes<\/a>, fecha en la que se tomar\u00e1 una decisi\u00f3n sobre el visado de entrada al pa\u00eds que le fue denegado por las autoridades fronterizas.<\/p>\n\n\n\n<p>La habitaci\u00f3n de Djokovic no se parece en nada a la que ocup\u00f3 el a\u00f1o pasado en el hotel de lujo en el que prepar\u00f3 el&nbsp;<strong>Abierto de Australia<\/strong>. El Park, que se define en su web como un alojamiento de casi cinco estrellas, ha sufrido en los \u00faltimos tiempos una devaluaci\u00f3n dr\u00e1stica tras ser alquilado por el Gobierno para alojar en \u00e9l a los inmigrantes detenidos que piden asilo en el pa\u00eds.<\/p>\n\n\n\n<p>Con varios de ellos convivir\u00e1 estos d\u00edas el n\u00famero uno, al que las autoridades no han querido dar ning\u00fan trato de favor. Los brotes de coronavirus han sido habituales en la instalaci\u00f3n desde que estall\u00f3 la pandemia y varios de los inmigrantes han colgado fotos en el pasado en las que denunciaban que la comida&nbsp;<strong>no cumpl\u00eda con las condiciones sanitarias m\u00ednimas<\/strong>. Algunas de esas im\u00e1genes conten\u00edan gusanos y trozos de pan con moho e&nbsp;<strong>insectos en la habitaci\u00f3n<\/strong>.<\/p>\n\n\n\n<p>El propio Djokovic habr\u00eda compartido con a sus allegados algunas de esas quejas, lo que provoc\u00f3 que el presidente serbio exigiera a las autoridades australianas que el tenista fuera trasladado a la villa que ya ten\u00eda alquilada para pasar las pr\u00f3ximas semanas hasta el final de su participaci\u00f3n en el torneo. \u00ab<strong>Este hotel es un lugar infame<\/strong>\u00bb, lleg\u00f3 a decir ayer el m\u00e1ximo dirigente del pa\u00eds. Gesti\u00f3n diplom\u00e1tica que no surti\u00f3 efecto, pues el juez permiti\u00f3 trasladar all\u00ed al tenista, por lo que deber\u00e1 acostumbrarse durante unos d\u00edas a una vida m\u00e1s mundana.<\/p>\n\n\n\n<p>En los alrededores del hotel, decenas de seguidores de Djokovic piden su libertad.&nbsp;<a href=\"https:\/\/www.abc.es\/deportes\/tenis\/abci-familia-djokovic-estalla-nuestro-orgullo-prisionero-estos-idiotas-202201061742_noticia.html\" target=\"_blank\" rel=\"noreferrer noopener\">Escenas de apoyo con pancartas y manifestaciones<\/a>&nbsp;que se multiplican en Serbia y que no cesar\u00e1n hasta el lunes, fecha en la que el tenista podr\u00eda emprender el viaje de vuelta a casa tras vivir una pesadilla.<\/p>\n\n\n\n<p>Emilio V. Escudero<\/p>\n\n\n\n<p>fuente: https:\/\/www.abc.es\/deportes\/tenis\/abci-hotel-pesadilla-para-djokovic-202201070057_noticia.html<\/p>\n","protected":false},"excerpt":{"rendered":"<p>El tenista est\u00e1 retenido en una instalaci\u00f3n sin lujos y con mala fama, rodeada en las \u00faltimas horas de seguidores que piden la libertad del n\u00famero uno Acostumbrado a convivir con el lujo y las facilidades que le ha regalado su esfuerzo en la pista,&nbsp;Novak Djokovic&nbsp;se ha topado de repente con una pesadilla. Tras ser [&hellip;]<\/p>\n","protected":false},"author":2,"featured_media":100767,"comment_status":"open","ping_status":"open","sticky":false,"template":"","format":"standard","meta":{"footnotes":""},"categories":[7],"tags":[],"class_list":["post-100766","post","type-post","status-publish","format-standard","has-post-thumbnail","hentry","category-deportes"],"_links":{"self":[{"href":"https:\/\/elcuartopoder.com.mx\/nw\/wp-json\/wp\/v2\/posts\/100766","targetHints":{"allow":["GET"]}}],"collection":[{"href":"https:\/\/elcuartopoder.com.mx\/nw\/wp-json\/wp\/v2\/posts"}],"about":[{"href":"https:\/\/elcuartopoder.com.mx\/nw\/wp-json\/wp\/v2\/types\/post"}],"author":[{"embeddable":true,"href":"https:\/\/elcuartopoder.com.mx\/nw\/wp-json\/wp\/v2\/users\/2"}],"replies":[{"embeddable":true,"href":"https:\/\/elcuartopoder.com.mx\/nw\/wp-json\/wp\/v2\/comments?post=100766"}],"version-history":[{"count":1,"href":"https:\/\/elcuartopoder.com.mx\/nw\/wp-json\/wp\/v2\/posts\/100766\/revisions"}],"predecessor-version":[{"id":100768,"href":"https:\/\/elcuartopoder.com.mx\/nw\/wp-json\/wp\/v2\/posts\/100766\/revisions\/100768"}],"wp:featuredmedia":[{"embeddable":true,"href":"https:\/\/elcuartopoder.com.mx\/nw\/wp-json\/wp\/v2\/media\/100767"}],"wp:attachment":[{"href":"https:\/\/elcuartopoder.com.mx\/nw\/wp-json\/wp\/v2\/media?parent=100766"}],"wp:term":[{"taxonomy":"category","embeddable":true,"href":"https:\/\/elcuartopoder.com.mx\/nw\/wp-json\/wp\/v2\/categories?post=100766"},{"taxonomy":"post_tag","embeddable":true,"href":"https:\/\/elcuartopoder.com.mx\/nw\/wp-json\/wp\/v2\/tags?post=100766"}],"curies":[{"name":"wp","href":"https:\/\/api.w.org\/{rel}","templated":true}]}}