{"id":100771,"date":"2022-01-07T20:06:26","date_gmt":"2022-01-08T01:06:26","guid":{"rendered":"http:\/\/elcuartopoder.com.mx\/nw\/?p=100771"},"modified":"2022-01-07T20:06:28","modified_gmt":"2022-01-08T01:06:28","slug":"refuerza-belice-vigilancia-en-la-frontera-por-la-variante-omicron","status":"publish","type":"post","link":"https:\/\/elcuartopoder.com.mx\/nw\/internacionales\/refuerza-belice-vigilancia-en-la-frontera-por-la-variante-omicron\/","title":{"rendered":"Refuerza Belice vigilancia en la frontera por la variante \u00d3micron"},"content":{"rendered":"\n<p> Los militares est\u00e1n vigilando puntos en San Francisco Botes, la Uni\u00f3n y Esteban B. Calder\u00f3n. <\/p>\n\n\n\n<p>Autoridades del vecino pa\u00eds de Belice, reforzaron la vigilancia en la frontera natural del r\u00edo Hondo,&nbsp;<strong>para evitar el tr\u00e1fico y la llegada de la variante del Covid-\u00d3micron<\/strong>, con efectivos militares vigilando puntos en San Francisco Botes, la Uni\u00f3n y Esteban B. Calder\u00f3n.<\/p>\n\n\n\n<p>Mois\u00e9s de la Cruz, ex delegado de la Uni\u00f3n, asegur\u00f3 que las autoridades belice\u00f1as han extremado medidas de vigilancia ante la aparici\u00f3n de la variante \u00d3micron, colocando militares en todos los puntos de cruce de la frontera natural entre M\u00e9xico y Belice.<\/p>\n\n\n\n<p>Dijo que incluso&nbsp;<strong>las autoridades de Belice han impuesto toque de queda a partir de las 7:00 de la noche<\/strong>&nbsp;y multas de entre dos mil y cinco mil d\u00f3lares belice\u00f1os a cualquier mexicano que se encuentre en tierra belice\u00f1a, sin permiso.<\/p>\n\n\n\n<p>\u201cMuchos trabajadores han perdido sus empleos, ante el cierre de frontera desde la aparici\u00f3n del Covid-19, sin contemplar que esta comunidad vive mayormente del intercambio de mercanc\u00eda\u201d, coment\u00f3.<\/p>\n\n\n\n<p><strong>La vigilancia se ha extendido en todas las comunidades fronterizas con la ribera del r\u00edo Hondo<\/strong>, como \u00c1lvaro Obreg\u00f3n Viejo, donde el ej\u00e9rcito de Belice mantiene elementos vigilando el cruce hacia el vecino pa\u00eds, evitando que pasen personas y mercanc\u00edas.<\/p>\n\n\n\n<p>El Ministerio de Salud y Bienestar en un comunicado, anunci\u00f3 que parece que la variante \u00d3micron de la pandemia de coronavirus (Covid-19) ha llegado al pa\u00eds y que, si bien los casos parecen ser leves, \u201cel r\u00e1pido aumento de casos en el pa\u00eds sigue siendo una preocupaci\u00f3n y una amenaza significativa. al sistema de salud \u201d.<\/p>\n\n\n\n<p><strong>Que el patr\u00f3n de los casos de Covid-19 ha cambiado<\/strong>&nbsp;y que \u201cactualmente, la mayor\u00eda de los casos presentan s\u00edntomas de las v\u00edas respiratorias superiores como congesti\u00f3n nasal, secreci\u00f3n nasal y dolor de garganta asociado a una fiebre leves o dolores y molestias musculares\u201d.<\/p>\n\n\n\n<p>Estos casos est\u00e1n aumentando exponencialmente con un salto en la tasa de positividad de 2.5 a 16 en un per\u00edodo de tiempo muy corto y que si bien \u201cla secuenciaci\u00f3n gen\u00f3mica est\u00e1 pendiente, epidemiol\u00f3gicamente parece ser la variante \u00d3micron del Covid-19.<\/p>\n\n\n\n<p>Aunque los casos parecen ser leves en comparaci\u00f3n con la variante Delta,&nbsp;<strong>el r\u00e1pido aumento de casos en el pa\u00eds sigue siendo una preocupaci\u00f3n importante<\/strong>&nbsp;y una amenaza para el sistema de salud.<\/p>\n\n\n\n<p>\u00a0Es imperativo que el p\u00fablico sea consciente de que, cl\u00ednicamente, \u00d3micron est\u00e1 en el pa\u00eds y por lo tanto debe fortalecer las medidas sociales y de salud p\u00fablica en el hogar y en el lugar de trabajo.<\/p>\n\n\n\n<p>fuente: https:\/\/sipse.com\/novedades\/refuerza-belice-vigilancia-en-la-frontera-por-la-variante-omicron-415903.html<\/p>\n","protected":false},"excerpt":{"rendered":"<p>Los militares est\u00e1n vigilando puntos en San Francisco Botes, la Uni\u00f3n y Esteban B. Calder\u00f3n. Autoridades del vecino pa\u00eds de Belice, reforzaron la vigilancia en la frontera natural del r\u00edo Hondo,&nbsp;para evitar el tr\u00e1fico y la llegada de la variante del Covid-\u00d3micron, con efectivos militares vigilando puntos en San Francisco Botes, la Uni\u00f3n y Esteban [&hellip;]<\/p>\n","protected":false},"author":2,"featured_media":100772,"comment_status":"open","ping_status":"open","sticky":false,"template":"","format":"standard","meta":{"footnotes":""},"categories":[8],"tags":[],"class_list":["post-100771","post","type-post","status-publish","format-standard","has-post-thumbnail","hentry","category-internacionales"],"_links":{"self":[{"href":"https:\/\/elcuartopoder.com.mx\/nw\/wp-json\/wp\/v2\/posts\/100771","targetHints":{"allow":["GET"]}}],"collection":[{"href":"https:\/\/elcuartopoder.com.mx\/nw\/wp-json\/wp\/v2\/posts"}],"about":[{"href":"https:\/\/elcuartopoder.com.mx\/nw\/wp-json\/wp\/v2\/types\/post"}],"author":[{"embeddable":true,"href":"https:\/\/elcuartopoder.com.mx\/nw\/wp-json\/wp\/v2\/users\/2"}],"replies":[{"embeddable":true,"href":"https:\/\/elcuartopoder.com.mx\/nw\/wp-json\/wp\/v2\/comments?post=100771"}],"version-history":[{"count":1,"href":"https:\/\/elcuartopoder.com.mx\/nw\/wp-json\/wp\/v2\/posts\/100771\/revisions"}],"predecessor-version":[{"id":100773,"href":"https:\/\/elcuartopoder.com.mx\/nw\/wp-json\/wp\/v2\/posts\/100771\/revisions\/100773"}],"wp:featuredmedia":[{"embeddable":true,"href":"https:\/\/elcuartopoder.com.mx\/nw\/wp-json\/wp\/v2\/media\/100772"}],"wp:attachment":[{"href":"https:\/\/elcuartopoder.com.mx\/nw\/wp-json\/wp\/v2\/media?parent=100771"}],"wp:term":[{"taxonomy":"category","embeddable":true,"href":"https:\/\/elcuartopoder.com.mx\/nw\/wp-json\/wp\/v2\/categories?post=100771"},{"taxonomy":"post_tag","embeddable":true,"href":"https:\/\/elcuartopoder.com.mx\/nw\/wp-json\/wp\/v2\/tags?post=100771"}],"curies":[{"name":"wp","href":"https:\/\/api.w.org\/{rel}","templated":true}]}}