{"id":100783,"date":"2022-01-07T22:40:42","date_gmt":"2022-01-08T03:40:42","guid":{"rendered":"http:\/\/elcuartopoder.com.mx\/nw\/?p=100783"},"modified":"2022-01-07T22:40:43","modified_gmt":"2022-01-08T03:40:43","slug":"seop-pidio-600-mdp-a-sefiplan-para-mantenimiento-de-calles-y-avenidas-en-todo-el-estado","status":"publish","type":"post","link":"https:\/\/elcuartopoder.com.mx\/nw\/estatales\/seop-pidio-600-mdp-a-sefiplan-para-mantenimiento-de-calles-y-avenidas-en-todo-el-estado\/","title":{"rendered":"SEOP pidi\u00f3 600 mdp a Sefiplan para mantenimiento de calles y avenidas en todo el estado"},"content":{"rendered":"\n<p><strong>CHETUMAL, MX.-<\/strong>&nbsp;La&nbsp;<strong>Secretar\u00eda de Obras P\u00fablicas de Quintana Roo<\/strong>&nbsp;solicit\u00f3 a la Secretar\u00eda estatal de Finanzas y Planeaci\u00f3n (Sefiplan) un monto de 600 millones de pesos, destinados exclusivamente al mantenimiento de calles y avenidas en los 11 municipios del estado, dijo su titular,<strong>&nbsp;William Conrado Alarc\u00f3n<\/strong>.<\/p>\n\n\n\n<p>El encargado de la obra p\u00fablica en el estado reconoci\u00f3 que existe a un rezago importante en el mantenimiento de calles y avenidas, y es por ello que esperan la aprobaci\u00f3n de los recursos para que en febrero y marzo puedan iniciar con los trabajos respectivos de reparaci\u00f3n.<\/p>\n\n\n\n<figure class=\"wp-block-image\"><img decoding=\"async\" src=\"https:\/\/noticaribe.com.mx\/wp\/wp-content\/uploads\/2022\/01\/obras-2.jpg\" alt=\"\" class=\"wp-image-526288\"\/><\/figure>\n\n\n\n<p>Conrado Alarc\u00f3n agreg\u00f3 que el n\u00famero de calles y avenidas por atender hasta julio depender\u00e1 finalmente de los recursos aprobados por la Secretar\u00eda de Finanzas y Planeaci\u00f3n, ya que la instancia a su cargo se abocar\u00e1 al proceso de entrega recepci\u00f3n en agosto y septiembre, por el cambio de gobierno.<\/p>\n\n\n\n<p>Se\u00f1al\u00f3 que se mantendr\u00e1 a la espera de que la\u00a0<strong>Sefiplan<\/strong>\u00a0les otorgue el recurso solicitado, pues ya est\u00e1n en la recta final de la administraci\u00f3n y existe un d\u00e9ficit importante de atenci\u00f3n en lo que respecta a mantenimiento de calles y avenidas en esos 11 municipios.<\/p>\n\n\n\n<p><strong>Fuente:<\/strong>&nbsp;Noticaribe<br><\/p>\n","protected":false},"excerpt":{"rendered":"<p>CHETUMAL, MX.-&nbsp;La&nbsp;Secretar\u00eda de Obras P\u00fablicas de Quintana Roo&nbsp;solicit\u00f3 a la Secretar\u00eda estatal de Finanzas y Planeaci\u00f3n (Sefiplan) un monto de 600 millones de pesos, destinados exclusivamente al mantenimiento de calles y avenidas en los 11 municipios del estado, dijo su titular,&nbsp;William Conrado Alarc\u00f3n. El encargado de la obra p\u00fablica en el estado reconoci\u00f3 que existe [&hellip;]<\/p>\n","protected":false},"author":2,"featured_media":100784,"comment_status":"open","ping_status":"open","sticky":false,"template":"","format":"standard","meta":{"footnotes":""},"categories":[60],"tags":[],"class_list":["post-100783","post","type-post","status-publish","format-standard","has-post-thumbnail","hentry","category-estatales"],"_links":{"self":[{"href":"https:\/\/elcuartopoder.com.mx\/nw\/wp-json\/wp\/v2\/posts\/100783","targetHints":{"allow":["GET"]}}],"collection":[{"href":"https:\/\/elcuartopoder.com.mx\/nw\/wp-json\/wp\/v2\/posts"}],"about":[{"href":"https:\/\/elcuartopoder.com.mx\/nw\/wp-json\/wp\/v2\/types\/post"}],"author":[{"embeddable":true,"href":"https:\/\/elcuartopoder.com.mx\/nw\/wp-json\/wp\/v2\/users\/2"}],"replies":[{"embeddable":true,"href":"https:\/\/elcuartopoder.com.mx\/nw\/wp-json\/wp\/v2\/comments?post=100783"}],"version-history":[{"count":1,"href":"https:\/\/elcuartopoder.com.mx\/nw\/wp-json\/wp\/v2\/posts\/100783\/revisions"}],"predecessor-version":[{"id":100785,"href":"https:\/\/elcuartopoder.com.mx\/nw\/wp-json\/wp\/v2\/posts\/100783\/revisions\/100785"}],"wp:featuredmedia":[{"embeddable":true,"href":"https:\/\/elcuartopoder.com.mx\/nw\/wp-json\/wp\/v2\/media\/100784"}],"wp:attachment":[{"href":"https:\/\/elcuartopoder.com.mx\/nw\/wp-json\/wp\/v2\/media?parent=100783"}],"wp:term":[{"taxonomy":"category","embeddable":true,"href":"https:\/\/elcuartopoder.com.mx\/nw\/wp-json\/wp\/v2\/categories?post=100783"},{"taxonomy":"post_tag","embeddable":true,"href":"https:\/\/elcuartopoder.com.mx\/nw\/wp-json\/wp\/v2\/tags?post=100783"}],"curies":[{"name":"wp","href":"https:\/\/api.w.org\/{rel}","templated":true}]}}