{"id":100795,"date":"2022-01-08T12:19:01","date_gmt":"2022-01-08T17:19:01","guid":{"rendered":"http:\/\/elcuartopoder.com.mx\/nw\/?p=100795"},"modified":"2022-01-08T12:19:03","modified_gmt":"2022-01-08T17:19:03","slug":"ben-affleck-revela-que-volvera-a-interpretar-a-batman-por-ultima-vez","status":"publish","type":"post","link":"https:\/\/elcuartopoder.com.mx\/nw\/entretenimiento\/espectaculos\/ben-affleck-revela-que-volvera-a-interpretar-a-batman-por-ultima-vez\/","title":{"rendered":"Ben Affleck revela que volver\u00e1 a interpretar a Batman por \u00faltima vez"},"content":{"rendered":"\n<h2 class=\"wp-block-heading\"> <br>El actor se\u00f1al\u00f3 que tuvo una mala experiencia en La Liga de la Justicia, pero buscar\u00e1 una nueva oportunidad <\/h2>\n\n\n\n<p><strong>Ben<\/strong>&nbsp;<strong>Affleck<\/strong>&nbsp;revel\u00f3 que volver\u00e1 a interpretar a&nbsp;<strong>Batman<\/strong>. Estas declaraciones las realiz\u00f3 ante el pr\u00f3ximo estreno de una nueva pel\u00edcula del superh\u00e9roe, aunque esta vez con&nbsp;<strong>Robert<\/strong>&nbsp;<strong>Pattinson<\/strong>&nbsp;como el personaje personal. Sin embargo, Affleck ser\u00e1 de nuevo el Caballero de la Noche.<\/p>\n\n\n\n<p>Durante una entrevista para Herald Sun, el actor se\u00f1al\u00f3 que ser\u00e1\u00a0<a href=\"https:\/\/heraldodemexico.com.mx\/tendencias\/2021\/12\/27\/the-batman-estrena-tercer-trailer-con-gatubela-la-venganza-es-igual-la-justicia-para-el-murcielago-la-gata-365330.html\"><strong>Batman<\/strong><\/a>, una vez m\u00e1s. Su participaci\u00f3n se dar\u00e1 en la nueva pel\u00edcula de\u00a0<strong>The<\/strong>\u00a0<strong>Flash<\/strong>, siendo \u00e9ste el \u00faltimo que realice para el universo de\u00a0<strong>DC<\/strong>\u00a0<strong>Comics<\/strong>. De acuerdo con sus declaraciones la participaci\u00f3n en este filme ha sido de su agrado.<\/p>\n\n\n\n<h2 class=\"wp-block-heading\">Agradece su participaci\u00f3n como Batman<\/h2>\n\n\n\n<p>\u00abNunca hab\u00eda dicho esto, pero tal vez mis escenas favoritas en t\u00e9rminos de Batman y la interpretaci\u00f3n de Batman que ha hecho, han sido en la pel\u00edcula de \u2018The Flash\u2019. Espero que mantengan la integridad de lo que hicimos porque pens\u00e9 que era genial y realmente interesante y diferente, pero no de una manera incongruente con el personaje\u201d, se\u00f1al\u00f3.<\/p>\n\n\n\n<p><strong>BenAffleck<\/strong>\u00a0se ha sentido agradecido por interpretar a este personaje, pero al mismo tiempo se\u00f1al\u00f3 que le dej\u00f3 algunos problemas personales. Uno de ellos, el recaer de forma severa en el alcoholismo. Esto se debi\u00f3 a las pesadas grabaciones en \u00abLa Liga de la Justicia\u00bb. <\/p>\n\n\n\n<p> \u00ab\u00bfQui\u00e9n sabe? Tal vez decidan que no funciona, pero cuando fui y lo hice result\u00f3 muy divertido y muy satisfactorio y alentador, y pens\u00e9 \u2018vaya, por fin lo he clavado'\u00bb, agreg\u00f3 el actor, quien agradeci\u00f3 esta experiencia, pero al mismo tiempo espera que su participaci\u00f3n en &#8216;<strong>TheFlash<\/strong>&#8216; no sea cortada por el director. <\/p>\n\n\n\n<p>fuente: https:\/\/heraldodemexico.com.mx\/espectaculos\/2022\/1\/7\/ben-affleck-revela-que-volvera-interpretar-batman-por-ultima-vez-368106.html<\/p>\n","protected":false},"excerpt":{"rendered":"<p>El actor se\u00f1al\u00f3 que tuvo una mala experiencia en La Liga de la Justicia, pero buscar\u00e1 una nueva oportunidad Ben&nbsp;Affleck&nbsp;revel\u00f3 que volver\u00e1 a interpretar a&nbsp;Batman. Estas declaraciones las realiz\u00f3 ante el pr\u00f3ximo estreno de una nueva pel\u00edcula del superh\u00e9roe, aunque esta vez con&nbsp;Robert&nbsp;Pattinson&nbsp;como el personaje personal. Sin embargo, Affleck ser\u00e1 de nuevo el Caballero de [&hellip;]<\/p>\n","protected":false},"author":2,"featured_media":100796,"comment_status":"open","ping_status":"open","sticky":false,"template":"","format":"standard","meta":{"footnotes":""},"categories":[11],"tags":[],"class_list":["post-100795","post","type-post","status-publish","format-standard","has-post-thumbnail","hentry","category-espectaculos"],"_links":{"self":[{"href":"https:\/\/elcuartopoder.com.mx\/nw\/wp-json\/wp\/v2\/posts\/100795","targetHints":{"allow":["GET"]}}],"collection":[{"href":"https:\/\/elcuartopoder.com.mx\/nw\/wp-json\/wp\/v2\/posts"}],"about":[{"href":"https:\/\/elcuartopoder.com.mx\/nw\/wp-json\/wp\/v2\/types\/post"}],"author":[{"embeddable":true,"href":"https:\/\/elcuartopoder.com.mx\/nw\/wp-json\/wp\/v2\/users\/2"}],"replies":[{"embeddable":true,"href":"https:\/\/elcuartopoder.com.mx\/nw\/wp-json\/wp\/v2\/comments?post=100795"}],"version-history":[{"count":1,"href":"https:\/\/elcuartopoder.com.mx\/nw\/wp-json\/wp\/v2\/posts\/100795\/revisions"}],"predecessor-version":[{"id":100797,"href":"https:\/\/elcuartopoder.com.mx\/nw\/wp-json\/wp\/v2\/posts\/100795\/revisions\/100797"}],"wp:featuredmedia":[{"embeddable":true,"href":"https:\/\/elcuartopoder.com.mx\/nw\/wp-json\/wp\/v2\/media\/100796"}],"wp:attachment":[{"href":"https:\/\/elcuartopoder.com.mx\/nw\/wp-json\/wp\/v2\/media?parent=100795"}],"wp:term":[{"taxonomy":"category","embeddable":true,"href":"https:\/\/elcuartopoder.com.mx\/nw\/wp-json\/wp\/v2\/categories?post=100795"},{"taxonomy":"post_tag","embeddable":true,"href":"https:\/\/elcuartopoder.com.mx\/nw\/wp-json\/wp\/v2\/tags?post=100795"}],"curies":[{"name":"wp","href":"https:\/\/api.w.org\/{rel}","templated":true}]}}