{"id":100801,"date":"2022-01-08T12:28:11","date_gmt":"2022-01-08T17:28:11","guid":{"rendered":"http:\/\/elcuartopoder.com.mx\/nw\/?p=100801"},"modified":"2022-01-08T12:28:51","modified_gmt":"2022-01-08T17:28:51","slug":"endeudando-a-mexico","status":"publish","type":"post","link":"https:\/\/elcuartopoder.com.mx\/nw\/economia\/endeudando-a-mexico\/","title":{"rendered":"Endeudando a M\u00e9xico"},"content":{"rendered":"\n<h2 class=\"wp-block-heading\">El aumento de la deuda es un tema del que no le gusta hablar al habitante actual del Palacio Nacional, Andr\u00e9s Manuel L\u00f3pez Obrador<\/h2>\n\n\n\n<p>La administraci\u00f3n del presidente Andr\u00e9s Manuel L\u00f3pez Obrador, se consolida como la de mayor endeudamiento en al menos 30 a\u00f1os, t\u00edtulo que arrebat\u00f3 a la administraci\u00f3n del presidente Enrique&nbsp;Pe\u00f1a Nieto.<\/p>\n\n\n\n<p>Entre noviembre de 2018 y noviembre de 2021 el saldo de la deuda bruta de M\u00e9xico se increment\u00f3 en 2.7 billones de pesos, al pasar de 11.2 billones a 13.9 billones.&nbsp;De esta forma se supera al endeudamiento de 2.6 billones de pesos de la administraci\u00f3n del presidente Pe\u00f1a para un periodo similar entre 2012 y 2015. M\u00e1s atr\u00e1s se ubica el aumento de la deuda de 1.9 billones durante la Administraci\u00f3n del presidente Calder\u00f3n.<\/p>\n\n\n\n<p> El aumento de la deuda es un tema del que no le gusta hablar al habitante actual del Palacio Nacional. Sin embargo, es un problema en crecimiento que a medida que avance el sexenio tomar\u00e1 mayor relevancia.&nbsp; <\/p>\n\n\n\n<p> Buena parte de los analistas econ\u00f3micos reconoc\u00edan un manejo responsable de las finanzas p\u00fablicas, sin embargo, dicha responsabilidad est\u00e1 soportada en cimientos de arena. Los saldos de la deuda nos indican que hay focos amarillos, pero la calidad del gasto nos muestra focos rojos. &nbsp; <\/p>\n\n\n\n<p> El gobierno est\u00e1 comprometiendo las finanzas p\u00fablicas de M\u00e9xico porque gasta m\u00e1s y gasta mal. Para 2022 prev\u00e9 un endeudamiento de m\u00e1s de 915 mil millones de pesos que le permitan mantener el ritmo de gasto de programas sociales, obras de infraestructura inviables como el Tren Maya, la Refiner\u00eda y el aeropuerto de Santa Luc\u00eda.&nbsp;<\/p>\n\n\n\n<p>La mala calidad del gasto tambi\u00e9n se refleja en una econom\u00eda estancada.&nbsp; De acuerdo con las previsiones del gobierno, se espera que el sexenio actual tenga un crecimiento promedio anual de 1.4 por ciento, el menor desde Miguel de la Madrid.&nbsp;<\/p>\n\n\n\n<p>Por su parte la sociedad enfrenta una inflaci\u00f3n de 7.4 por ciento que es la mayor en 20 a\u00f1os, afectando a las familias de menores recursos que destinan mayor porcentaje de su gasto en alimentaci\u00f3n y que al adquirir productos agropecuarios experimentan un alza de 16.3 por ciento y 7.9 por ciento en alimentos procesados.&nbsp;<\/p>\n\n\n\n<p>Sin embargo, la clase media no est\u00e1 exenta del estancamiento econ\u00f3mico; para muestra, la venta de autos en el mes de diciembre de 2021 fue 7.8 por ciento menor que la de 2020 y se ubica como peor mes de diciembre en doce a\u00f1os.<\/p>\n\n\n\n<p>La responsabilidad en el manejo de las finanzas p\u00fablicas no se circunscribe al equilibrio de ingresos y gastos, sino que incluye la calidad del gasto. Donde es deseable que la proporci\u00f3n de gasto de inversi\u00f3n vaya en incremento, as\u00ed como los proyectos a los que se destina el gasto sean viables en todos los aspectos y rentables socialmente.&nbsp;<\/p>\n\n\n\n<p>El gobierno actual va en contrasentido, aumenta el endeudamiento; destina menos en inversi\u00f3n y lo hace para proyectos inviables.<\/p>\n\n\n\n<p>fuente: https:\/\/heraldodemexico.com.mx\/opinion\/2022\/1\/7\/endeudando-mexico-367997.html<\/p>\n\n\n\n<p><\/p>\n\n\n\n<p> <\/p>\n","protected":false},"excerpt":{"rendered":"<p>El aumento de la deuda es un tema del que no le gusta hablar al habitante actual del Palacio Nacional, Andr\u00e9s Manuel L\u00f3pez Obrador La administraci\u00f3n del presidente Andr\u00e9s Manuel L\u00f3pez Obrador, se consolida como la de mayor endeudamiento en al menos 30 a\u00f1os, t\u00edtulo que arrebat\u00f3 a la administraci\u00f3n del presidente Enrique&nbsp;Pe\u00f1a Nieto. Entre [&hellip;]<\/p>\n","protected":false},"author":2,"featured_media":100802,"comment_status":"open","ping_status":"open","sticky":false,"template":"","format":"standard","meta":{"footnotes":""},"categories":[1],"tags":[],"class_list":["post-100801","post","type-post","status-publish","format-standard","has-post-thumbnail","hentry","category-economia"],"_links":{"self":[{"href":"https:\/\/elcuartopoder.com.mx\/nw\/wp-json\/wp\/v2\/posts\/100801","targetHints":{"allow":["GET"]}}],"collection":[{"href":"https:\/\/elcuartopoder.com.mx\/nw\/wp-json\/wp\/v2\/posts"}],"about":[{"href":"https:\/\/elcuartopoder.com.mx\/nw\/wp-json\/wp\/v2\/types\/post"}],"author":[{"embeddable":true,"href":"https:\/\/elcuartopoder.com.mx\/nw\/wp-json\/wp\/v2\/users\/2"}],"replies":[{"embeddable":true,"href":"https:\/\/elcuartopoder.com.mx\/nw\/wp-json\/wp\/v2\/comments?post=100801"}],"version-history":[{"count":2,"href":"https:\/\/elcuartopoder.com.mx\/nw\/wp-json\/wp\/v2\/posts\/100801\/revisions"}],"predecessor-version":[{"id":100804,"href":"https:\/\/elcuartopoder.com.mx\/nw\/wp-json\/wp\/v2\/posts\/100801\/revisions\/100804"}],"wp:featuredmedia":[{"embeddable":true,"href":"https:\/\/elcuartopoder.com.mx\/nw\/wp-json\/wp\/v2\/media\/100802"}],"wp:attachment":[{"href":"https:\/\/elcuartopoder.com.mx\/nw\/wp-json\/wp\/v2\/media?parent=100801"}],"wp:term":[{"taxonomy":"category","embeddable":true,"href":"https:\/\/elcuartopoder.com.mx\/nw\/wp-json\/wp\/v2\/categories?post=100801"},{"taxonomy":"post_tag","embeddable":true,"href":"https:\/\/elcuartopoder.com.mx\/nw\/wp-json\/wp\/v2\/tags?post=100801"}],"curies":[{"name":"wp","href":"https:\/\/api.w.org\/{rel}","templated":true}]}}