{"id":101777,"date":"2022-01-27T08:28:10","date_gmt":"2022-01-27T13:28:10","guid":{"rendered":"http:\/\/elcuartopoder.com.mx\/nw\/?p=101777"},"modified":"2022-01-27T08:28:11","modified_gmt":"2022-01-27T13:28:11","slug":"el-auge-de-los-metodos-educativos-online-cuestan-menos-y-ofrecen-mejores-resultados","status":"publish","type":"post","link":"https:\/\/elcuartopoder.com.mx\/nw\/qtp\/el-auge-de-los-metodos-educativos-online-cuestan-menos-y-ofrecen-mejores-resultados\/","title":{"rendered":"El auge de los m\u00e9todos educativos online: cuestan menos y ofrecen mejores resultados"},"content":{"rendered":"\n<p>Los largos meses de pandemia han generado un alto inter\u00e9s por el mundo digital, ya que sus beneficios han permitido a la sociedad estar continuamente conectada a trav\u00e9s de las&nbsp;<strong>herramientas digitales<\/strong>. Todos los sectores se han visto obligados a amoldarse al \u00e1mbito tecnol\u00f3gico, incluido el educativo, uno de los m\u00e1s afectados.<\/p>\n\n\n\n<p>Muchos\u00a0padres\u00a0espa\u00f1oles han apostado por clases particulares o herramientas tecnol\u00f3gicas online que permitan a sus hijos dominar los conocimientos b\u00e1sicos en asignaturas como\u00a0matem\u00e1ticas,\u00a0lectura\u00a0o\u00a0idiomas. De hecho, casi 1 de cada 4 alumnos acude a\u00a0<strong>clases particulares<\/strong>\u00a0seg\u00fan el informe &#8216;Educaci\u00f3n en la sombra en Espa\u00f1a: c\u00f3mo las clases particulares se est\u00e1n convirtiendo en un bien de primera necesidad&#8217;, de EsadeEcPol.<\/p>\n\n\n\n<p>Teniendo en cuenta las prioridades de las familias con hijos en nuestro pa\u00eds y el auge que est\u00e1n experimentando las clases particulares, Smartick, m\u00e9todo espa\u00f1ol de aprendizaje online de matem\u00e1ticas y lectura l\u00edder a nivel mundial, ha querido realizar una comparativa de precio y de ventajas entre las diferentes opciones que existen en el mercado.<\/p>\n\n\n\n<p>Seg\u00fan sus c\u00e1lculos,<strong>&nbsp;los m\u00e9todos educativos online son un 75% m\u00e1s baratos que los profesores particulares y cuestan la mitad que las academias<\/strong>&nbsp;f\u00edsicas.<\/p>\n\n\n\n<p>Con estas metodolog\u00edas digitales, los padres aprecian mejoras en las calificaciones de sus hijos a partir de los 3 meses y, a partir de los 6, el nivel de los alumnos es superior al de su clase. As\u00ed lo demuestran los datos recabados por&nbsp;<strong>Smartick<\/strong>, que tambi\u00e9n asegura que el 94% de los ni\u00f1os mejora en c\u00e1lculo mental y el 83% sube la nota del colegio. De hecho, su \u00faltima encuesta refleja que el 70% de los ni\u00f1os que los usa obtiene una calificaci\u00f3n igual o superior a 8 en su centro educativo.<\/p>\n\n\n\n<p>El objetivo de Smartick es afianzar los conocimientos desde conceptos m\u00e1s sencillos a los m\u00e1s complejos y preparar a medio \u2013 largo plazo a los ni\u00f1os para que dominen las matem\u00e1ticas. En el caso de la comprensi\u00f3n lectora, consiste en que los menores aprendan a leer, leyendo; adem\u00e1s de fomentar su esp\u00edritu cr\u00edtico a trav\u00e9s de la lectura.<\/p>\n\n\n\n<h3 class=\"wp-block-heading\">Inteligencia Artificial<\/h3>\n\n\n\n<p>La<strong>&nbsp;Inteligencia Artificial<\/strong>&nbsp;(IA) es una de las herramientas que utilizan los m\u00e9todos educativos online para mejorar la calidad de su servicio. El nivel de adaptabilidad a las capacidades y al comportamiento del alumno es altamente superior en comparaci\u00f3n con el desarrollo que puede emplear una persona, ya que la IA identifica las necesidades espec\u00edficas de cada ni\u00f1o para dise\u00f1ar un plan de estudios personalizado, ajustando el contenido al nivel y ritmo de cada menor.<\/p>\n\n\n\n<p>Este tipo de m\u00e9todos consigue excelentes resultados, independientemente del punto de partida en el que se encuentre el ni\u00f1o, y lo m\u00e1s importante, no se aplican para pruebas puntuales sino para sentar las bases de forma s\u00f3lida para el futuro.<\/p>\n\n\n\n<p><strong>Fuente:<\/strong> ABC<\/p>\n","protected":false},"excerpt":{"rendered":"<p>Los largos meses de pandemia han generado un alto inter\u00e9s por el mundo digital, ya que sus beneficios han permitido a la sociedad estar continuamente conectada a trav\u00e9s de las&nbsp;herramientas digitales. Todos los sectores se han visto obligados a amoldarse al \u00e1mbito tecnol\u00f3gico, incluido el educativo, uno de los m\u00e1s afectados. Muchos\u00a0padres\u00a0espa\u00f1oles han apostado por [&hellip;]<\/p>\n","protected":false},"author":2,"featured_media":101778,"comment_status":"open","ping_status":"open","sticky":false,"template":"","format":"standard","meta":{"footnotes":""},"categories":[58],"tags":[],"class_list":["post-101777","post","type-post","status-publish","format-standard","has-post-thumbnail","hentry","category-qtp"],"_links":{"self":[{"href":"https:\/\/elcuartopoder.com.mx\/nw\/wp-json\/wp\/v2\/posts\/101777","targetHints":{"allow":["GET"]}}],"collection":[{"href":"https:\/\/elcuartopoder.com.mx\/nw\/wp-json\/wp\/v2\/posts"}],"about":[{"href":"https:\/\/elcuartopoder.com.mx\/nw\/wp-json\/wp\/v2\/types\/post"}],"author":[{"embeddable":true,"href":"https:\/\/elcuartopoder.com.mx\/nw\/wp-json\/wp\/v2\/users\/2"}],"replies":[{"embeddable":true,"href":"https:\/\/elcuartopoder.com.mx\/nw\/wp-json\/wp\/v2\/comments?post=101777"}],"version-history":[{"count":1,"href":"https:\/\/elcuartopoder.com.mx\/nw\/wp-json\/wp\/v2\/posts\/101777\/revisions"}],"predecessor-version":[{"id":101779,"href":"https:\/\/elcuartopoder.com.mx\/nw\/wp-json\/wp\/v2\/posts\/101777\/revisions\/101779"}],"wp:featuredmedia":[{"embeddable":true,"href":"https:\/\/elcuartopoder.com.mx\/nw\/wp-json\/wp\/v2\/media\/101778"}],"wp:attachment":[{"href":"https:\/\/elcuartopoder.com.mx\/nw\/wp-json\/wp\/v2\/media?parent=101777"}],"wp:term":[{"taxonomy":"category","embeddable":true,"href":"https:\/\/elcuartopoder.com.mx\/nw\/wp-json\/wp\/v2\/categories?post=101777"},{"taxonomy":"post_tag","embeddable":true,"href":"https:\/\/elcuartopoder.com.mx\/nw\/wp-json\/wp\/v2\/tags?post=101777"}],"curies":[{"name":"wp","href":"https:\/\/api.w.org\/{rel}","templated":true}]}}