{"id":101798,"date":"2022-01-27T08:52:20","date_gmt":"2022-01-27T13:52:20","guid":{"rendered":"http:\/\/elcuartopoder.com.mx\/nw\/?p=101798"},"modified":"2022-01-27T08:52:22","modified_gmt":"2022-01-27T13:52:22","slug":"interponen-denuncia-contra-magistrada-del-tsj-por-presunto-conflicto-de-intereses","status":"publish","type":"post","link":"https:\/\/elcuartopoder.com.mx\/nw\/estatales\/interponen-denuncia-contra-magistrada-del-tsj-por-presunto-conflicto-de-intereses\/","title":{"rendered":"Interponen denuncia contra magistrada del TSJ por presunto conflicto de intereses"},"content":{"rendered":"\n<p><strong>CANC\u00daN, MX.-<\/strong>&nbsp;La&nbsp;<strong>magistrada Adriana C\u00e1rdenas Aguilar<\/strong>&nbsp;fue denunciada penalmente por desempe\u00f1o irregular de la funci\u00f3n p\u00fablica, al juzgar ella una causa por la v\u00eda penal y luego permitir que su esposo, el&nbsp;<strong>juez Octavio Ascencio Fern\u00e1ndez<\/strong>, tambi\u00e9n revisara este mismo caso, pero por la v\u00eda civil.<\/p>\n\n\n\n<p>Los abogados defensores de este caso tambi\u00e9n interpusieron una queja ante el<strong>&nbsp;Tribunal Superior de Justicia<\/strong>, por violar el C\u00f3digo de \u00c9tica.<\/p>\n\n\n\n<p>El caso deriva de la muerte de una paciente en el hospital Galenia de Canc\u00fan, que data de 2013, por el cual el doctor, Jorge Manuel T. A., fue denunciado de homicidio culposo.<\/p>\n\n\n\n<p>De forma paralela, marchaba el juicio civil interpuesto por el esposo de la difunta, que era revisado por el juez Tercero Civil, Octavio Ascencio Fern\u00e1ndez.<\/p>\n\n\n\n<div class=\"wp-block-image\"><figure class=\"aligncenter\"><img decoding=\"async\" src=\"https:\/\/noticaribe.com.mx\/wp\/wp-content\/uploads\/2022\/01\/Denuncia.jpg\" alt=\"\" class=\"wp-image-531460\"\/><\/figure><\/div>\n\n\n\n<p>El doctor acusado fue hallado inocente por el juez penal; sin embargo, en menos de un mes, la magistrada Adriana C\u00e1rdenas Aguilar revoc\u00f3 esto y lo declar\u00f3 culpable, extralimit\u00e1ndose sus funciones, pues solo le tocaba valorar los agravios.<\/p>\n\n\n\n<p>Lo anterior, mientras su esposo, Octavio Ascencio Fern\u00e1ndez tambi\u00e9n fallaba en contra del galeno y le ordenaba pagar 20 millones de pesos como restituci\u00f3n de da\u00f1os.<\/p>\n\n\n\n<p>Para los abogados defensores, por \u00e9tica y en observancia a la Ley Org\u00e1nica del Poder Judicial, uno de los dos jueces deb\u00eda excusarse del caso. Su negativa a hacerlo y la coincidencia en fallos hace sospechar de un contubernio con los abogados litigantes, Indira Alejandra Chavelas Veraza y Cuauht\u00e9moc Bustamante.<\/p>\n\n\n\n<div class=\"wp-block-image\"><figure class=\"aligncenter\"><img decoding=\"async\" src=\"https:\/\/noticaribe.com.mx\/wp\/wp-content\/uploads\/2022\/01\/Denuncia2-1.jpeg\" alt=\"\" class=\"wp-image-531461\"\/><\/figure><\/div>\n\n\n\n<p>Cabe destacar que la v\u00edctima hab\u00eda sido operada un mes antes en un hospital de la Ciudad de M\u00e9xico, pero al parecer qued\u00f3 con secuelas. Pese a la intervenci\u00f3n realizada en Canc\u00fan, la paciente falleci\u00f3. Testimonios indican que la causa de muerte fue choque s\u00e9ptico, pero sin indicar responsabilidades directas.<\/p>\n\n\n\n<p>La contraparte se apoy\u00f3 en el dictamen de la Comisi\u00f3n Nacional M\u00e9dica, que s\u00ed culp\u00f3 al acusado, sin embargo, el perito que lo redact\u00f3 este documento nunca mostr\u00f3 su credencial profesional ni ratific\u00f3 el dictamen, por lo que carec\u00eda de valor probatorio.<\/p>\n\n\n\n<p>El doctor agraviado ya acudi\u00f3 a la Fiscal\u00eda General del Estado a interponer una denuncia penal por desempe\u00f1o irregular de la funci\u00f3n p\u00fabica y abuso de autoridad, que qued\u00f3 bajo la carpeta de investigaci\u00f3n 1443\/2022.\u00a0<\/p>\n\n\n\n<p><strong>Fuente:&nbsp;<\/strong>Noticaribe<br><\/p>\n","protected":false},"excerpt":{"rendered":"<p>CANC\u00daN, MX.-&nbsp;La&nbsp;magistrada Adriana C\u00e1rdenas Aguilar&nbsp;fue denunciada penalmente por desempe\u00f1o irregular de la funci\u00f3n p\u00fablica, al juzgar ella una causa por la v\u00eda penal y luego permitir que su esposo, el&nbsp;juez Octavio Ascencio Fern\u00e1ndez, tambi\u00e9n revisara este mismo caso, pero por la v\u00eda civil. Los abogados defensores de este caso tambi\u00e9n interpusieron una queja ante el&nbsp;Tribunal [&hellip;]<\/p>\n","protected":false},"author":2,"featured_media":101799,"comment_status":"open","ping_status":"open","sticky":false,"template":"","format":"standard","meta":{"footnotes":""},"categories":[60],"tags":[],"class_list":["post-101798","post","type-post","status-publish","format-standard","has-post-thumbnail","hentry","category-estatales"],"_links":{"self":[{"href":"https:\/\/elcuartopoder.com.mx\/nw\/wp-json\/wp\/v2\/posts\/101798","targetHints":{"allow":["GET"]}}],"collection":[{"href":"https:\/\/elcuartopoder.com.mx\/nw\/wp-json\/wp\/v2\/posts"}],"about":[{"href":"https:\/\/elcuartopoder.com.mx\/nw\/wp-json\/wp\/v2\/types\/post"}],"author":[{"embeddable":true,"href":"https:\/\/elcuartopoder.com.mx\/nw\/wp-json\/wp\/v2\/users\/2"}],"replies":[{"embeddable":true,"href":"https:\/\/elcuartopoder.com.mx\/nw\/wp-json\/wp\/v2\/comments?post=101798"}],"version-history":[{"count":1,"href":"https:\/\/elcuartopoder.com.mx\/nw\/wp-json\/wp\/v2\/posts\/101798\/revisions"}],"predecessor-version":[{"id":101800,"href":"https:\/\/elcuartopoder.com.mx\/nw\/wp-json\/wp\/v2\/posts\/101798\/revisions\/101800"}],"wp:featuredmedia":[{"embeddable":true,"href":"https:\/\/elcuartopoder.com.mx\/nw\/wp-json\/wp\/v2\/media\/101799"}],"wp:attachment":[{"href":"https:\/\/elcuartopoder.com.mx\/nw\/wp-json\/wp\/v2\/media?parent=101798"}],"wp:term":[{"taxonomy":"category","embeddable":true,"href":"https:\/\/elcuartopoder.com.mx\/nw\/wp-json\/wp\/v2\/categories?post=101798"},{"taxonomy":"post_tag","embeddable":true,"href":"https:\/\/elcuartopoder.com.mx\/nw\/wp-json\/wp\/v2\/tags?post=101798"}],"curies":[{"name":"wp","href":"https:\/\/api.w.org\/{rel}","templated":true}]}}