{"id":101801,"date":"2022-01-27T19:22:19","date_gmt":"2022-01-28T00:22:19","guid":{"rendered":"http:\/\/elcuartopoder.com.mx\/nw\/?p=101801"},"modified":"2022-01-27T19:22:20","modified_gmt":"2022-01-28T00:22:20","slug":"cesan-a-oficial-mayor-de-la-cndh-por-agredir-a-victima-de-tortura-fue-exhibido-en-video","status":"publish","type":"post","link":"https:\/\/elcuartopoder.com.mx\/nw\/nacionales\/cesan-a-oficial-mayor-de-la-cndh-por-agredir-a-victima-de-tortura-fue-exhibido-en-video\/","title":{"rendered":"Cesan a oficial mayor de la CNDH por agredir a v\u00edctima de tortura; fue exhibido en video"},"content":{"rendered":"\n<p>La Comisi\u00f3n Nacional de los Derechos Humanos (CNDH) inform\u00f3 que un oficial mayor del organismo fue cesado de su cargo luego de se diera a conocer en redes sociales un v\u00eddeo que lo muestra cuando amenaza con golpear, y llama \u00abmaric\u00f3n\u00bb a una v\u00edctima de tortura.<\/p>\n\n\n\n<p>Asimismo, revel\u00f3 que las amenazas e intimidaci\u00f3n hacia \u00d3scar K\u00e1bata, v\u00edctima agredida el funcionario, habr\u00edan ocurrido el pasado 21 de diciembre de 2021, fecha desde que \u00c1ngel G\u00f3mez Garza, coordinador general de Administraci\u00f3n y Finanzas, fue cesado.<\/p>\n\n\n\n<p>La CNDH extern\u00f3 por medio de un comunicado que su actuaci\u00f3n \u201cen este caso en particular, fue inmediato y contundente, pues actos como los denunciados en dicha ocasi\u00f3n resultan inaceptables\u201d.<\/p>\n\n\n\n<p>En las im\u00e1genes se puede ver a \u00c1ngel G\u00f3mez Garza, funcionario de la CNDH, junto con tres personas m\u00e1s presuntamente agrede a \u00d3skar K\u00e1bata, quien fue v\u00edctima de tortura por parte del Ej\u00e9rcito en 2009 en Chihuahua; amenaza con golpearlo y lo llama \u00abmaric\u00f3n\u00bb.<\/p>\n\n\n\n<p>fuente: https:\/\/www.xeu.mx\/nota.cfm?id=1197989<\/p>\n\n\n\n<p><\/p>\n","protected":false},"excerpt":{"rendered":"<p>La Comisi\u00f3n Nacional de los Derechos Humanos (CNDH) inform\u00f3 que un oficial mayor del organismo fue cesado de su cargo luego de se diera a conocer en redes sociales un v\u00eddeo que lo muestra cuando amenaza con golpear, y llama \u00abmaric\u00f3n\u00bb a una v\u00edctima de tortura. Asimismo, revel\u00f3 que las amenazas e intimidaci\u00f3n hacia \u00d3scar [&hellip;]<\/p>\n","protected":false},"author":2,"featured_media":101802,"comment_status":"open","ping_status":"open","sticky":false,"template":"","format":"standard","meta":{"footnotes":""},"categories":[55],"tags":[],"class_list":["post-101801","post","type-post","status-publish","format-standard","has-post-thumbnail","hentry","category-nacionales"],"_links":{"self":[{"href":"https:\/\/elcuartopoder.com.mx\/nw\/wp-json\/wp\/v2\/posts\/101801","targetHints":{"allow":["GET"]}}],"collection":[{"href":"https:\/\/elcuartopoder.com.mx\/nw\/wp-json\/wp\/v2\/posts"}],"about":[{"href":"https:\/\/elcuartopoder.com.mx\/nw\/wp-json\/wp\/v2\/types\/post"}],"author":[{"embeddable":true,"href":"https:\/\/elcuartopoder.com.mx\/nw\/wp-json\/wp\/v2\/users\/2"}],"replies":[{"embeddable":true,"href":"https:\/\/elcuartopoder.com.mx\/nw\/wp-json\/wp\/v2\/comments?post=101801"}],"version-history":[{"count":1,"href":"https:\/\/elcuartopoder.com.mx\/nw\/wp-json\/wp\/v2\/posts\/101801\/revisions"}],"predecessor-version":[{"id":101803,"href":"https:\/\/elcuartopoder.com.mx\/nw\/wp-json\/wp\/v2\/posts\/101801\/revisions\/101803"}],"wp:featuredmedia":[{"embeddable":true,"href":"https:\/\/elcuartopoder.com.mx\/nw\/wp-json\/wp\/v2\/media\/101802"}],"wp:attachment":[{"href":"https:\/\/elcuartopoder.com.mx\/nw\/wp-json\/wp\/v2\/media?parent=101801"}],"wp:term":[{"taxonomy":"category","embeddable":true,"href":"https:\/\/elcuartopoder.com.mx\/nw\/wp-json\/wp\/v2\/categories?post=101801"},{"taxonomy":"post_tag","embeddable":true,"href":"https:\/\/elcuartopoder.com.mx\/nw\/wp-json\/wp\/v2\/tags?post=101801"}],"curies":[{"name":"wp","href":"https:\/\/api.w.org\/{rel}","templated":true}]}}