{"id":101804,"date":"2022-01-27T19:55:04","date_gmt":"2022-01-28T00:55:04","guid":{"rendered":"http:\/\/elcuartopoder.com.mx\/nw\/?p=101804"},"modified":"2022-01-27T19:55:06","modified_gmt":"2022-01-28T00:55:06","slug":"amlo-calderon-fox-y-epn-pagaron-millones-a-empresa-fantasma-del-cartel-de-sinaloa-desde-2001","status":"publish","type":"post","link":"https:\/\/elcuartopoder.com.mx\/nw\/politica\/amlo-calderon-fox-y-epn-pagaron-millones-a-empresa-fantasma-del-cartel-de-sinaloa-desde-2001\/","title":{"rendered":"AMLO, Calder\u00f3n, Fox y EPN pagaron millones a empresa fantasma del C\u00e1rtel de Sinaloa desde 2001"},"content":{"rendered":"\n<h2 class=\"wp-block-heading\">Se trata de una empresa que opera como guarder\u00eda a trav\u00e9s de la esposa y las hijas de Ismael \u2018el Mayo\u2019 Zambada\u2019.<\/h2>\n\n\n\n<p>Al parecer la periodista Anabel Hern\u00e1ndez ya le encontr\u00f3 \u2018el negrito en el arroz\u2019 a&nbsp;<strong>Andr\u00e9s Manuel L\u00f3pez Obrador, ya que de acuerdo con documentos obtenidos v\u00eda transparencia, este ha pagado contratos millonarios a una empresa vinculadas al C\u00e1rtel de Sinaloa.<\/strong><\/p>\n\n\n\n<p>Se trata de una empresa que opera como guarder\u00eda a trav\u00e9s de la esposa y las hijas de Ismael \u2018el Mayo\u2019 Zambada\u2019, pero el Departamento del Tesoro de Estados Unidos la tiene identificada como una empresa para lavar dinero.<\/p>\n\n\n\n<p><strong>Estancia Infantil Ni\u00f1o Feliz\u00a0<\/strong>fue identificada desde 2007 como empresa fantasma perteneciente al c\u00e1rtel mexicano.<\/p>\n\n\n\n<p> A AMLO se suman Vicente Fox, que a trav\u00e9s del Instituto Mexicano del Seguro Social (IMSS) comenz\u00f3 a pagar la renta del lugar en 2001. <\/p>\n\n\n\n<p>De acuerdo con la documentaci\u00f3n de Anabel Hern\u00e1ndez, entre 2002 y 2003 se pagaron 11 millones 546 mi 617 pesos por tres contratos con la guarder\u00eda.<\/p>\n\n\n\n<p>Felipe Calder\u00f3n \u2018sigui\u00f3 la tradici\u00f3n\u2019, as\u00ed como Enrique Pea Nieto. L\u00f3pez Obrador ha dado 22.4 millones de pesos a esta empresa.<\/p>\n\n\n\n<p>fuente: https:\/\/www.elfinanciero.com.mx\/nacional\/2022\/01\/19\/amlo-calderon-fox-y-enp-pagaron-millones-a-empresa-fantasma-del-cartel-de-sinaloa-desde-2001\/<\/p>\n","protected":false},"excerpt":{"rendered":"<p>Se trata de una empresa que opera como guarder\u00eda a trav\u00e9s de la esposa y las hijas de Ismael \u2018el Mayo\u2019 Zambada\u2019. Al parecer la periodista Anabel Hern\u00e1ndez ya le encontr\u00f3 \u2018el negrito en el arroz\u2019 a&nbsp;Andr\u00e9s Manuel L\u00f3pez Obrador, ya que de acuerdo con documentos obtenidos v\u00eda transparencia, este ha pagado contratos millonarios a [&hellip;]<\/p>\n","protected":false},"author":2,"featured_media":101805,"comment_status":"open","ping_status":"open","sticky":false,"template":"","format":"standard","meta":{"footnotes":""},"categories":[61],"tags":[],"class_list":["post-101804","post","type-post","status-publish","format-standard","has-post-thumbnail","hentry","category-politica"],"_links":{"self":[{"href":"https:\/\/elcuartopoder.com.mx\/nw\/wp-json\/wp\/v2\/posts\/101804","targetHints":{"allow":["GET"]}}],"collection":[{"href":"https:\/\/elcuartopoder.com.mx\/nw\/wp-json\/wp\/v2\/posts"}],"about":[{"href":"https:\/\/elcuartopoder.com.mx\/nw\/wp-json\/wp\/v2\/types\/post"}],"author":[{"embeddable":true,"href":"https:\/\/elcuartopoder.com.mx\/nw\/wp-json\/wp\/v2\/users\/2"}],"replies":[{"embeddable":true,"href":"https:\/\/elcuartopoder.com.mx\/nw\/wp-json\/wp\/v2\/comments?post=101804"}],"version-history":[{"count":1,"href":"https:\/\/elcuartopoder.com.mx\/nw\/wp-json\/wp\/v2\/posts\/101804\/revisions"}],"predecessor-version":[{"id":101806,"href":"https:\/\/elcuartopoder.com.mx\/nw\/wp-json\/wp\/v2\/posts\/101804\/revisions\/101806"}],"wp:featuredmedia":[{"embeddable":true,"href":"https:\/\/elcuartopoder.com.mx\/nw\/wp-json\/wp\/v2\/media\/101805"}],"wp:attachment":[{"href":"https:\/\/elcuartopoder.com.mx\/nw\/wp-json\/wp\/v2\/media?parent=101804"}],"wp:term":[{"taxonomy":"category","embeddable":true,"href":"https:\/\/elcuartopoder.com.mx\/nw\/wp-json\/wp\/v2\/categories?post=101804"},{"taxonomy":"post_tag","embeddable":true,"href":"https:\/\/elcuartopoder.com.mx\/nw\/wp-json\/wp\/v2\/tags?post=101804"}],"curies":[{"name":"wp","href":"https:\/\/api.w.org\/{rel}","templated":true}]}}