{"id":101828,"date":"2022-01-27T21:44:05","date_gmt":"2022-01-28T02:44:05","guid":{"rendered":"http:\/\/elcuartopoder.com.mx\/nw\/?p=101828"},"modified":"2022-01-27T21:44:06","modified_gmt":"2022-01-28T02:44:06","slug":"felipe-nieto-toma-las-riendas-de-la-cdheqroo-de-manera-interina","status":"publish","type":"post","link":"https:\/\/elcuartopoder.com.mx\/nw\/politica\/felipe-nieto-toma-las-riendas-de-la-cdheqroo-de-manera-interina\/","title":{"rendered":"Felipe Nieto toma las riendas de la CDHEQROO de manera interina"},"content":{"rendered":"\n<h2 class=\"wp-block-heading\">Lleg\u00f3 al cargo en sustituci\u00f3n de Marco Antonio T\u00f3h Eu\u00e1n.<\/h2>\n\n\n\n<p>El d\u00eda jueves 27 de enero qued\u00f3 finalizado el per\u00edodo de Marco Antonio T\u00f3h Eu\u00e1n al frente de la Comisi\u00f3n de los Derechos Humanos del Estado de Quintana Roo, y en su lugar, de manera interina, qued\u00f3\u00a0 Felipe Nieto Bastida, quien hoy por la ma\u00f1ana asumi\u00f3 las riendas de la presidencia de dicha instituci\u00f3n.<\/p>\n\n\n\n<p>Nieto Bastida asumi\u00f3 el cargo en cumplimiento&nbsp; a lo establecido por la Ley de esta comisi\u00f3n en su art\u00edculo 21, en tanto el Poder Legislativo del Estado designa al nuevo titular.<\/p>\n\n\n\n<p>Vale resaltar que la Comisi\u00f3n de los Derechos Humanos inform\u00f3 al p\u00fablico que todos los servicios de este organismo se siguen brindando con independencia de este proceso, tales como la atenci\u00f3n a quejas, asesor\u00edas, capacitaci\u00f3n, maestr\u00eda y realizando las actividades correspondientes observando las disposiciones de las autoridades sanitarias.&nbsp;<\/p>\n\n\n\n<p>En virtud de los n\u00fameros de contagios por Covid-19 en el estado, se invit\u00f3 a la poblaci\u00f3n que requiera alguna asesor\u00eda jur\u00eddica a priorizar los contactos alternos como la l\u00ednea de asistencia telef\u00f3nica 075, as\u00ed como los n\u00fameros telef\u00f3nicos en todos los municipios del estado y las redes sociales oficiales.<\/p>\n\n\n\n<p><\/p>\n","protected":false},"excerpt":{"rendered":"<p>Lleg\u00f3 al cargo en sustituci\u00f3n de Marco Antonio T\u00f3h Eu\u00e1n. El d\u00eda jueves 27 de enero qued\u00f3 finalizado el per\u00edodo de Marco Antonio T\u00f3h Eu\u00e1n al frente de la Comisi\u00f3n de los Derechos Humanos del Estado de Quintana Roo, y en su lugar, de manera interina, qued\u00f3\u00a0 Felipe Nieto Bastida, quien hoy por la ma\u00f1ana [&hellip;]<\/p>\n","protected":false},"author":2,"featured_media":101829,"comment_status":"open","ping_status":"open","sticky":false,"template":"","format":"standard","meta":{"footnotes":""},"categories":[61],"tags":[],"class_list":["post-101828","post","type-post","status-publish","format-standard","has-post-thumbnail","hentry","category-politica"],"_links":{"self":[{"href":"https:\/\/elcuartopoder.com.mx\/nw\/wp-json\/wp\/v2\/posts\/101828","targetHints":{"allow":["GET"]}}],"collection":[{"href":"https:\/\/elcuartopoder.com.mx\/nw\/wp-json\/wp\/v2\/posts"}],"about":[{"href":"https:\/\/elcuartopoder.com.mx\/nw\/wp-json\/wp\/v2\/types\/post"}],"author":[{"embeddable":true,"href":"https:\/\/elcuartopoder.com.mx\/nw\/wp-json\/wp\/v2\/users\/2"}],"replies":[{"embeddable":true,"href":"https:\/\/elcuartopoder.com.mx\/nw\/wp-json\/wp\/v2\/comments?post=101828"}],"version-history":[{"count":1,"href":"https:\/\/elcuartopoder.com.mx\/nw\/wp-json\/wp\/v2\/posts\/101828\/revisions"}],"predecessor-version":[{"id":101830,"href":"https:\/\/elcuartopoder.com.mx\/nw\/wp-json\/wp\/v2\/posts\/101828\/revisions\/101830"}],"wp:featuredmedia":[{"embeddable":true,"href":"https:\/\/elcuartopoder.com.mx\/nw\/wp-json\/wp\/v2\/media\/101829"}],"wp:attachment":[{"href":"https:\/\/elcuartopoder.com.mx\/nw\/wp-json\/wp\/v2\/media?parent=101828"}],"wp:term":[{"taxonomy":"category","embeddable":true,"href":"https:\/\/elcuartopoder.com.mx\/nw\/wp-json\/wp\/v2\/categories?post=101828"},{"taxonomy":"post_tag","embeddable":true,"href":"https:\/\/elcuartopoder.com.mx\/nw\/wp-json\/wp\/v2\/tags?post=101828"}],"curies":[{"name":"wp","href":"https:\/\/api.w.org\/{rel}","templated":true}]}}